{"id":33862,"date":"2020-12-23T22:58:04","date_gmt":"2020-12-24T01:58:04","guid":{"rendered":"http:\/\/vocesparalelas.com.ar\/sitio\/?p=33862"},"modified":"2020-12-23T22:58:04","modified_gmt":"2020-12-24T01:58:04","slug":"la-diplomatura-en-educacion-ambiental-se-implementa-durante-los-ciclos-lectivos-2021-y-2022","status":"publish","type":"post","link":"https:\/\/vocesparalelas.com.ar\/sitio\/la-diplomatura-en-educacion-ambiental-se-implementa-durante-los-ciclos-lectivos-2021-y-2022\/","title":{"rendered":"La \u201cDiplomatura en Educaci\u00f3n Ambiental\u00bb se implementa durante los Ciclos Lectivos 2021 y 2022"},"content":{"rendered":"<p>Finalizado el acto de la firma de convenio hacia la \u201cDiplomatura en Educaci\u00f3n Ambiental para los Niveles Inicial, Primario, Secundario y Superior\u201d, Voces Paralelas entrevist\u00f3 a la Rectora de la Escuela Normal Superior Sarmiento, Lic. Dora Pastor y a la Rectora del Instituto de Formaci\u00f3n Docente \u00abProf. Margarita Ferr\u00e1 de Bartol\u00bb, Lic. Mabel Belascoain, quienes expresaron el trabajo que se viene realizando para llegar la concreci\u00f3n del convenio y la implementaci\u00f3n durante los Ciclos Lectivo 2021 y 2022.<\/p>\n<p>&nbsp;<\/p>\n<p><iframe loading=\"lazy\" title=\"AMBIENTE ENSS\" width=\"800\" height=\"450\" src=\"https:\/\/www.youtube.com\/embed\/U4Fa0MWUcEc?feature=oembed\" frameborder=\"0\" allow=\"accelerometer; autoplay; clipboard-write; encrypted-media; gyroscope; picture-in-picture\" allowfullscreen><\/iframe><\/p>\n<p>&nbsp;<\/p>\n<p><strong><span style=\"color: #008000;\">Alcances del convenio y modalidad de la diplomatura<\/span><\/strong><\/p>\n<p>El Ministerio de Educaci\u00f3n y la Secretar\u00eda de Estado de Ambiente y Desarrollo Sustentables del Gobierno de San Juan acuerdan trabajar en forma conjunta en el desarrollo de una propuesta de formaci\u00f3n docente denominada \u201cDiplomatura en Educaci\u00f3n Ambiental para los Niveles Inicial, Primario, Secundario y Superior\u201d, destinada a la formaci\u00f3n y actualizaci\u00f3n docente con la intervenci\u00f3n de la Direcci\u00f3n de Educaci\u00f3n Superior y la Unidad de Coordinaci\u00f3n Interministerial del Ministerio de Educaci\u00f3n.<\/p>\n<p>Acordaron que es necesario implementar esta acci\u00f3n interministerial de desarrollo profesional a trav\u00e9s de espacios de formaci\u00f3n y actualizaci\u00f3n docente que profundicen la adquisici\u00f3n de los nuevos enfoques y estimulen la producci\u00f3n de saberes y capacidades en relaci\u00f3n a la educaci\u00f3n ambiental, generando el desarrollo de acciones pedag\u00f3gicas con incidencia sociocomunitaria que promueva la apropiaci\u00f3n de los principios democr\u00e1ticos de participaci\u00f3n en la toma de decisiones y representatividad, asumiendo liderazgo y compromisos aportando a la construcci\u00f3n social de ciudadan\u00eda.<\/p>\n<p>La propuesta tiene como destinatarios a los profesionales Docentes que hayan trabajado como Docentes Gu\u00eda de los Clubes Ambientales Escolares &#8211; CAE &#8211; de los Niveles Inicial, Primario y Secundario, tanto de gesti\u00f3n P\u00fablica como Privada, que a trav\u00e9s de \u00e9stos desarrollaron pr\u00e1cticas y experiencias en las instituciones educativas de la provincia de San Juan, con extensi\u00f3n a los docentes del Nivel Superior pertenecientes a los Institutos Superiores de Formaci\u00f3n Docente &#8211; ISFD &#8211; de la Provincia de San Juan.<\/p>\n<p>La implementaci\u00f3n de la presente diplomatura se llevar\u00e1 a cabo en tres tramos formativos secuenciados y de complejidad creciente, siendo el primer tramo implementado en su totalidad en modalidad virtual, previ\u00e9ndose la implementaci\u00f3n del segundo y tercer tramo en la bimodalidad, integrando el trabajo en la plataforma virtual y actividades desarrolladas en la presencialidad.<\/p>\n<p>Se prev\u00e9 su implementaci\u00f3n durante los Ciclos Lectivos 2021 y 2022.<\/p>\n<p>&nbsp;<\/p>\n<p>&nbsp;<\/p>\n<p>&nbsp;<\/p>\n","protected":false},"excerpt":{"rendered":"<p>Finalizado el acto de la firma de convenio hacia la \u201cDiplomatura en Educaci\u00f3n Ambiental para los Niveles Inicial, Primario, Secundario<\/p>\n","protected":false},"author":3,"featured_media":33864,"comment_status":"closed","ping_status":"closed","sticky":false,"template":"","format":"video","meta":{"_acf_changed":false,"_seopress_robots_primary_cat":"none","_seopress_titles_title":"","_seopress_titles_desc":"","_seopress_robots_index":"","colormag_page_container_layout":"default_layout","colormag_page_sidebar_layout":"default_layout","footnotes":""},"categories":[1,7],"tags":[],"class_list":["post-33862","post","type-post","status-publish","format-video","has-post-thumbnail","hentry","category-destacadas","category-videos","post_format-post-format-video"],"acf":[],"_links":{"self":[{"href":"https:\/\/vocesparalelas.com.ar\/sitio\/wp-json\/wp\/v2\/posts\/33862","targetHints":{"allow":["GET"]}}],"collection":[{"href":"https:\/\/vocesparalelas.com.ar\/sitio\/wp-json\/wp\/v2\/posts"}],"about":[{"href":"https:\/\/vocesparalelas.com.ar\/sitio\/wp-json\/wp\/v2\/types\/post"}],"author":[{"embeddable":true,"href":"https:\/\/vocesparalelas.com.ar\/sitio\/wp-json\/wp\/v2\/users\/3"}],"replies":[{"embeddable":true,"href":"https:\/\/vocesparalelas.com.ar\/sitio\/wp-json\/wp\/v2\/comments?post=33862"}],"version-history":[{"count":1,"href":"https:\/\/vocesparalelas.com.ar\/sitio\/wp-json\/wp\/v2\/posts\/33862\/revisions"}],"predecessor-version":[{"id":33865,"href":"https:\/\/vocesparalelas.com.ar\/sitio\/wp-json\/wp\/v2\/posts\/33862\/revisions\/33865"}],"wp:featuredmedia":[{"embeddable":true,"href":"https:\/\/vocesparalelas.com.ar\/sitio\/wp-json\/wp\/v2\/media\/33864"}],"wp:attachment":[{"href":"https:\/\/vocesparalelas.com.ar\/sitio\/wp-json\/wp\/v2\/media?parent=33862"}],"wp:term":[{"taxonomy":"category","embeddable":true,"href":"https:\/\/vocesparalelas.com.ar\/sitio\/wp-json\/wp\/v2\/categories?post=33862"},{"taxonomy":"post_tag","embeddable":true,"href":"https:\/\/vocesparalelas.com.ar\/sitio\/wp-json\/wp\/v2\/tags?post=33862"}],"curies":[{"name":"wp","href":"https:\/\/api.w.org\/{rel}","templated":true}]}}