{"id":33855,"date":"2020-12-23T22:22:48","date_gmt":"2020-12-24T01:22:48","guid":{"rendered":"http:\/\/vocesparalelas.com.ar\/sitio\/?p=33855"},"modified":"2020-12-23T22:34:33","modified_gmt":"2020-12-24T01:34:33","slug":"firmaron-el-convenio-para-la-implementacion-de-la-diplomatura-en-educacion-ambiental-para-los-niveles-inicial-primario-secundario-y-superior-en-san-juan","status":"publish","type":"post","link":"https:\/\/vocesparalelas.com.ar\/sitio\/firmaron-el-convenio-para-la-implementacion-de-la-diplomatura-en-educacion-ambiental-para-los-niveles-inicial-primario-secundario-y-superior-en-san-juan\/","title":{"rendered":"Firmaron el convenio para la implementaci\u00f3n de la \u00abDiplomatura en Educaci\u00f3n Ambiental para los Niveles Inicial, Primario, Secundario y Superior\u00bb en San Juan"},"content":{"rendered":"<p>El Ministro de Educaci\u00f3n, Lic. Felipe De Los R\u00edos y el secretario de Estado de Ambiente y Desarrollo Sustentable, Lic. Ra\u00fal Tello, firmaron el convenio para la implementaci\u00f3n de la \u00abDiplomatura en Educaci\u00f3n Ambiental para los Niveles Inicial, Primario, Secundario y Superior\u00bb, destinada a la formaci\u00f3n y actualizaci\u00f3n docente con la intervenci\u00f3n de la Direcci\u00f3n de Educaci\u00f3n Superior y la Unidad de Coordinaci\u00f3n Interministerial del Ministerio de Educaci\u00f3n. Participaron del acto funcionarios de gabinete de ambas instituciones.<\/p>\n<p>Despu\u00e9s de la firma del convenio, el secretario de Estado de Ambiente y Desarrollo Sustentable, Lic. Ra\u00fal Tello manifest\u00f3 que \u00abestamos trabajando de forma articulada con Educaci\u00f3n. Se est\u00e1 desarrollando un hito con estas acciones tras el esfuerzo y trabajo que realizan las diversas \u00e1reas. Ustedes saben la gran importancia que tiene el ambiente como principal herramienta para una buena calidad de vida de la gente y todos los problemas que trae la afectaci\u00f3n ambiental. Pero hay cuestiones que tienen que ver con algo m\u00e1s que con una mentalidad ambiental sino con algo muy importante como es la persona que se involucra, que aprende a vivir en democracia y en sociedad, y tienen muchos contenidos que se incorporan en el tema de los Clubes Ambientales y escolares, que tuvieron como antecedentes las cooperativas escolares y los alumnos gu\u00edas\u201d.<\/p>\n<p><iframe loading=\"lazy\" title=\"AMBIENTE\" width=\"800\" height=\"450\" src=\"https:\/\/www.youtube.com\/embed\/zDuR9UtzxGo?feature=oembed\" frameborder=\"0\" allow=\"accelerometer; autoplay; clipboard-write; encrypted-media; gyroscope; picture-in-picture\" allowfullscreen><\/iframe><\/p>\n<p>&nbsp;<\/p>\n<p>Luego, el Ministro de Educaci\u00f3n, Lic. Felipe De Los R\u00edos subray\u00f3 que \u00abes dif\u00edcil hablar en este a\u00f1o tan complejo para la humanidad de oportunidades, pero es cierto lo que un fil\u00f3sofo dec\u00eda, que de las crisis no solo podemos dar cuenta de los dolores, sino tambi\u00e9n de las oportunidades y ense\u00f1anzas que nos dejan\u00bb.<\/p>\n<p><iframe loading=\"lazy\" title=\"AMBIENTE\" width=\"800\" height=\"450\" src=\"https:\/\/www.youtube.com\/embed\/FFZ0VVp5HD0?feature=oembed\" frameborder=\"0\" allow=\"accelerometer; autoplay; clipboard-write; encrypted-media; gyroscope; picture-in-picture\" allowfullscreen><\/iframe><\/p>\n<p><span style=\"color: #339966;\"><strong>Alcances del convenio y modalidad de la diplomatura<\/strong><\/span><\/p>\n<p>El Ministerio de Educaci\u00f3n y la Secretar\u00eda de Estado de Ambiente y Desarrollo Sustentable acuerdan trabajar en forma conjunta en el desarrollo de una propuesta de formaci\u00f3n docente denominada \u201cDiplomatura en Educaci\u00f3n Ambiental para los Niveles Inicial, Primario, Secundario y Superior\u201d, destinada a la formaci\u00f3n y actualizaci\u00f3n docente con la intervenci\u00f3n de la Direcci\u00f3n de Educaci\u00f3n Superior y la Unidad de Coordinaci\u00f3n Interministerial del Ministerio de Educaci\u00f3n.<\/p>\n<p>Acordaron que es necesario implementar esta acci\u00f3n interministerial de desarrollo profesional a trav\u00e9s de espacios de formaci\u00f3n y actualizaci\u00f3n docente que profundicen la adquisici\u00f3n de los nuevos enfoques y estimulen la producci\u00f3n de saberes y capacidades en relaci\u00f3n a la educaci\u00f3n ambiental, generando el desarrollo de acciones pedag\u00f3gicas con incidencia sociocomunitaria que promueva la apropiaci\u00f3n de los principios democr\u00e1ticos de participaci\u00f3n en la toma de decisiones y representatividad, asumiendo liderazgo y compromisos aportando a la construcci\u00f3n social de ciudadan\u00eda.<\/p>\n<p>La propuesta tiene como destinatarios a los profesionales Docentes que hayan trabajado como Docentes Gu\u00eda de los Clubes Ambientales Escolares (CAE) de los Niveles Inicial, Primario y Secundario, tanto de gesti\u00f3n P\u00fablica como Privada, que a trav\u00e9s de \u00e9stos desarrollaron pr\u00e1cticas y experiencias en las instituciones educativas de la provincia de San Juan, con extensi\u00f3n a los docentes del Nivel Superior pertenecientes a los Institutos Superiores de Formaci\u00f3n Docente (ISFD) de la Provincia de San Juan.<\/p>\n<p>La implementaci\u00f3n de la presente diplomatura se llevar\u00e1 a cabo en tres tramos formativos secuenciados y de complejidad creciente, siendo el primer tramo implementado en su totalidad en modalidad virtual, previ\u00e9ndose la implementaci\u00f3n del segundo y tercer tramo en la bimodalidad, integrando el trabajo en la plataforma virtual y actividades desarrolladas en la presencialidad.<\/p>\n<p>Se prev\u00e9 su implementaci\u00f3n durante los ciclos acad\u00e9micos 2021 y 2022.<\/p>\n<p><img loading=\"lazy\" decoding=\"async\" class=\"alignnone wp-image-33857 size-full\" src=\"https:\/\/vocesparalelas.com.ar\/sitio\/wp-content\/uploads\/2020\/12\/EDUCACION-AMBIENTE-01.jpg\" alt=\"\" width=\"800\" height=\"533\" srcset=\"https:\/\/vocesparalelas.com.ar\/sitio\/wp-content\/uploads\/2020\/12\/EDUCACION-AMBIENTE-01.jpg 800w, https:\/\/vocesparalelas.com.ar\/sitio\/wp-content\/uploads\/2020\/12\/EDUCACION-AMBIENTE-01-300x200.jpg 300w, https:\/\/vocesparalelas.com.ar\/sitio\/wp-content\/uploads\/2020\/12\/EDUCACION-AMBIENTE-01-768x512.jpg 768w\" sizes=\"auto, (max-width: 800px) 100vw, 800px\" \/><\/p>\n<p>&nbsp;<\/p>\n<p>&nbsp;<\/p>\n","protected":false},"excerpt":{"rendered":"<p>El Ministro de Educaci\u00f3n, Lic. Felipe De Los R\u00edos y el secretario de Estado de Ambiente y Desarrollo Sustentable, Lic.<\/p>\n","protected":false},"author":3,"featured_media":33858,"comment_status":"closed","ping_status":"closed","sticky":false,"template":"","format":"video","meta":{"_acf_changed":false,"_seopress_robots_primary_cat":"none","_seopress_titles_title":"","_seopress_titles_desc":"","_seopress_robots_index":"","colormag_page_container_layout":"default_layout","colormag_page_sidebar_layout":"default_layout","footnotes":""},"categories":[1,7],"tags":[],"class_list":["post-33855","post","type-post","status-publish","format-video","has-post-thumbnail","hentry","category-destacadas","category-videos","post_format-post-format-video"],"acf":[],"_links":{"self":[{"href":"https:\/\/vocesparalelas.com.ar\/sitio\/wp-json\/wp\/v2\/posts\/33855","targetHints":{"allow":["GET"]}}],"collection":[{"href":"https:\/\/vocesparalelas.com.ar\/sitio\/wp-json\/wp\/v2\/posts"}],"about":[{"href":"https:\/\/vocesparalelas.com.ar\/sitio\/wp-json\/wp\/v2\/types\/post"}],"author":[{"embeddable":true,"href":"https:\/\/vocesparalelas.com.ar\/sitio\/wp-json\/wp\/v2\/users\/3"}],"replies":[{"embeddable":true,"href":"https:\/\/vocesparalelas.com.ar\/sitio\/wp-json\/wp\/v2\/comments?post=33855"}],"version-history":[{"count":1,"href":"https:\/\/vocesparalelas.com.ar\/sitio\/wp-json\/wp\/v2\/posts\/33855\/revisions"}],"predecessor-version":[{"id":33859,"href":"https:\/\/vocesparalelas.com.ar\/sitio\/wp-json\/wp\/v2\/posts\/33855\/revisions\/33859"}],"wp:featuredmedia":[{"embeddable":true,"href":"https:\/\/vocesparalelas.com.ar\/sitio\/wp-json\/wp\/v2\/media\/33858"}],"wp:attachment":[{"href":"https:\/\/vocesparalelas.com.ar\/sitio\/wp-json\/wp\/v2\/media?parent=33855"}],"wp:term":[{"taxonomy":"category","embeddable":true,"href":"https:\/\/vocesparalelas.com.ar\/sitio\/wp-json\/wp\/v2\/categories?post=33855"},{"taxonomy":"post_tag","embeddable":true,"href":"https:\/\/vocesparalelas.com.ar\/sitio\/wp-json\/wp\/v2\/tags?post=33855"}],"curies":[{"name":"wp","href":"https:\/\/api.w.org\/{rel}","templated":true}]}}