{"id":33838,"date":"2020-12-22T23:55:39","date_gmt":"2020-12-23T02:55:39","guid":{"rendered":"http:\/\/vocesparalelas.com.ar\/sitio\/?p=33838"},"modified":"2020-12-23T00:06:43","modified_gmt":"2020-12-23T03:06:43","slug":"la-agrupacion-vamos-unsj-propuso-por-unanimidad-al-dr-tadeo-berenguer-como-candidato-a-rector","status":"publish","type":"post","link":"https:\/\/vocesparalelas.com.ar\/sitio\/la-agrupacion-vamos-unsj-propuso-por-unanimidad-al-dr-tadeo-berenguer-como-candidato-a-rector\/","title":{"rendered":"La agrupaci\u00f3n \u00abVamos UNSJ\u00bb propuso por unanimidad al Dr. Tadeo Berenguer  como candidato a Rector"},"content":{"rendered":"<p>En el Pasaje 16 de Agosto de la Facultad de Ingenier\u00eda de la Universidad Nacional de San Juan se reuni\u00f3 los integrantes de la Agrupaci\u00f3n \u00abVamos UNSJ\u00bb porque propuso por unanimidad al<\/p>\n<p>Es importante recordar que frente a la delicada situaci\u00f3n de la desaparici\u00f3n f\u00edsica de la Esp. Lic. M\u00f3nica Coca, que la llevan en el coraz\u00f3n como promotora de la Agrupaci\u00f3n \u00abVamos UNSJ\u00bb y que fue candidata a Rectora y el Dr. Tadeo Berenguer como candidato a Vicerrector para las Elecciones de la Universidad Nacional de San Juan, que qued\u00f3 suspendida por el Consejo Superior de la UNSJ por la Pandemia\u00a0del COVID \u00a0&#8211; 19, durante el 2020 y que aun persiste.<\/p>\n<p>Por ello el Dr. Tadeo Berenguer convoc\u00f3 a una conferencia de prensa para poner en conocimiento a la Comunidad Universitaria y en general los pasos a seguir frente a esta gran p\u00e9rdida y que se comienza a trabajar para continuar el legado dejado por la recordada M\u00f3nica Coca, que estar\u00e1 presente en cada paso para construir una Universidad P\u00fablica, Inclusiva y Laica.<\/p>\n<p>La Agrupaci\u00f3n \u00abVamos UNSJ\u00bb tiene un gran compromiso de continuar las visiones de la Universidad que se viene.<\/p>\n<p><iframe loading=\"lazy\" title=\"UNSJ\" width=\"800\" height=\"450\" src=\"https:\/\/www.youtube.com\/embed\/CuxIk0ZHebk?feature=oembed\" frameborder=\"0\" allow=\"accelerometer; autoplay; clipboard-write; encrypted-media; gyroscope; picture-in-picture\" allowfullscreen><\/iframe><\/p>\n<p>&nbsp;<\/p>\n<p><img loading=\"lazy\" decoding=\"async\" class=\"alignnone wp-image-33843 size-full\" src=\"https:\/\/vocesparalelas.com.ar\/sitio\/wp-content\/uploads\/2020\/12\/VAMOS-UNSJ-03.jpg\" alt=\"\" width=\"800\" height=\"533\" srcset=\"https:\/\/vocesparalelas.com.ar\/sitio\/wp-content\/uploads\/2020\/12\/VAMOS-UNSJ-03.jpg 800w, https:\/\/vocesparalelas.com.ar\/sitio\/wp-content\/uploads\/2020\/12\/VAMOS-UNSJ-03-300x200.jpg 300w, https:\/\/vocesparalelas.com.ar\/sitio\/wp-content\/uploads\/2020\/12\/VAMOS-UNSJ-03-768x512.jpg 768w\" sizes=\"auto, (max-width: 800px) 100vw, 800px\" \/><\/p>\n<p><img loading=\"lazy\" decoding=\"async\" class=\"alignnone wp-image-33845 size-full\" src=\"https:\/\/vocesparalelas.com.ar\/sitio\/wp-content\/uploads\/2020\/12\/VAMOS-UNSJ-09.jpg\" alt=\"\" width=\"800\" height=\"533\" srcset=\"https:\/\/vocesparalelas.com.ar\/sitio\/wp-content\/uploads\/2020\/12\/VAMOS-UNSJ-09.jpg 800w, https:\/\/vocesparalelas.com.ar\/sitio\/wp-content\/uploads\/2020\/12\/VAMOS-UNSJ-09-300x200.jpg 300w, https:\/\/vocesparalelas.com.ar\/sitio\/wp-content\/uploads\/2020\/12\/VAMOS-UNSJ-09-768x512.jpg 768w\" sizes=\"auto, (max-width: 800px) 100vw, 800px\" \/><\/p>\n<p><img loading=\"lazy\" decoding=\"async\" class=\"alignnone wp-image-33844 size-full\" src=\"https:\/\/vocesparalelas.com.ar\/sitio\/wp-content\/uploads\/2020\/12\/VAMOS-UNSJ-08.jpg\" alt=\"\" width=\"800\" height=\"533\" srcset=\"https:\/\/vocesparalelas.com.ar\/sitio\/wp-content\/uploads\/2020\/12\/VAMOS-UNSJ-08.jpg 800w, https:\/\/vocesparalelas.com.ar\/sitio\/wp-content\/uploads\/2020\/12\/VAMOS-UNSJ-08-300x200.jpg 300w, https:\/\/vocesparalelas.com.ar\/sitio\/wp-content\/uploads\/2020\/12\/VAMOS-UNSJ-08-768x512.jpg 768w\" sizes=\"auto, (max-width: 800px) 100vw, 800px\" \/><\/p>\n<p><img loading=\"lazy\" decoding=\"async\" class=\"alignnone wp-image-33841 size-full\" src=\"https:\/\/vocesparalelas.com.ar\/sitio\/wp-content\/uploads\/2020\/12\/VAMOS-UNSJ-01.jpg\" alt=\"\" width=\"800\" height=\"533\" srcset=\"https:\/\/vocesparalelas.com.ar\/sitio\/wp-content\/uploads\/2020\/12\/VAMOS-UNSJ-01.jpg 800w, https:\/\/vocesparalelas.com.ar\/sitio\/wp-content\/uploads\/2020\/12\/VAMOS-UNSJ-01-300x200.jpg 300w, https:\/\/vocesparalelas.com.ar\/sitio\/wp-content\/uploads\/2020\/12\/VAMOS-UNSJ-01-768x512.jpg 768w\" sizes=\"auto, (max-width: 800px) 100vw, 800px\" \/><\/p>\n<p>&nbsp;<\/p>\n<p>&nbsp;<\/p>\n","protected":false},"excerpt":{"rendered":"<p>En el Pasaje 16 de Agosto de la Facultad de Ingenier\u00eda de la Universidad Nacional de San Juan se reuni\u00f3<\/p>\n","protected":false},"author":3,"featured_media":33842,"comment_status":"closed","ping_status":"closed","sticky":false,"template":"","format":"video","meta":{"_acf_changed":false,"_seopress_robots_primary_cat":"none","_seopress_titles_title":"","_seopress_titles_desc":"","_seopress_robots_index":"","colormag_page_container_layout":"default_layout","colormag_page_sidebar_layout":"default_layout","footnotes":""},"categories":[1,7],"tags":[],"class_list":["post-33838","post","type-post","status-publish","format-video","has-post-thumbnail","hentry","category-destacadas","category-videos","post_format-post-format-video"],"acf":[],"_links":{"self":[{"href":"https:\/\/vocesparalelas.com.ar\/sitio\/wp-json\/wp\/v2\/posts\/33838","targetHints":{"allow":["GET"]}}],"collection":[{"href":"https:\/\/vocesparalelas.com.ar\/sitio\/wp-json\/wp\/v2\/posts"}],"about":[{"href":"https:\/\/vocesparalelas.com.ar\/sitio\/wp-json\/wp\/v2\/types\/post"}],"author":[{"embeddable":true,"href":"https:\/\/vocesparalelas.com.ar\/sitio\/wp-json\/wp\/v2\/users\/3"}],"replies":[{"embeddable":true,"href":"https:\/\/vocesparalelas.com.ar\/sitio\/wp-json\/wp\/v2\/comments?post=33838"}],"version-history":[{"count":3,"href":"https:\/\/vocesparalelas.com.ar\/sitio\/wp-json\/wp\/v2\/posts\/33838\/revisions"}],"predecessor-version":[{"id":33849,"href":"https:\/\/vocesparalelas.com.ar\/sitio\/wp-json\/wp\/v2\/posts\/33838\/revisions\/33849"}],"wp:featuredmedia":[{"embeddable":true,"href":"https:\/\/vocesparalelas.com.ar\/sitio\/wp-json\/wp\/v2\/media\/33842"}],"wp:attachment":[{"href":"https:\/\/vocesparalelas.com.ar\/sitio\/wp-json\/wp\/v2\/media?parent=33838"}],"wp:term":[{"taxonomy":"category","embeddable":true,"href":"https:\/\/vocesparalelas.com.ar\/sitio\/wp-json\/wp\/v2\/categories?post=33838"},{"taxonomy":"post_tag","embeddable":true,"href":"https:\/\/vocesparalelas.com.ar\/sitio\/wp-json\/wp\/v2\/tags?post=33838"}],"curies":[{"name":"wp","href":"https:\/\/api.w.org\/{rel}","templated":true}]}}