{"id":33815,"date":"2020-12-22T22:06:09","date_gmt":"2020-12-23T01:06:09","guid":{"rendered":"http:\/\/vocesparalelas.com.ar\/sitio\/?p=33815"},"modified":"2020-12-22T22:10:58","modified_gmt":"2020-12-23T01:10:58","slug":"entregaron-los-premios-de-la-xii-edicion-calidad-san-juan","status":"publish","type":"post","link":"https:\/\/vocesparalelas.com.ar\/sitio\/entregaron-los-premios-de-la-xii-edicion-calidad-san-juan\/","title":{"rendered":"Entregaron los Premios de la XII Edici\u00f3n \u00abCalidad San Juan\u00bb"},"content":{"rendered":"<p>Durante la ma\u00f1ana del Mi\u00e9rcoles, 22 de Diciembre, se llev\u00f3 a cabo la 12\u00aa entrega consecutiva del Premio Provincial a la Calidad de San Juan. En esta edici\u00f3n, con un importante valor agregado, hubo r\u00e9cord de participaci\u00f3n.<\/p>\n<p>El acto fue presidido por el vicegobernador de San Juan en ejercicio del Ejecutivo, CPN Roberto Gattoni que fue acompa\u00f1ado por la ministro de Haciendas y Finanzas, CPN Marisa L\u00f3pez; el ministro de Producci\u00f3n y Desarrollo Econ\u00f3mico, Lic. Andr\u00e9s D\u00edaz Cano; la ministro de Gobierno, Dra. Fabiola Aubone; el intendente de la Ciudad de San Juan, Dr. Emilio Baistrocchi; la presidente de la Corte de Justicia de San Juan, Dra. Adriana Garc\u00eda Nieto; entre otras autoridades.<\/p>\n<p>Fueron 46 empresas privadas y 31 organizaciones p\u00fablicas que se inscribieron en este reconocimiento que tiene como objetivo la promoci\u00f3n, desarrollo y difusi\u00f3n de los procesos y sistemas destinados al mejoramiento continuo de la calidad en los productos y en los servicios.<\/p>\n<p>En la sala Rogelio Cerdera de Casa de Gobierno se reconoci\u00f3 a las tres categor\u00edas que participaron. El premio a la Calidad en el sector Organismos P\u00fablicos los gan\u00f3 la Oficina de Gesti\u00f3n de Audiencia-Flagrancia. Adem\u00e1s, hubo dos menci\u00f3n de Oro a la Direcci\u00f3n de Registro Civil y Capacidad de las Personas; y la Caja de Acci\u00f3n Social. La menci\u00f3n de Plata fue para la secci\u00f3n Oncolog\u00eda de Hospital Rawson y la de Bronce para la Direcci\u00f3n de Salud de la Municipalidad de la Capital.<\/p>\n<p>Por el sector privado se entreg\u00f3 en primer lugar la categor\u00eda Proveedoras de Bienes. La empresa ganadora fue Sost\u00e9n S.A. La menci\u00f3n de Oro fue para Entretelas Americanas; hubo doble menci\u00f3n de plata una para Fase Electricidad y la otra para Fortrack; en tanto que la menci\u00f3n de bronce qued\u00f3 en manos de Barbieri \u00d3ptica y Audiolog\u00eda.<\/p>\n<p>Finalmente, en la categor\u00eda Prestadoras de Servicios; la empresa ganadora fue Se\u00f1or Gonz\u00e1lez. Hubo doble menci\u00f3n de Oro. Las obtuvieron la Empresa Mayo SRL y Transportes PAP. La menci\u00f3n de Plata la gan\u00f3 el Colegio M\u00e9dico de San Juan; mientras que tambi\u00e9n hubo doble menci\u00f3n de bronce, destinados a Remis Oeste y la Cl\u00ednica de Neurorehabilitaci\u00f3n Los Aromos.<\/p>\n<p>Durante el acto de inauguraci\u00f3n, Gattoni destac\u00f3 el concepto de Gobierno \u00fanico con el que trabaja San Juan manifestando que \u00abtrabajan en conjunto Producci\u00f3n y Hacienda, como un solo equipo, articul\u00e1ndose entre ellos para poder capacitar y llevar adelante este premio a la calidad, pero adem\u00e1s articulando con el sector privado las acciones para llevar a adelante lo acontecido en el d\u00eda de hoy\u201d.<\/p>\n<p>En ese sentido el funcionario provincial puso en valor el esfuerzo de las empresas o entidades p\u00fablicas para pensar y trabajar en calidad en un a\u00f1o complejo y destac\u00f3 la cantidad de empresas que se presentaron.<\/p>\n<p>\u201cEn un a\u00f1o como este donde la prioridad era que las empresas sobrevivan, tiene doble m\u00e9rito el esfuerzo aportado por todos los que han participado\u201d, sostuvo Gattoni.<\/p>\n<p>Por su parte, D\u00edaz Cano, destac\u00f3 el empe\u00f1o del sector privado en contexto de pandemia diciendo que \u201cson el motor de la econom\u00eda y nos dieron el ejemplo de no bajar los brazos, de no cerrar y seguir adelante\u201d.<\/p>\n<p>Adem\u00e1s, destac\u00f3 las acciones tomadas por el gobernador U\u00f1ac durante la pandemia y valor\u00f3 que \u201cse mantuvo el empleo y tomaron como propio el Acuerdo San Juan. Todos los sectores se pusieron de acuerdo y en base a eso tomamos las medias a corto plazo para ir saliendo de todo esto\u201d.<\/p>\n<p>La ministro de Hacienda y Finanzas, CPN Marisa L\u00f3pez, dijo que \u201cquienes recibieron su premio es porque lograron generar m\u00e1s calidad en la prestaci\u00f3n de ese servicio. Mientras m\u00e1s empresas y organismos se sumen nos permitir\u00e1 conseguir mejor y mayor calidad de vida para los sanjuaninos\u201d.<\/p>\n<p>Para finalizar, la titular de la cartera de Hacienda coment\u00f3 \u201cno cabe duda que entre todos construiremos un destino com\u00fan, y si no lo hacemos entre todos dif\u00edcilmente podamos lograrlo\u201d.<\/p>\n<p><iframe loading=\"lazy\" title=\"Se realiz\u00f3 la entrega de premios de la XII edici\u00f3n del premio prov\u00edncial a la Calidad\" width=\"800\" height=\"450\" src=\"https:\/\/www.youtube.com\/embed\/QuBqF41rCq0?feature=oembed\" frameborder=\"0\" allow=\"accelerometer; autoplay; clipboard-write; encrypted-media; gyroscope; picture-in-picture\" allowfullscreen><\/iframe><\/p>\n<p>&nbsp;<\/p>\n<p><strong><span style=\"color: #99cc00;\">La elecci\u00f3n de ganadores\u00a0 de Premios y menciones<\/span><\/strong><\/p>\n<p><strong><span style=\"color: #99cc00;\">Premio Provincial a la Calidad Sector Organismos P\u00fablicos<\/span><\/strong><\/p>\n<ul>\n<li>\u00abOficina de Gesti\u00f3n de Audiencia-Flagrancia\u00bb<\/li>\n<li>Menci\u00f3n Oro: Registro\u00a0 Civil<\/li>\n<li><span style=\"line-height: 1.5;\">Menci\u00f3n Oro: Caja de Acci\u00f3n Social<\/span><\/li>\n<li><span style=\"line-height: 1.5;\">Menci\u00f3n Plata: Secci\u00f3n Oncolog\u00eda\u00a0 del Hosp.Dr. Guillermo Rawson<\/span><\/li>\n<li><span style=\"line-height: 1.5;\">Menci\u00f3n Bronce: Direcci\u00f3n de Salud de Capital<\/span><\/li>\n<\/ul>\n<p><span style=\"color: #99cc00;\"><strong>Premio Provincial a la Calidad Sector Empresas Privadas <\/strong><\/span><\/p>\n<ul>\n<li>Proveedoras de Bienes: \u00abSost\u00e9n S.A.\u00bb<\/li>\n<li>Menci\u00f3n Oro: Entretelas Americanas<\/li>\n<li><span style=\"line-height: 1.5;\">Menci\u00f3n Plata: Global Track S.A.<\/span><\/li>\n<li><span style=\"line-height: 1.5;\">Menci\u00f3n Plata: FASE ELECTRICIDAD<\/span><\/li>\n<li><span style=\"line-height: 1.5;\">Menci\u00f3n Bronce: \u00d3ptica\u00a0 Barbieri<\/span><\/li>\n<\/ul>\n<p><strong><span style=\"color: #99cc00;\">Premio Provincial a\u00a0 la\u00a0 Calidad Sector Empresa s\u00a0 Privadas<\/span><\/strong><\/p>\n<ul>\n<li>Gonz\u00e1lez,S.A.<\/li>\n<li><span style=\"line-height: 1.5;\">Menci\u00f3n Oro: Empresa Mayo SRL y PAP SRL<\/span><\/li>\n<li><span style=\"line-height: 1.5;\">Menci\u00f3n Plata: Colegio M\u00e9dico<\/span><\/li>\n<li><span style=\"line-height: 1.5;\">Menci\u00f3n Bronce: Mitre Salud S.R.L. y Danpe SRL<\/span><\/li>\n<li><span style=\"line-height: 1.5;\">Diploma Usuario: Desierto<\/span><\/li>\n<li><span style=\"line-height: 1.5;\">Diploma Procesos: Desierto<\/span><\/li>\n<li><span style=\"line-height: 1.5;\">Diploma Personal: Brokers Andino SRL<\/span><\/li>\n<\/ul>\n<p>&nbsp;<\/p>\n<p><img loading=\"lazy\" decoding=\"async\" class=\"alignnone wp-image-33824 size-full\" src=\"https:\/\/vocesparalelas.com.ar\/sitio\/wp-content\/uploads\/2020\/12\/CALIDAD-SAN-JUAN-04.jpg\" alt=\"\" width=\"800\" height=\"499\" srcset=\"https:\/\/vocesparalelas.com.ar\/sitio\/wp-content\/uploads\/2020\/12\/CALIDAD-SAN-JUAN-04.jpg 800w, https:\/\/vocesparalelas.com.ar\/sitio\/wp-content\/uploads\/2020\/12\/CALIDAD-SAN-JUAN-04-300x187.jpg 300w, https:\/\/vocesparalelas.com.ar\/sitio\/wp-content\/uploads\/2020\/12\/CALIDAD-SAN-JUAN-04-768x479.jpg 768w\" sizes=\"auto, (max-width: 800px) 100vw, 800px\" \/><\/p>\n<p><img loading=\"lazy\" decoding=\"async\" class=\"alignnone wp-image-33823 size-full\" src=\"https:\/\/vocesparalelas.com.ar\/sitio\/wp-content\/uploads\/2020\/12\/CALIDAD-SAN-JUAN-07.jpg\" alt=\"\" width=\"800\" height=\"491\" srcset=\"https:\/\/vocesparalelas.com.ar\/sitio\/wp-content\/uploads\/2020\/12\/CALIDAD-SAN-JUAN-07.jpg 800w, https:\/\/vocesparalelas.com.ar\/sitio\/wp-content\/uploads\/2020\/12\/CALIDAD-SAN-JUAN-07-300x184.jpg 300w, https:\/\/vocesparalelas.com.ar\/sitio\/wp-content\/uploads\/2020\/12\/CALIDAD-SAN-JUAN-07-768x471.jpg 768w\" sizes=\"auto, (max-width: 800px) 100vw, 800px\" \/><\/p>\n<p><img loading=\"lazy\" decoding=\"async\" class=\"alignnone wp-image-33822 size-full\" src=\"https:\/\/vocesparalelas.com.ar\/sitio\/wp-content\/uploads\/2020\/12\/CALIDAD-SAN-JUAN-06.jpg\" alt=\"\" width=\"800\" height=\"490\" srcset=\"https:\/\/vocesparalelas.com.ar\/sitio\/wp-content\/uploads\/2020\/12\/CALIDAD-SAN-JUAN-06.jpg 800w, https:\/\/vocesparalelas.com.ar\/sitio\/wp-content\/uploads\/2020\/12\/CALIDAD-SAN-JUAN-06-300x184.jpg 300w, https:\/\/vocesparalelas.com.ar\/sitio\/wp-content\/uploads\/2020\/12\/CALIDAD-SAN-JUAN-06-768x470.jpg 768w\" sizes=\"auto, (max-width: 800px) 100vw, 800px\" \/><\/p>\n<p><img loading=\"lazy\" decoding=\"async\" class=\"alignnone wp-image-33819 size-full\" src=\"https:\/\/vocesparalelas.com.ar\/sitio\/wp-content\/uploads\/2020\/12\/CALIDAD.SAN-JUAN-03.jpg\" alt=\"\" width=\"800\" height=\"485\" srcset=\"https:\/\/vocesparalelas.com.ar\/sitio\/wp-content\/uploads\/2020\/12\/CALIDAD.SAN-JUAN-03.jpg 800w, https:\/\/vocesparalelas.com.ar\/sitio\/wp-content\/uploads\/2020\/12\/CALIDAD.SAN-JUAN-03-300x182.jpg 300w, https:\/\/vocesparalelas.com.ar\/sitio\/wp-content\/uploads\/2020\/12\/CALIDAD.SAN-JUAN-03-768x466.jpg 768w\" sizes=\"auto, (max-width: 800px) 100vw, 800px\" \/><\/p>\n<p><img loading=\"lazy\" decoding=\"async\" class=\"alignnone wp-image-33820 size-full\" src=\"https:\/\/vocesparalelas.com.ar\/sitio\/wp-content\/uploads\/2020\/12\/CALIDAD-SAN-JUAN.jpg\" alt=\"\" width=\"800\" height=\"470\" srcset=\"https:\/\/vocesparalelas.com.ar\/sitio\/wp-content\/uploads\/2020\/12\/CALIDAD-SAN-JUAN.jpg 800w, https:\/\/vocesparalelas.com.ar\/sitio\/wp-content\/uploads\/2020\/12\/CALIDAD-SAN-JUAN-300x176.jpg 300w, https:\/\/vocesparalelas.com.ar\/sitio\/wp-content\/uploads\/2020\/12\/CALIDAD-SAN-JUAN-768x451.jpg 768w\" sizes=\"auto, (max-width: 800px) 100vw, 800px\" \/><\/p>\n","protected":false},"excerpt":{"rendered":"<p>Durante la ma\u00f1ana del Mi\u00e9rcoles, 22 de Diciembre, se llev\u00f3 a cabo la 12\u00aa entrega consecutiva del Premio Provincial a<\/p>\n","protected":false},"author":3,"featured_media":33821,"comment_status":"closed","ping_status":"closed","sticky":false,"template":"","format":"video","meta":{"_acf_changed":false,"_seopress_robots_primary_cat":"none","_seopress_titles_title":"","_seopress_titles_desc":"","_seopress_robots_index":"","colormag_page_container_layout":"default_layout","colormag_page_sidebar_layout":"default_layout","footnotes":""},"categories":[1,7],"tags":[],"class_list":["post-33815","post","type-post","status-publish","format-video","has-post-thumbnail","hentry","category-destacadas","category-videos","post_format-post-format-video"],"acf":[],"_links":{"self":[{"href":"https:\/\/vocesparalelas.com.ar\/sitio\/wp-json\/wp\/v2\/posts\/33815","targetHints":{"allow":["GET"]}}],"collection":[{"href":"https:\/\/vocesparalelas.com.ar\/sitio\/wp-json\/wp\/v2\/posts"}],"about":[{"href":"https:\/\/vocesparalelas.com.ar\/sitio\/wp-json\/wp\/v2\/types\/post"}],"author":[{"embeddable":true,"href":"https:\/\/vocesparalelas.com.ar\/sitio\/wp-json\/wp\/v2\/users\/3"}],"replies":[{"embeddable":true,"href":"https:\/\/vocesparalelas.com.ar\/sitio\/wp-json\/wp\/v2\/comments?post=33815"}],"version-history":[{"count":1,"href":"https:\/\/vocesparalelas.com.ar\/sitio\/wp-json\/wp\/v2\/posts\/33815\/revisions"}],"predecessor-version":[{"id":33825,"href":"https:\/\/vocesparalelas.com.ar\/sitio\/wp-json\/wp\/v2\/posts\/33815\/revisions\/33825"}],"wp:featuredmedia":[{"embeddable":true,"href":"https:\/\/vocesparalelas.com.ar\/sitio\/wp-json\/wp\/v2\/media\/33821"}],"wp:attachment":[{"href":"https:\/\/vocesparalelas.com.ar\/sitio\/wp-json\/wp\/v2\/media?parent=33815"}],"wp:term":[{"taxonomy":"category","embeddable":true,"href":"https:\/\/vocesparalelas.com.ar\/sitio\/wp-json\/wp\/v2\/categories?post=33815"},{"taxonomy":"post_tag","embeddable":true,"href":"https:\/\/vocesparalelas.com.ar\/sitio\/wp-json\/wp\/v2\/tags?post=33815"}],"curies":[{"name":"wp","href":"https:\/\/api.w.org\/{rel}","templated":true}]}}