{"id":33775,"date":"2020-12-19T12:49:31","date_gmt":"2020-12-19T15:49:31","guid":{"rendered":"http:\/\/vocesparalelas.com.ar\/sitio\/?p=33775"},"modified":"2020-12-23T00:07:28","modified_gmt":"2020-12-23T03:07:28","slug":"recomendaciones-para-las-reuniones-familiares-donde-cuidarse-es-cuidarnos","status":"publish","type":"post","link":"https:\/\/vocesparalelas.com.ar\/sitio\/recomendaciones-para-las-reuniones-familiares-donde-cuidarse-es-cuidarnos\/","title":{"rendered":"Recomendaciones para las reuniones familiares donde cuidarse es cuidarnos"},"content":{"rendered":"<p>Desde marzo de este 2020 a la fecha, los habitantes de San Juan han realizado grandes esfuerzos para evitar la propagaci\u00f3n del coronavirus, e incorporaron a sus h\u00e1bitos de vida todas las medidas de prevenci\u00f3n.<\/p>\n<p>Ha sido un a\u00f1o muy dif\u00edcil para todos y la celebraci\u00f3n de las Fiestas de Fin de A\u00f1o no son ajenas a este contexto. Es necesario tomar conciencia. Si bien se puede celebrar en familia pero es necesario extremar medidas de cuidado con los adultos mayores y personas de riesgo.<\/p>\n<p>El Gobierno de San Juan comprende que las familias necesitan estar juntas y celebrar la vida, por eso est\u00e1n habilitadas las reuniones familiares. Pero hoy m\u00e1s que nunca es necesaria la responsabilidad social e individual para preservar la propia vida y la de los seres queridos.<\/p>\n<p>En San Juan la situaci\u00f3n epidemiol\u00f3gica permite habilitar reuniones familiares, pero el riesgo de transmisi\u00f3n existe. Seg\u00fan datos del Ministerio de Salud de la Naci\u00f3n, el 83% de las muertes en Argentina se producen en mayores de 60 a\u00f1os, mientras que el 85% de los casos confirmados con COVID-19 ocurren en menores de 60 a\u00f1os.<\/p>\n<p>En la provincia y en el pa\u00eds hay transmisi\u00f3n comunitaria del virus; y si bien el n\u00famero de casos est\u00e1 en descenso, la responsabilidad de cada persona es fundamental para continuar con esta tendencia.<\/p>\n<p>Es necesario internalizar que los saludos y abrazos para los abuelos deber\u00e1n esperar, ya que es la \u00fanica forma de controlar la transmisi\u00f3n del virus. Sobre todo, teniendo en cuenta aquellos individuos asintom\u00e1ticos que pueden tener el virus pero no lo manifiestan.<\/p>\n<p>Es importante destacar que las \u00fanicas reuniones permitidas son las familiares. Permanecen suspendidas las autorizaciones para reuniones sociales en domicilios particulares y la realizaci\u00f3n de fiestas, bailes, y cualquier otro tipo de actividades sociales.<\/p>\n<p>Estas recomendaciones establecen condiciones excepcionales para el desarrollo de reuniones familiares exclusivamente en los d\u00edas 24 y 25 de diciembre y 31 de diciembre y 1 de enero.<\/p>\n<p>La mayor\u00eda son reglas ya conocidas, medidas de prevenci\u00f3n establecidas en el Protocolo y Reglamentaci\u00f3n COVID-19 de la Provincia de San Juan.<\/p>\n<p><span style=\"color: #ff6600;\"><strong>Recomendaciones<\/strong><\/span><\/p>\n<p><strong><span style=\"color: #ff6600;\">1. Responsabilidad social e individual<\/span><\/strong><\/p>\n<p>Para los festejos de Navidad y A\u00f1o Nuevo, el Gobierno de San Juan apela a la responsabilidad individual y social de los sanjuaninos. Las reuniones deber\u00e1n ser de car\u00e1cter exclusivamente familiar.<\/p>\n<p>Es preferible que las reuniones sean con personas convivientes, y entre familias habituales de contacto.<\/p>\n<p>Las personas que posean s\u00edntomas compatibles con infecci\u00f3n por COVID-19 (cefalea, anosmia, falta de gusto, fiebre, diarrea, mialgias, dificultad respiratoria), o hayan estado en contacto con casos confirmados de COVID-19 en los \u00faltimos 14 d\u00edas, deber\u00e1n abstenerse de participar de las reuniones.<\/p>\n<p><strong><span style=\"color: #ff6600;\">2. Personas mayores de 60 a\u00f1os y personas con factores de riesgo<\/span><\/strong><\/p>\n<p>Es fundamental cuidar a las personas con factores de riesgo y mayores de 60 a\u00f1os. Las reuniones se deben dar en el marco de la responsabilidad individual, maximizando los cuidados pertinentes para ellos.<\/p>\n<p>Utilizar burbuja para estas personas. Se debe mantener la distancia social y evitar el contacto f\u00edsico con ellos.<\/p>\n<p><strong><span style=\"color: #ff6600;\">3. Lugares recomendados<\/span><\/strong><\/p>\n<p>Se recomienda que las reuniones de Navidad y A\u00f1o Nuevo se realicen al aire libre, en patios, terrazas o veredas, siempre garantizando que se cumpla con el distanciamiento f\u00edsico para minimizar el contacto entre los asistentes.<\/p>\n<p>De no ser posible que las reuniones se realicen al aire libre, el ambiente debe estar ventilado, con puertas y ventanas abiertas para asegurar buena circulaci\u00f3n de aire.<\/p>\n<p><strong><span style=\"color: #ff6600;\">4. Recomendaciones en la mesa<\/span><\/strong><\/p>\n<p>Ya sea durante las comidas o brindis se recomienda que aquellos convivientes o contactos habituales se ubiquen juntos y sin mezclar con otros grupos.<\/p>\n<p>No compartir vasos, cubiertos ni utensilios. Tampoco tomar de la misma botella.<\/p>\n<p><strong><span style=\"color: #ff6600;\">5. Condiciones generales para el desarrollo de las reuniones<\/span><\/strong><\/p>\n<p>En las reuniones se deber\u00e1n respetar estrictamente las medidas de prevenci\u00f3n comunicadas en el Protocolo Covid:<\/p>\n<ul>\n<li>Mantener la distancia social.<\/li>\n<li>Evitar el contacto f\u00edsico con otras personas, como el saludo.<\/li>\n<li>Antes de ingresar al domicilio, rociar el calzado con soluci\u00f3n de alcohol desinfectante tanto en la suela como en la parte superior.<\/li>\n<li>Utilizar cubreboca antes y despu\u00e9s de la cena.<\/li>\n<li>Disponer de soluci\u00f3n de alcohol al 70 % y\/o alcohol en gel en el domicilio.<\/li>\n<li>Mantener las medidas de higiene respiratoria (cubrir la nariz y la boca con un pa\u00f1uelo desechable al toser o estornudar desechar los mismos en cesto de residuos).<\/li>\n<li>Higienizarse las manos frecuentemente con agua y jab\u00f3n o en su defecto con alcohol en gel o soluci\u00f3n sanitizante.<\/li>\n<li>Usar toallas descartables de papel para el secado de manos y descartarlas inmediatamente despu\u00e9s de su utilizaci\u00f3n.<\/li>\n<li>Desinfectar los pisos, superficies y los utensilios o implementos utilizados una vez finalizada la reuni\u00f3n.<\/li>\n<li>No asistir con s\u00edntomas (cefalea, anosmia, falta de gusto, fiebre, diarrea, mialgias, dificultad respiratoria) o en caso de contacto con casos confirmados de COVID-19 en los \u00faltimos 14 d\u00edas.<\/li>\n<\/ul>\n<p>Entre todos, con responsabilidad, podemos seguir celebrando la vida, es importante que todos nos cuidemos.<\/p>\n<p>&nbsp;<\/p>\n<p><iframe loading=\"lazy\" title=\"SAN JUAN CUIDATE\" width=\"800\" height=\"450\" src=\"https:\/\/www.youtube.com\/embed\/9VyCdY6WvNk?feature=oembed\" frameborder=\"0\" allow=\"accelerometer; autoplay; clipboard-write; encrypted-media; gyroscope; picture-in-picture\" allowfullscreen><\/iframe><\/p>\n<p>&nbsp;<\/p>\n","protected":false},"excerpt":{"rendered":"<p>Desde marzo de este 2020 a la fecha, los habitantes de San Juan han realizado grandes esfuerzos para evitar la<\/p>\n","protected":false},"author":3,"featured_media":1245,"comment_status":"closed","ping_status":"closed","sticky":false,"template":"","format":"video","meta":{"_acf_changed":false,"_seopress_robots_primary_cat":"none","_seopress_titles_title":"","_seopress_titles_desc":"","_seopress_robots_index":"","colormag_page_container_layout":"default_layout","colormag_page_sidebar_layout":"default_layout","footnotes":""},"categories":[6,7],"tags":[],"class_list":["post-33775","post","type-post","status-publish","format-video","has-post-thumbnail","hentry","category-eventos","category-videos","post_format-post-format-video"],"acf":[],"_links":{"self":[{"href":"https:\/\/vocesparalelas.com.ar\/sitio\/wp-json\/wp\/v2\/posts\/33775","targetHints":{"allow":["GET"]}}],"collection":[{"href":"https:\/\/vocesparalelas.com.ar\/sitio\/wp-json\/wp\/v2\/posts"}],"about":[{"href":"https:\/\/vocesparalelas.com.ar\/sitio\/wp-json\/wp\/v2\/types\/post"}],"author":[{"embeddable":true,"href":"https:\/\/vocesparalelas.com.ar\/sitio\/wp-json\/wp\/v2\/users\/3"}],"replies":[{"embeddable":true,"href":"https:\/\/vocesparalelas.com.ar\/sitio\/wp-json\/wp\/v2\/comments?post=33775"}],"version-history":[{"count":1,"href":"https:\/\/vocesparalelas.com.ar\/sitio\/wp-json\/wp\/v2\/posts\/33775\/revisions"}],"predecessor-version":[{"id":33777,"href":"https:\/\/vocesparalelas.com.ar\/sitio\/wp-json\/wp\/v2\/posts\/33775\/revisions\/33777"}],"wp:featuredmedia":[{"embeddable":true,"href":"https:\/\/vocesparalelas.com.ar\/sitio\/wp-json\/wp\/v2\/media\/1245"}],"wp:attachment":[{"href":"https:\/\/vocesparalelas.com.ar\/sitio\/wp-json\/wp\/v2\/media?parent=33775"}],"wp:term":[{"taxonomy":"category","embeddable":true,"href":"https:\/\/vocesparalelas.com.ar\/sitio\/wp-json\/wp\/v2\/categories?post=33775"},{"taxonomy":"post_tag","embeddable":true,"href":"https:\/\/vocesparalelas.com.ar\/sitio\/wp-json\/wp\/v2\/tags?post=33775"}],"curies":[{"name":"wp","href":"https:\/\/api.w.org\/{rel}","templated":true}]}}