{"id":33756,"date":"2020-12-19T00:30:03","date_gmt":"2020-12-19T03:30:03","guid":{"rendered":"http:\/\/vocesparalelas.com.ar\/sitio\/?p=33756"},"modified":"2020-12-19T00:30:03","modified_gmt":"2020-12-19T03:30:03","slug":"anunciaron-fondos-para-la-construccion-de-un-microestadio-en-la-ciudad-deportiva-de-san-juan","status":"publish","type":"post","link":"https:\/\/vocesparalelas.com.ar\/sitio\/anunciaron-fondos-para-la-construccion-de-un-microestadio-en-la-ciudad-deportiva-de-san-juan\/","title":{"rendered":"Anunciaron fondos para la construcci\u00f3n de un microestadio en la Ciudad Deportiva de San Juan"},"content":{"rendered":"<p>El ministro de Turismo y Deportes, Dr. Mat\u00edas Lammens, arrib\u00f3 el Viernes, 18 de Diciembre, a la provincia de San Juan con el fin de firmar una serie de convenios y realizar una serie de anuncios para fortalecer el deporte.<\/p>\n<p>El acto central, que tuvo lugar en el Auditorio Eloy Camus, fue presidido por el gobernador Dr. Sergio U\u00f1ac; participaron adem\u00e1s la ministro de Turismo y Cultura, Lic. Claudia Grynszpan; el ministro de Obras y Servicios P\u00fablicos, Ing. Julio Ortiz Andino; el subsecretario de Infraestructuras Deportivas de la Naci\u00f3n, Lic. Sergio Palmas; el secretario de Estado de Deportes de San Juan, Jorge Chica; la gerenta de Banco San Juan, CPN Silvina Beliantag; intendentes, entre otros.<\/p>\n<p>En primer lugar, el secretario Chica analiz\u00f3 todo el camino transitado durante los \u00faltimos cinco a\u00f1os de gesti\u00f3n.<\/p>\n<p>Agradeci\u00f3 a los dirigentes deportivos el trabajo realizado, remarcando \u00abesa vocaci\u00f3n de servicio que tienen para generar valores en los m\u00e1s j\u00f3venes, destinando tiempo y recursos, por eso este gobernador, este ministro y todo nuestro equipo de trabajo ha reconocido toda esa tarea, generando esperanzas\u00bb.<\/p>\n<p>Acto seguido, se llev\u00f3 a cabo la firma de un convenio con el Banco San Juan para asegurar la regularidad y estabilidad de la vida jur\u00eddica de las asociaciones civiles deportivas, brindando la posibilidad de acceder a 500 cuentas bancarias libres de gastos y costos que oportunamente la secretar\u00eda determine.<\/p>\n<p><img loading=\"lazy\" decoding=\"async\" class=\"alignnone wp-image-33758 size-full\" src=\"https:\/\/vocesparalelas.com.ar\/sitio\/wp-content\/uploads\/2020\/12\/SAN-JUAN-NACION-DEPORTE-01.jpg\" alt=\"\" width=\"800\" height=\"447\" srcset=\"https:\/\/vocesparalelas.com.ar\/sitio\/wp-content\/uploads\/2020\/12\/SAN-JUAN-NACION-DEPORTE-01.jpg 800w, https:\/\/vocesparalelas.com.ar\/sitio\/wp-content\/uploads\/2020\/12\/SAN-JUAN-NACION-DEPORTE-01-300x168.jpg 300w, https:\/\/vocesparalelas.com.ar\/sitio\/wp-content\/uploads\/2020\/12\/SAN-JUAN-NACION-DEPORTE-01-768x429.jpg 768w\" sizes=\"auto, (max-width: 800px) 100vw, 800px\" \/><\/p>\n<p>Adem\u00e1s, Chica confirm\u00f3 a Banco San Juan como auspiciante y sponsor oficial del encuentro anual m\u00e1s importante a nivel deportivo de la provincia como es la Vuelta a San Juan. En ese orden, se anunci\u00f3 la implementaci\u00f3n de una credencial \u00fanica del deporte que \u00abva a permitir la sistematizaci\u00f3n de todas las federaciones. No van a tener que llenar nunca m\u00e1s una planilla de papel el d\u00eda domingo, vamos a darles la posibilidad, reconociendo y cuidando a nuestros deportistas, de que tengan un apto m\u00e9dico previo a jugar, que puedan acceder a diversos beneficios, este es un reconocimiento que realiza la provincia y entrar\u00e1 en vigencia desde el 1 de marzo de 2021\u00bb.<\/p>\n<p>En otro orden, el secretario de Deportes puso en valor la puesta en marcha de los programas provinciales \u201cConstruyendo Mi Club\u201d y \u201cClubes en Obras\u201d destinados a la infraestructura en instituciones deportivas provinciales, con recursos por 73 millones de pesos. Tambi\u00e9n indic\u00f3 que el Programa de emergencia sanitaria de las instituciones deportivas destin\u00f3 55 millones de pesos.<\/p>\n<p>Por \u00faltimo, indic\u00f3 que el Ministerio de Turismo y Deportes de la Naci\u00f3n, gestion\u00f34,2 millones de d\u00f3lares para destinarlo a la construcci\u00f3n del microestadio ubicado en la Ciudad Deportiva del Pocito.<\/p>\n<p>\u00abTodo lo que hacemos es para que cada sanjuanino pueda desarrollarse en su provincia, todas estas utop\u00edas se han convertido en un sue\u00f1o y este gobernador y este ministro hicieron que nuestros sue\u00f1os sean una realidad\u00bb, finaliz\u00f3.<\/p>\n<p>Al respecto, Lammens destac\u00f3 que el Ministerio de Turismo y Deportes, generar\u00e1 una inversi\u00f3n con financiamiento internacional de 4,2 millones de d\u00f3lares para hacer un microestadio pensado para todas las disciplinas bajo techo en la Ciudad Deportiva. El mismo contar\u00e1 con tribunas, vestuarios y un centro de salud, entre otras.<\/p>\n<p>\u00abSan Juan tiene la mejor infraestructura deportiva del interior del pa\u00eds sin duda, este proyecto en l\u00edneas generales tiene que ver con federalizar el deporte de alto rendimiento a trav\u00e9s de un plan que tendr\u00e1 centros de alto rendimiento en cada regi\u00f3n y San Juan ser\u00e1 sede de la Regi\u00f3n de Cuyo por todo el trabajo que hizo el gobernador U\u00f1ac en estos 5 a\u00f1os de convertir el deporte en una verdadera pol\u00edtica de Estado\u00bb, afirm\u00f3 Lammens.<\/p>\n<p>\u00abLo que han hecho en materia de infraestructura deportiva es envidiable, esto es un reconocimiento a todo el esfuerzo que ha hecho el gobernador y el secretario de Deportes, de los sanjuaninos y sanjuaninas\u00bb, agreg\u00f3.<\/p>\n<p><img loading=\"lazy\" decoding=\"async\" class=\"alignnone wp-image-33760 size-full\" src=\"https:\/\/vocesparalelas.com.ar\/sitio\/wp-content\/uploads\/2020\/12\/SAN-JUAN-NACION-DEPORTE-03.jpg\" alt=\"\" width=\"800\" height=\"525\" srcset=\"https:\/\/vocesparalelas.com.ar\/sitio\/wp-content\/uploads\/2020\/12\/SAN-JUAN-NACION-DEPORTE-03.jpg 800w, https:\/\/vocesparalelas.com.ar\/sitio\/wp-content\/uploads\/2020\/12\/SAN-JUAN-NACION-DEPORTE-03-300x197.jpg 300w, https:\/\/vocesparalelas.com.ar\/sitio\/wp-content\/uploads\/2020\/12\/SAN-JUAN-NACION-DEPORTE-03-768x504.jpg 768w\" sizes=\"auto, (max-width: 800px) 100vw, 800px\" \/><\/p>\n<p>Sobre el cierre, el gobernador U\u00f1ac dijo que \u00abgestos importantes, como los de Matias Lammens, ayudan a nuestra sociedad, ayudan a traer respuestas a los sanjuaninos, en cada iniciativa que le hemos planteado, nos ha acompa\u00f1ado, de igual manera que el Banco San Juan\u00bb.<\/p>\n<p>\u00abLos sanjuaninos estamos muy agradecidos, siempre hemos tenido las puertas abiertas del presidente Alberto Fern\u00e1ndez y del ministro de Turismo y Deportes. Es verdad que San Juan ha tenido una planificaci\u00f3n deportiva, lo que es un adicional, pensando en el deportista, en los dirigentes deportivos e instituciones con infraestructura necesaria para que se puedan realizar, pero adem\u00e1s pensamos en los eventos deportivos para fortalecer el turismo\u00bb, sum\u00f3 el mandatario.<\/p>\n<p>A la vez que analiz\u00f3 que \u00abEl lunes siguiente a la realizaci\u00f3n de un evento de cualquier disciplina deportiva, si hay un chico m\u00e1s practicando deporte, el resultado es sumamente positivo y favorable para la sociedad\u00bb.<\/p>\n<p>En sentido, a\u00f1adi\u00f3 que \u00abhemos decidido apostar por el deporte, pero no ser\u00edan los mismos resultados los obtenidos si no hubiese sido sin esas puertas abiertas que tenemos con el ministro Lammens, como los dirigentes deportivos a nivel nacional para poder tener eventos de gran escala como la \u00faltima fecha del TC o la final de la Copa Diego Armando Maradona\u00bb.<\/p>\n<p>&nbsp;<\/p>\n<p><iframe loading=\"lazy\" title=\"En su visita a San Juan, Lammens firm\u00f3 convenios para importantes obras de clubes\" width=\"800\" height=\"450\" src=\"https:\/\/www.youtube.com\/embed\/QPyo7UM2GKw?feature=oembed\" frameborder=\"0\" allow=\"accelerometer; autoplay; clipboard-write; encrypted-media; gyroscope; picture-in-picture\" allowfullscreen><\/iframe><\/p>\n","protected":false},"excerpt":{"rendered":"<p>El ministro de Turismo y Deportes, Dr. Mat\u00edas Lammens, arrib\u00f3 el Viernes, 18 de Diciembre, a la provincia de San<\/p>\n","protected":false},"author":3,"featured_media":33759,"comment_status":"closed","ping_status":"closed","sticky":false,"template":"","format":"video","meta":{"_acf_changed":false,"_seopress_robots_primary_cat":"none","_seopress_titles_title":"","_seopress_titles_desc":"","_seopress_robots_index":"","colormag_page_container_layout":"default_layout","colormag_page_sidebar_layout":"default_layout","footnotes":""},"categories":[1,7],"tags":[],"class_list":["post-33756","post","type-post","status-publish","format-video","has-post-thumbnail","hentry","category-destacadas","category-videos","post_format-post-format-video"],"acf":[],"_links":{"self":[{"href":"https:\/\/vocesparalelas.com.ar\/sitio\/wp-json\/wp\/v2\/posts\/33756","targetHints":{"allow":["GET"]}}],"collection":[{"href":"https:\/\/vocesparalelas.com.ar\/sitio\/wp-json\/wp\/v2\/posts"}],"about":[{"href":"https:\/\/vocesparalelas.com.ar\/sitio\/wp-json\/wp\/v2\/types\/post"}],"author":[{"embeddable":true,"href":"https:\/\/vocesparalelas.com.ar\/sitio\/wp-json\/wp\/v2\/users\/3"}],"replies":[{"embeddable":true,"href":"https:\/\/vocesparalelas.com.ar\/sitio\/wp-json\/wp\/v2\/comments?post=33756"}],"version-history":[{"count":1,"href":"https:\/\/vocesparalelas.com.ar\/sitio\/wp-json\/wp\/v2\/posts\/33756\/revisions"}],"predecessor-version":[{"id":33761,"href":"https:\/\/vocesparalelas.com.ar\/sitio\/wp-json\/wp\/v2\/posts\/33756\/revisions\/33761"}],"wp:featuredmedia":[{"embeddable":true,"href":"https:\/\/vocesparalelas.com.ar\/sitio\/wp-json\/wp\/v2\/media\/33759"}],"wp:attachment":[{"href":"https:\/\/vocesparalelas.com.ar\/sitio\/wp-json\/wp\/v2\/media?parent=33756"}],"wp:term":[{"taxonomy":"category","embeddable":true,"href":"https:\/\/vocesparalelas.com.ar\/sitio\/wp-json\/wp\/v2\/categories?post=33756"},{"taxonomy":"post_tag","embeddable":true,"href":"https:\/\/vocesparalelas.com.ar\/sitio\/wp-json\/wp\/v2\/tags?post=33756"}],"curies":[{"name":"wp","href":"https:\/\/api.w.org\/{rel}","templated":true}]}}