{"id":33743,"date":"2020-12-17T22:14:09","date_gmt":"2020-12-18T01:14:09","guid":{"rendered":"http:\/\/vocesparalelas.com.ar\/sitio\/?p=33743"},"modified":"2020-12-23T01:28:06","modified_gmt":"2020-12-23T04:28:06","slug":"se-presentan-los-libros-directo-villa-vasta-y-limerencia-en-san-juan","status":"publish","type":"post","link":"https:\/\/vocesparalelas.com.ar\/sitio\/se-presentan-los-libros-directo-villa-vasta-y-limerencia-en-san-juan\/","title":{"rendered":"Se presentan los libros \u00abDirecto Villa Vasta\u00bb y\u00a0\u00abLimerencia\u00bb en San Juan"},"content":{"rendered":"<p>El S\u00e1bado, 19 de Diciembre, a las 21:30 hs.; en el Patio de IOPPS, Pedro Echag\u00fce 475 &#8211; O &#8211; Capital, se presentan los libros \u00abDirecto Villa Vasta\u00bb del escritor Pablo Daniel D\u00edaz y\u00a0\u00abLimerencia\u00bb de la autora Soledad Arranz.<\/p>\n<p>Ambos escritores son de San Juan y estas publicaciones van a engrosar el volumen de obras de los escritores de la provincia reflejando las capacidades de mirar la vida desde el punto de vista de la escritura.<\/p>\n<p>Adem\u00e1s, ambos libros fueron ilustrados por la artista visual Alejandra Carabante, quien tiene gran trayectoria en San Juan y fuera de la provincia.<\/p>\n<p>Editada por Abdulah Libros.<\/p>\n<p>Estas publicaciones es apostar a San Juan con su cultura, con sus costumbres, con su calor de amistad sincera y pura.<\/p>\n<p>&nbsp;<\/p>\n<p><img loading=\"lazy\" decoding=\"async\" class=\"alignnone wp-image-33745 size-full\" src=\"https:\/\/vocesparalelas.com.ar\/sitio\/wp-content\/uploads\/2020\/12\/PABLO-DIAZ.jpg\" alt=\"\" width=\"683\" height=\"1024\" srcset=\"https:\/\/vocesparalelas.com.ar\/sitio\/wp-content\/uploads\/2020\/12\/PABLO-DIAZ.jpg 683w, https:\/\/vocesparalelas.com.ar\/sitio\/wp-content\/uploads\/2020\/12\/PABLO-DIAZ-200x300.jpg 200w, https:\/\/vocesparalelas.com.ar\/sitio\/wp-content\/uploads\/2020\/12\/PABLO-DIAZ-534x800.jpg 534w\" sizes=\"auto, (max-width: 683px) 100vw, 683px\" \/><\/p>\n<p>Por ello, Voces Paralelas entrevist\u00f3 al escritor de San Juan, Pablo D\u00edaz con \u00abDirecto Villa Vasta\u00bb, quien ha logrado su primera publicaci\u00f3n y listo para su presentaci\u00f3n.<\/p>\n<p>&nbsp;<\/p>\n<p><iframe loading=\"lazy\" title=\"DIRECTO VILLA VASTA PABLO DIAZ ORTEGA\" width=\"800\" height=\"450\" src=\"https:\/\/www.youtube.com\/embed\/w8QiZOTDeW4?feature=oembed\" frameborder=\"0\" allow=\"accelerometer; autoplay; clipboard-write; encrypted-media; gyroscope; picture-in-picture\" allowfullscreen><\/iframe><\/p>\n<p>El Autor Pablo D\u00edaz comienza su libro con un texto que invita al lector a seguir la lectura.<\/p>\n<p style=\"text-align: center;\"><strong><span style=\"color: #008000;\">Advertencia al Lector<\/span><\/strong><\/p>\n<p>Al pisar el primer escal\u00f3n se produjo un silencio en seco, como pautado. Sent\u00ed una especie de escalofr\u00edo, algo parecido al miedo, pero ya hab\u00eda emprendido el viaje. No s\u00f3lo en los pasajeros hab\u00eda silencio, tambi\u00e9n en el motor, y en el viento. Ambiente paralizado, dormido, muerto. El silencio &#8211; que a veces inquieta &#8211; me trajo sue\u00f1os. Cuando despert\u00e9, vi que la gente bajaba formando una fila larga y lenta. Cada pasajero esperaba el turno del descenso con cierta resignaci\u00f3n, como esperando la muerte.<\/p>\n<p>Aparec\u00ed acostado en mi cama. No me acordaba de nada solo del encuentro con una sombra. Esta me cont\u00f3 varias historias que al despertar transcrib\u00ed inmediatamente.\u00a0Se me cruz\u00f3 por la cabeza eliminar los relatos, tirarlos; pero al instante me acord\u00e9 de lo que me dijo: si ignoras estas historias, si lo que cuento no lo haces p\u00fablico, date por ciego, o date por loco. Si en cambio eliges compartirlo y lo que ignoran esta historia son tus lectores; el momento de tirar el escritor, tambi\u00e9n tirar sus vidas, morir\u00e1n.<\/p>\n<p>Me encantar\u00eda decirle que fue solo un sue\u00f1o o un delirio de alcohol, pero es real lo que le cuento.\u00a0Aqu\u00ed le dejo, mi querido lector, estos microrrelatos. An\u00edmese y \u00e9ntrele sin miedo.<\/p>\n<p>Despu\u00e9s, de todo, como dice nuestro amigo Graci\u00e1n: <em>lo bueno, si breve, dos veces bueno; lo malo, si poco, no tan malo.<\/em><\/p>\n<p style=\"text-align: right;\">El Autor<\/p>\n<p>&nbsp;<\/p>\n<p><img loading=\"lazy\" decoding=\"async\" class=\"alignnone wp-image-33748 size-full\" src=\"https:\/\/vocesparalelas.com.ar\/sitio\/wp-content\/uploads\/2020\/12\/PABLO-DIAZ-ESCRITOR-05.jpg\" alt=\"\" width=\"800\" height=\"600\" srcset=\"https:\/\/vocesparalelas.com.ar\/sitio\/wp-content\/uploads\/2020\/12\/PABLO-DIAZ-ESCRITOR-05.jpg 800w, https:\/\/vocesparalelas.com.ar\/sitio\/wp-content\/uploads\/2020\/12\/PABLO-DIAZ-ESCRITOR-05-300x225.jpg 300w, https:\/\/vocesparalelas.com.ar\/sitio\/wp-content\/uploads\/2020\/12\/PABLO-DIAZ-ESCRITOR-05-768x576.jpg 768w\" sizes=\"auto, (max-width: 800px) 100vw, 800px\" \/><\/p>\n<p>&nbsp;<\/p>\n<p>&nbsp;<\/p>\n<p>&nbsp;<\/p>\n<p>&nbsp;<\/p>\n","protected":false},"excerpt":{"rendered":"<p>El S\u00e1bado, 19 de Diciembre, a las 21:30 hs.; en el Patio de IOPPS, Pedro Echag\u00fce 475 &#8211; O &#8211;<\/p>\n","protected":false},"author":3,"featured_media":33746,"comment_status":"closed","ping_status":"closed","sticky":false,"template":"","format":"video","meta":{"_acf_changed":false,"_seopress_robots_primary_cat":"none","_seopress_titles_title":"","_seopress_titles_desc":"","_seopress_robots_index":"","colormag_page_container_layout":"default_layout","colormag_page_sidebar_layout":"default_layout","footnotes":""},"categories":[20,7],"tags":[],"class_list":["post-33743","post","type-post","status-publish","format-video","has-post-thumbnail","hentry","category-cartelera","category-videos","post_format-post-format-video"],"acf":[],"_links":{"self":[{"href":"https:\/\/vocesparalelas.com.ar\/sitio\/wp-json\/wp\/v2\/posts\/33743","targetHints":{"allow":["GET"]}}],"collection":[{"href":"https:\/\/vocesparalelas.com.ar\/sitio\/wp-json\/wp\/v2\/posts"}],"about":[{"href":"https:\/\/vocesparalelas.com.ar\/sitio\/wp-json\/wp\/v2\/types\/post"}],"author":[{"embeddable":true,"href":"https:\/\/vocesparalelas.com.ar\/sitio\/wp-json\/wp\/v2\/users\/3"}],"replies":[{"embeddable":true,"href":"https:\/\/vocesparalelas.com.ar\/sitio\/wp-json\/wp\/v2\/comments?post=33743"}],"version-history":[{"count":1,"href":"https:\/\/vocesparalelas.com.ar\/sitio\/wp-json\/wp\/v2\/posts\/33743\/revisions"}],"predecessor-version":[{"id":33749,"href":"https:\/\/vocesparalelas.com.ar\/sitio\/wp-json\/wp\/v2\/posts\/33743\/revisions\/33749"}],"wp:featuredmedia":[{"embeddable":true,"href":"https:\/\/vocesparalelas.com.ar\/sitio\/wp-json\/wp\/v2\/media\/33746"}],"wp:attachment":[{"href":"https:\/\/vocesparalelas.com.ar\/sitio\/wp-json\/wp\/v2\/media?parent=33743"}],"wp:term":[{"taxonomy":"category","embeddable":true,"href":"https:\/\/vocesparalelas.com.ar\/sitio\/wp-json\/wp\/v2\/categories?post=33743"},{"taxonomy":"post_tag","embeddable":true,"href":"https:\/\/vocesparalelas.com.ar\/sitio\/wp-json\/wp\/v2\/tags?post=33743"}],"curies":[{"name":"wp","href":"https:\/\/api.w.org\/{rel}","templated":true}]}}