{"id":33731,"date":"2020-12-17T23:58:23","date_gmt":"2020-12-18T02:58:23","guid":{"rendered":"http:\/\/vocesparalelas.com.ar\/sitio\/?p=33731"},"modified":"2020-12-18T00:41:53","modified_gmt":"2020-12-18T03:41:53","slug":"autoridades-nacionales-con-importantes-anuncios-para-san-juan","status":"publish","type":"post","link":"https:\/\/vocesparalelas.com.ar\/sitio\/autoridades-nacionales-con-importantes-anuncios-para-san-juan\/","title":{"rendered":"Autoridades Nacionales con importantes anuncios para San Juan"},"content":{"rendered":"<div class=\"itemFullText jbintrotext\">\n<p>El presidente de la C\u00e1mara de Diputados de la Naci\u00f3n, Dr. Sergio Massa y el ministro de Transporte, Mario Meoni arribaron a la provincia de San Juan, poco despu\u00e9s de las 14 de este jueves, donde junto al gobernador Dr. Sergio U\u00f1ac y el vicegobernador CPN Roberto Gattoni firmaron convenios con la Naci\u00f3n por la Red Tulum y para la rehabilitaci\u00f3n de una l\u00ednea de trenes.<\/p>\n<\/div>\n<div class=\"itemFullText\">\n<p>Ello tuvo lugar en el marco de una apretada agenda que incluy\u00f3 la presentaci\u00f3n del futuro Centro de Trasbordo la Red Tulum y la firma de convenios por el funcionamiento de este programa.<\/p>\n<p>En primer t\u00e9rmino, el gobernador Dr. Sergio U\u00f1ac y el vicegobernador CPN Roberto Gattoni junto a los ministros de Gobierno, Dra. Fabiola Aubone e Infraestructura, Ing. Julio Ortiz Andino; el intendente municipal de la ciudad de San Juan, Dr. Emilio Baistrocchi y otros funcionarios recibieron al presidente de la C\u00e1mara de Diputados de la Naci\u00f3n, Sergio Massa y el ministro de Transporte de la Naci\u00f3n, Mario Meoni, quienes concurrieron al solar donde funcionar\u00e1 el futuro Centro de Transbordo de la Red Tulum, en el predio situado en la franja contemplada en calle General Paz entre Espa\u00f1a y Las Heras y C\u00f3rdoba entre Espa\u00f1a y Las Heras.<\/p>\n<p>Concurrieron los funcionarios y apreciaron algunas unidades de la Red Tulum y los planos de la futura obra.<\/p>\n<p>A continuaci\u00f3n, las autoridades se trasladaron hasta el Teatro del Bicentenario, donde luego de saludar a choferes de unidades de la Red Tulum emplazadas en la playa de estacionamiento, ingresaron al hall.<\/p>\n<p>All\u00ed ante la presencia de los diputados nacionales Ing. Jos\u00e9 Luis Gioja, Francisco Guevara, Marcelo Orrego, Lic. Graciela Caselles y el senador nacional Dr. Rub\u00e9n U\u00f1ac; el intendente de la Capital, Dr. Emilio Baistrocchi; los ministros de Hacienda y Finanzas, CPN Marisa L\u00f3pez y de Infraestructura, Ing. Julio Ortiz Andino y otros funcionarios fue constituida la mesa de autoridades presidida por el gobernador Dr. Sergio U\u00f1ac; el vicegobernador CPN Roberto Gattoni; el presidente de la C\u00e1mara de Diputados de la Naci\u00f3n, Dr. Sergio Massa; el ministro de Transporte de la Naci\u00f3n, Mario Meoni y la ministro de Gobierno, Dra. Fabiola Aubone.<\/p>\n<p>En primer t\u00e9rmino, fueron suscriptos los contratos con las empresas de transporte sanjuaninas que resultaron adjudicatarias en la licitaci\u00f3n de la Red Tulum y as\u00ed fue que lo hicieron por las empresas La Marina y La Positiva, Jos\u00e9 Arturo Galoviche y Ernesto Moyano; por El Triunfo S.A. lo hizo Ra\u00fal Alberto Garc\u00eda; por Albard\u00f3n S.R.L.; por las empresas Alto de Sierra y Autotransportes Valle del Sol fue Diego Leonardo Ruiz; por la firma El Libertador lo hizo Ricardo Salv\u00e1; por Nuevo Sur firm\u00f3 Gustavo Ruiz y por Vallecito S.R.L. suscribi\u00f3 Tadeo Vives, que luego fue refrendado por las autoridades provinciales y nacionales.<\/p>\n<p><img loading=\"lazy\" decoding=\"async\" class=\"alignnone wp-image-33737 size-full\" src=\"https:\/\/vocesparalelas.com.ar\/sitio\/wp-content\/uploads\/2020\/12\/NACIONALES-RED-TULUM-02.jpg\" alt=\"\" width=\"800\" height=\"460\" srcset=\"https:\/\/vocesparalelas.com.ar\/sitio\/wp-content\/uploads\/2020\/12\/NACIONALES-RED-TULUM-02.jpg 800w, https:\/\/vocesparalelas.com.ar\/sitio\/wp-content\/uploads\/2020\/12\/NACIONALES-RED-TULUM-02-300x173.jpg 300w, https:\/\/vocesparalelas.com.ar\/sitio\/wp-content\/uploads\/2020\/12\/NACIONALES-RED-TULUM-02-768x442.jpg 768w\" sizes=\"auto, (max-width: 800px) 100vw, 800px\" \/><\/p>\n<p>A continuaci\u00f3n, fue firmado un convenio de asistencia t\u00e9cnica y financiamiento entre la Naci\u00f3n y la provincia de San Juan para el desarrollo de un Centro de Transbordo, entre el ministro Meoni y el gobernador U\u00f1ac.<\/p>\n<p>Acto seguido, el ministro nacional agradeci\u00f3 la recepci\u00f3n y destac\u00f3 que la Naci\u00f3n aportaba un monto de 190 millones de pesos para la evoluci\u00f3n del Centro de Transbordo de la Red Tulum y al mismo tiempo felicit\u00f3 a las autoridades gubernamentales porque advert\u00eda que exist\u00eda una mirada moderna en el transporte local ya que evalu\u00f3 que este modelo era sumamente positivo y tambi\u00e9n tuvo palabras de agradecimiento para con los diputados nacionales. Anunci\u00f3 adem\u00e1s el desarrollo de una l\u00ednea ferroviaria que unir\u00e1 Palmira en Mendoza con el departamento Albard\u00f3n y destac\u00f3 que hab\u00eda sido firmado un acuerdo con la empresa china CRRC para la rehabilitaci\u00f3n de la l\u00ednea San Mart\u00edn de Trenes Argentinos Cargas que conectar Palmira con Albard\u00f3n con una inversi\u00f3n que alcanzar\u00edan los 70 millones de d\u00f3lares, en una l\u00ednea con una extensi\u00f3n de 228 kil\u00f3metros, de los cuales un total de 134 corresponden a la provincia de San Juan.<\/p>\n<p>Ello redundar\u00e1 en una importante reducci\u00f3n de los costos log\u00edsticos y el tiempo de carga de los minerales, entre otros aspectos a destacar.<\/p>\n<p>En tanto que el gobernador U\u00f1ac habl\u00f3 de la voluntad provincial de construir una Argentina Federal como lo pregonan en forma permanente el presidente Alberto Fern\u00e1ndez y la vicepresidenta de la Naci\u00f3n y agradeci\u00f3 al mismo tiempo la presencia de dirigentes pertenecientes a FATAP, ATAP y la UTA y adem\u00e1s indic\u00f3 que \u201cen San Juan nos animamos a dar un paso adelante y sab\u00edamos que eso implicaba un gran desaf\u00edo como lo representa la Red Tulum que fue puesto en la mesa del Acuerdo San Juan\u201d.<\/p>\n<p>Extendi\u00f3 un agradecimiento por el acompa\u00f1amiento del gobierno nacional y reconoci\u00f3 a Sergio Massa como la primera persona que concurri\u00f3 a la Fiesta Nacional del Sol y agradeci\u00f3 la inversi\u00f3n realizada por el tema de los ferrocarriles que permitir\u00eda importantes beneficios y finalmente record\u00f3 que la terminal de \u00f3mnibus de San Juan tiene 60 a\u00f1os de antig\u00fcedad y amerita una nueva terminal y aludi\u00f3 a la necesidad de consultar al Presidente por una mesa de trabajo para poder avanzar en ese camino.<\/p>\n<p>Finalmente, el presidente de la C\u00e1mara de Diputados de la Naci\u00f3n, Sergio Massa destac\u00f3 que quer\u00eda compartir con los sanjuaninos algunas reflexiones luego de un a\u00f1o muy dif\u00edcil que hab\u00eda generado un aprendizaje que deb\u00eda ser capitalizado en el a\u00f1o 2021 y que era hora de dejar de hablar de federalismo para ejecutarlo y en ese sentido destac\u00f3 que federalismo implicaba que el tren llegara al departamento Albard\u00f3n.<\/p>\n<p>Adem\u00e1s agradeci\u00f3 al gobernador y al vicegobernador por acompa\u00f1ar en esta decisi\u00f3n y batalla con mucha convicci\u00f3n y sin mezquindades y a los legisladores y finaliz\u00f3 destacando que en el a\u00f1o 2021 \u201ctenemos que avanzar en la concreci\u00f3n de los centros de transferencia log\u00edstica y la nueva terminal\u201d.<\/p>\n<p><strong>Sobre la Red Tulum<\/strong><\/p>\n<p>La Red Tulum, ofrece de acuerdo con lo informado reducci\u00f3n de los tiempos de espera y viaje, mejor administraci\u00f3n del tiempo, comodidad, seguridad, sistema previsible y reducci\u00f3n de los costos de desplazamiento<\/p>\n<p>El sistema de Transporte P\u00fablico de Red Tulum est\u00e1 integrado por una Red Primaria y una Secundaria. La primaria est\u00e1 conformada por trazados de distinta categor\u00eda que son divididos en l\u00edneas troncales, corredores, l\u00edneas interurbanas y perimetrales y todas ellas ofrecen una com\u00fan caracter\u00edstica que es la formaci\u00f3n de recorridos lineales y extensos, con pocos quiebres, a excepci\u00f3n de los corredores perimetrales, que por ser perif\u00e9ricos debieron acomodarse a una base m\u00e1s irregular.<\/p>\n<p>Asimismo, Red Tulum incorpora el uso exclusivo de v\u00edas y carriles por parte de las l\u00edneas troncales.<\/p>\n<p>Anillo C\u00e9ntrico<\/p>\n<p>Por otra parte, la Red Tulum est\u00e1 integrada por un Anillo C\u00e9ntrico que conforma el eje central de red primaria, definido por las avenidas Libertador General San Mart\u00edn, Rawson, C\u00f3rdoba y Espa\u00f1a.<\/p>\n<p>El interior del Anillo contiene dos Estaciones de Transbordo, ubicadas a metros de Centro C\u00edvico y la Plaza Aberastain y funcionan como puntos concentradores de viaje, que permitir\u00e1 que los usuarios puedan trasladarse en forma r\u00e1pida hacia cualquiera de los cuatro puntos cardinales de la ciudad, a trav\u00e9s de diferentes l\u00edneas.<\/p>\n<p><img loading=\"lazy\" decoding=\"async\" class=\"alignnone wp-image-33738 size-full\" src=\"https:\/\/vocesparalelas.com.ar\/sitio\/wp-content\/uploads\/2020\/12\/NACIONALES-RED-TULUM-03.jpg\" alt=\"\" width=\"800\" height=\"534\" srcset=\"https:\/\/vocesparalelas.com.ar\/sitio\/wp-content\/uploads\/2020\/12\/NACIONALES-RED-TULUM-03.jpg 800w, https:\/\/vocesparalelas.com.ar\/sitio\/wp-content\/uploads\/2020\/12\/NACIONALES-RED-TULUM-03-300x200.jpg 300w, https:\/\/vocesparalelas.com.ar\/sitio\/wp-content\/uploads\/2020\/12\/NACIONALES-RED-TULUM-03-768x513.jpg 768w\" sizes=\"auto, (max-width: 800px) 100vw, 800px\" \/><\/p>\n<\/div>\n","protected":false},"excerpt":{"rendered":"<p>El presidente de la C\u00e1mara de Diputados de la Naci\u00f3n, Dr. Sergio Massa y el ministro de Transporte, Mario Meoni<\/p>\n","protected":false},"author":3,"featured_media":33733,"comment_status":"closed","ping_status":"closed","sticky":false,"template":"","format":"standard","meta":{"_acf_changed":false,"_seopress_robots_primary_cat":"none","_seopress_titles_title":"","_seopress_titles_desc":"","_seopress_robots_index":"","colormag_page_container_layout":"default_layout","colormag_page_sidebar_layout":"default_layout","footnotes":""},"categories":[1],"tags":[],"class_list":["post-33731","post","type-post","status-publish","format-standard","has-post-thumbnail","hentry","category-destacadas"],"acf":[],"_links":{"self":[{"href":"https:\/\/vocesparalelas.com.ar\/sitio\/wp-json\/wp\/v2\/posts\/33731","targetHints":{"allow":["GET"]}}],"collection":[{"href":"https:\/\/vocesparalelas.com.ar\/sitio\/wp-json\/wp\/v2\/posts"}],"about":[{"href":"https:\/\/vocesparalelas.com.ar\/sitio\/wp-json\/wp\/v2\/types\/post"}],"author":[{"embeddable":true,"href":"https:\/\/vocesparalelas.com.ar\/sitio\/wp-json\/wp\/v2\/users\/3"}],"replies":[{"embeddable":true,"href":"https:\/\/vocesparalelas.com.ar\/sitio\/wp-json\/wp\/v2\/comments?post=33731"}],"version-history":[{"count":4,"href":"https:\/\/vocesparalelas.com.ar\/sitio\/wp-json\/wp\/v2\/posts\/33731\/revisions"}],"predecessor-version":[{"id":33739,"href":"https:\/\/vocesparalelas.com.ar\/sitio\/wp-json\/wp\/v2\/posts\/33731\/revisions\/33739"}],"wp:featuredmedia":[{"embeddable":true,"href":"https:\/\/vocesparalelas.com.ar\/sitio\/wp-json\/wp\/v2\/media\/33733"}],"wp:attachment":[{"href":"https:\/\/vocesparalelas.com.ar\/sitio\/wp-json\/wp\/v2\/media?parent=33731"}],"wp:term":[{"taxonomy":"category","embeddable":true,"href":"https:\/\/vocesparalelas.com.ar\/sitio\/wp-json\/wp\/v2\/categories?post=33731"},{"taxonomy":"post_tag","embeddable":true,"href":"https:\/\/vocesparalelas.com.ar\/sitio\/wp-json\/wp\/v2\/tags?post=33731"}],"curies":[{"name":"wp","href":"https:\/\/api.w.org\/{rel}","templated":true}]}}