{"id":33721,"date":"2020-12-17T22:11:03","date_gmt":"2020-12-18T01:11:03","guid":{"rendered":"http:\/\/vocesparalelas.com.ar\/sitio\/?p=33721"},"modified":"2020-12-19T01:24:41","modified_gmt":"2020-12-19T04:24:41","slug":"se-prorroga-por-un-ano-los-certificados-unicos-de-discapacidad","status":"publish","type":"post","link":"https:\/\/vocesparalelas.com.ar\/sitio\/se-prorroga-por-un-ano-los-certificados-unicos-de-discapacidad\/","title":{"rendered":"Se prorroga por un a\u00f1o los Certificados \u00danicos de Discapacidad"},"content":{"rendered":"<p>La Direcci\u00f3n de Personas con Discapacidad, dependiente del Ministerio de Desarrollo Humano y Promoci\u00f3n Social del Gobierno de San Juan, informa a la comunidad que a trav\u00e9s de resoluci\u00f3n 1116\/2020 de la Agencia Nacional de Discapacidad, establece que los Certificados \u00danicos de Discapacidad &#8211; CUD &#8211; que venzan en el a\u00f1o 2021, se prorrogar\u00e1n por el t\u00e9rmino de un a\u00f1o, contado desde su vencimiento.<\/p>\n<p>Seg\u00fan lo publicado en el Bolet\u00edn Oficial, la pr\u00f3rroga ser\u00e1 para aquellos certificados con vencimiento entre el 1\u00b0 de enero y el 31 de diciembre de este a\u00f1o. Como tambi\u00e9n la extensi\u00f3n de los S\u00edmbolos Internacionales de Acceso, que son utilizados para el libre tr\u00e1nsito y los lugares especiales de estacionamiento.<\/p>\n<p>La normativa recuerda que la Agencia Nacional de Discapacidad certificar\u00e1 en cada caso la existencia de la discapacidad, su naturaleza y su grado, como as\u00ed tambi\u00e9n las posibilidades de rehabilitaci\u00f3n del afectado.<\/p>\n<p><strong><span style=\"color: #ff0000;\">Qu\u00e9 es el CUD<\/span><\/strong><\/p>\n<p>El Certificado \u00danico de Discapacidad &#8211; CUD &#8211; es el documento que certifica la discapacidad de la persona y le permite acceder a derechos y prestaciones que brinda el Estado como: salud, transporte y asignaciones familiares.<\/p>\n<p>Para emitirlo, una Junta Evaluadora interdisciplinaria determinar\u00e1 si corresponde la emisi\u00f3n del Certificado \u00danico de Discapacidad.<\/p>\n<p>Para m\u00e1s informaci\u00f3n comunicarse al tel\u00e9fono 421 6606 o por la Direcci\u00f3n de Personas con Discapacidad, ubicada en Rivadavia 679 &#8211; O &#8211; Capital, de Lunes a Viernes, de 8 a 12 horas.<\/p>\n","protected":false},"excerpt":{"rendered":"<p>La Direcci\u00f3n de Personas con Discapacidad, dependiente del Ministerio de Desarrollo Humano y Promoci\u00f3n Social del Gobierno de San Juan,<\/p>\n","protected":false},"author":3,"featured_media":21345,"comment_status":"closed","ping_status":"closed","sticky":false,"template":"","format":"standard","meta":{"_acf_changed":false,"_seopress_robots_primary_cat":"none","_seopress_titles_title":"","_seopress_titles_desc":"","_seopress_robots_index":"","colormag_page_container_layout":"default_layout","colormag_page_sidebar_layout":"default_layout","footnotes":""},"categories":[2],"tags":[],"class_list":["post-33721","post","type-post","status-publish","format-standard","has-post-thumbnail","hentry","category-convocatorias"],"acf":[],"_links":{"self":[{"href":"https:\/\/vocesparalelas.com.ar\/sitio\/wp-json\/wp\/v2\/posts\/33721","targetHints":{"allow":["GET"]}}],"collection":[{"href":"https:\/\/vocesparalelas.com.ar\/sitio\/wp-json\/wp\/v2\/posts"}],"about":[{"href":"https:\/\/vocesparalelas.com.ar\/sitio\/wp-json\/wp\/v2\/types\/post"}],"author":[{"embeddable":true,"href":"https:\/\/vocesparalelas.com.ar\/sitio\/wp-json\/wp\/v2\/users\/3"}],"replies":[{"embeddable":true,"href":"https:\/\/vocesparalelas.com.ar\/sitio\/wp-json\/wp\/v2\/comments?post=33721"}],"version-history":[{"count":1,"href":"https:\/\/vocesparalelas.com.ar\/sitio\/wp-json\/wp\/v2\/posts\/33721\/revisions"}],"predecessor-version":[{"id":33723,"href":"https:\/\/vocesparalelas.com.ar\/sitio\/wp-json\/wp\/v2\/posts\/33721\/revisions\/33723"}],"wp:featuredmedia":[{"embeddable":true,"href":"https:\/\/vocesparalelas.com.ar\/sitio\/wp-json\/wp\/v2\/media\/21345"}],"wp:attachment":[{"href":"https:\/\/vocesparalelas.com.ar\/sitio\/wp-json\/wp\/v2\/media?parent=33721"}],"wp:term":[{"taxonomy":"category","embeddable":true,"href":"https:\/\/vocesparalelas.com.ar\/sitio\/wp-json\/wp\/v2\/categories?post=33721"},{"taxonomy":"post_tag","embeddable":true,"href":"https:\/\/vocesparalelas.com.ar\/sitio\/wp-json\/wp\/v2\/tags?post=33721"}],"curies":[{"name":"wp","href":"https:\/\/api.w.org\/{rel}","templated":true}]}}