{"id":33623,"date":"2020-12-15T00:37:56","date_gmt":"2020-12-15T03:37:56","guid":{"rendered":"http:\/\/vocesparalelas.com.ar\/sitio\/?p=33623"},"modified":"2020-12-15T00:37:56","modified_gmt":"2020-12-15T03:37:56","slug":"microemprendimientos-de-desarrollo-social-fueron-beneficiados-con-el-fondo-minero-para-el-desarrollo-de-las-comunidades","status":"publish","type":"post","link":"https:\/\/vocesparalelas.com.ar\/sitio\/microemprendimientos-de-desarrollo-social-fueron-beneficiados-con-el-fondo-minero-para-el-desarrollo-de-las-comunidades\/","title":{"rendered":"Microemprendimientos de Desarrollo Social fueron beneficiados con el \u201cFondo Minero para el Desarrollo de las Comunidades\u201d"},"content":{"rendered":"<p>Con una inversi\u00f3n de 2 millones de pesos, para 42 beneficiarios del Departamento J\u00e1chal, de la Provincia de San Juan con dinero proveniente del \u201cFondo Minero para el Desarrollo de las Comunidades\u201d.<\/p>\n<p>Entre los que se encuentran emprendedores del Centro de J\u00e1chal, las localidades de Niquivil, Huaco, Pampa Vieja, El Fical, La Represa, Gran China, Tamber\u00edas, San Isidro y Villa Mercedes.<\/p>\n<p>Subsidios que fueron destinados para microemprendimientos de Alba\u00f1iler\u00eda, Metal\u00fargica, Herrer\u00eda, Textil, Panificaci\u00f3n, Lavadero, Gastronom\u00eda, Producci\u00f3n agr\u00edcola, Mec\u00e1nica del automotor, Peluquer\u00eda, Servicios de Refrigeraci\u00f3n, Elaboraci\u00f3n de embutidos, Reparaci\u00f3n de celulares e inform\u00e1tica, Artesan\u00edas, Producci\u00f3n av\u00edcola, Plomer\u00eda y Carpinter\u00eda.<\/p>\n<p>La entrega la realiz\u00f3 el intendente de la Municipalidad de J\u00e1chal, CPN Miguel Vega, y funcionarios del Poder Ejecutivo Municipal durante el fin de semana.<\/p>\n<p>Se trata de 17 de los 42 beneficiarios que fueron agraciados por el equipamiento y contin\u00faa la entrega para el resto de los propietarios de microemprendimientos sociales.<\/p>\n<p><span style=\"color: #008000;\"><strong>Beneficiarios <\/strong><\/span><\/p>\n<ul>\n<li>Trigo, Ana Amelia: 1 M\u00e1quina de coser Flia \u2013 Janome2030QDC.<\/li>\n<li><span style=\"line-height: 1.5;\">Munizaga, H\u00e9ctor: 1 Llave de Impacto \u00bd inal\u00e1mbrica 20V DEWALT.<\/span><\/li>\n<li><span style=\"line-height: 1.5;\">Duran, Ra\u00fal: 1 Equipo Soldadora aut\u00f3gena completa 01 kg x 01 mt\u00a0 y 1 Cortadora de ca\u00f1o para refrigeraci\u00f3n 1\/8 A a-3\/8.<\/span><\/li>\n<li><span style=\"line-height: 1.5;\">Iribarren, Mar\u00eda Celina: 1 M\u00e1quina de coser Flia \u2013 BERNETTE SEW-GO5.<\/span><\/li>\n<li><span style=\"line-height: 1.5;\">Espejo, Oscar: 1 Picadora de carne.<\/span><\/li>\n<li><span style=\"line-height: 1.5;\">Dom\u00ednguez, Cintia: 1 Estampadora 8 en 1.<\/span><\/li>\n<li><span style=\"line-height: 1.5;\">Figueroa, Graciela: 1 Mezcladora de carne.<\/span><\/li>\n<li><span style=\"line-height: 1.5;\">Caballero Tejada, Rodolfo: 1 Soldadora el\u00e9ctrica Inverter 200\u00aa \u2013 Gladiador, 1 Mascara fotosensible Gladiador, 1 Amoladora Angular 230mm \u2013 Gladiador, 1 Taladro Percutor 13mm mOD TP513 800W, 1 Morza de banco Hobbista 5 \u2013 N-Tools.<\/span><\/li>\n<li><span style=\"line-height: 1.5;\">Castro, Juan: 1 Sierra Ingletadora 255mm \u2013 1500w SSP Makita.<\/span><\/li>\n<li><span style=\"line-height: 1.5;\">Heredia Bruno, Rosa: 1 M\u00e1quina de coser Fliar BERNETTE.<\/span><\/li>\n<li><span style=\"line-height: 1.5;\">Garro, Margarita: 1 M\u00e1quina de coser FLIAR SEG&amp;GO5, 1 Engrampadora Neum\u00e1tica, 1 Hilo bobina N\u00ba 120 X 2000 mts.<\/span><\/li>\n<li><span style=\"line-height: 1.5;\">Luna, Dante: 1 Amasadora 12 kg Harina \/ 20 kg masa.<\/span><\/li>\n<li><span style=\"line-height: 1.5;\">Perramon, Ra\u00fal: 1 Carretilla reforzada N\u00ba 18 rueda neum\u00e1tica, 2 Palas carbonera cabo corto estampada \u2013 Mois\u00e9s, 1 Desmalezadora 52cc \u2013 Forest &amp; Garden, 2 Palas coraz\u00f3n cabo corto estampada \u2013 Mois\u00e9s, 2 Azada mendocina N\u00ba 3.<\/span><\/li>\n<li><span style=\"line-height: 1.5;\">Sarracina Lucia: 1 Horno El\u00e9ctrico Atma 90 litros, 1 Batidora de mano Philips.<\/span><\/li>\n<li><span style=\"line-height: 1.5;\">Tapia, Luis: 1 Hidrolavadora 150 bar &#8211; 1800w gladiator, 1 Compresor mando directo 24 lts &#8211; 2hp gladiator.<\/span><\/li>\n<li><span style=\"line-height: 1.5;\">Cortez, Adela: 20 mtsTela tropical 1.50 mts, 20 mts Tela tropical con fantas\u00eda, 3 Bovinas Hilo, 10 Cierre invisible 45 cm suelto, 1 M\u00e1quina de coser flia. Bernette Sew-Go 01, 20 mts Tela repasador estampada.<\/span><\/li>\n<li><span style=\"line-height: 1.5;\">Mart\u00ednez, Marcelo: 1 Maquina Hormigonera, 1 Termofusora Stanley, 1 Carretilla de 70 lts.<\/span><\/li>\n<\/ul>\n<p>&nbsp;<\/p>\n<p><img loading=\"lazy\" decoding=\"async\" class=\"alignnone wp-image-33626 size-full\" src=\"https:\/\/vocesparalelas.com.ar\/sitio\/wp-content\/uploads\/2020\/12\/JACHAL-MINERO-02.jpg\" alt=\"\" width=\"800\" height=\"533\" srcset=\"https:\/\/vocesparalelas.com.ar\/sitio\/wp-content\/uploads\/2020\/12\/JACHAL-MINERO-02.jpg 800w, https:\/\/vocesparalelas.com.ar\/sitio\/wp-content\/uploads\/2020\/12\/JACHAL-MINERO-02-300x200.jpg 300w, https:\/\/vocesparalelas.com.ar\/sitio\/wp-content\/uploads\/2020\/12\/JACHAL-MINERO-02-768x512.jpg 768w\" sizes=\"auto, (max-width: 800px) 100vw, 800px\" \/><\/p>\n<p>&nbsp;<\/p>\n","protected":false},"excerpt":{"rendered":"<p>Con una inversi\u00f3n de 2 millones de pesos, para 42 beneficiarios del Departamento J\u00e1chal, de la Provincia de San Juan<\/p>\n","protected":false},"author":3,"featured_media":33625,"comment_status":"closed","ping_status":"closed","sticky":false,"template":"","format":"standard","meta":{"_acf_changed":false,"_seopress_robots_primary_cat":"none","_seopress_titles_title":"","_seopress_titles_desc":"","_seopress_robots_index":"","colormag_page_container_layout":"default_layout","colormag_page_sidebar_layout":"default_layout","footnotes":""},"categories":[1],"tags":[],"class_list":["post-33623","post","type-post","status-publish","format-standard","has-post-thumbnail","hentry","category-destacadas"],"acf":[],"_links":{"self":[{"href":"https:\/\/vocesparalelas.com.ar\/sitio\/wp-json\/wp\/v2\/posts\/33623","targetHints":{"allow":["GET"]}}],"collection":[{"href":"https:\/\/vocesparalelas.com.ar\/sitio\/wp-json\/wp\/v2\/posts"}],"about":[{"href":"https:\/\/vocesparalelas.com.ar\/sitio\/wp-json\/wp\/v2\/types\/post"}],"author":[{"embeddable":true,"href":"https:\/\/vocesparalelas.com.ar\/sitio\/wp-json\/wp\/v2\/users\/3"}],"replies":[{"embeddable":true,"href":"https:\/\/vocesparalelas.com.ar\/sitio\/wp-json\/wp\/v2\/comments?post=33623"}],"version-history":[{"count":1,"href":"https:\/\/vocesparalelas.com.ar\/sitio\/wp-json\/wp\/v2\/posts\/33623\/revisions"}],"predecessor-version":[{"id":33627,"href":"https:\/\/vocesparalelas.com.ar\/sitio\/wp-json\/wp\/v2\/posts\/33623\/revisions\/33627"}],"wp:featuredmedia":[{"embeddable":true,"href":"https:\/\/vocesparalelas.com.ar\/sitio\/wp-json\/wp\/v2\/media\/33625"}],"wp:attachment":[{"href":"https:\/\/vocesparalelas.com.ar\/sitio\/wp-json\/wp\/v2\/media?parent=33623"}],"wp:term":[{"taxonomy":"category","embeddable":true,"href":"https:\/\/vocesparalelas.com.ar\/sitio\/wp-json\/wp\/v2\/categories?post=33623"},{"taxonomy":"post_tag","embeddable":true,"href":"https:\/\/vocesparalelas.com.ar\/sitio\/wp-json\/wp\/v2\/tags?post=33623"}],"curies":[{"name":"wp","href":"https:\/\/api.w.org\/{rel}","templated":true}]}}