{"id":33395,"date":"2020-12-04T23:19:35","date_gmt":"2020-12-05T02:19:35","guid":{"rendered":"http:\/\/vocesparalelas.com.ar\/sitio\/?p=33395"},"modified":"2020-12-07T23:25:20","modified_gmt":"2020-12-08T02:25:20","slug":"se-lanzo-verano-seguro-20-21-en-san-juan","status":"publish","type":"post","link":"https:\/\/vocesparalelas.com.ar\/sitio\/se-lanzo-verano-seguro-20-21-en-san-juan\/","title":{"rendered":"Se lanz\u00f3 \u00abVerano Seguro 20-21\u00bb en San Juan"},"content":{"rendered":"<p>El vicegobernador de San Juan, CPN Roberto Gattoni, en ejercicio del Poder Ejecutivo, presidi\u00f3 el acto \u00a0de lanzamiento del flamante operativo \u00abVerano Seguro 20-21\u00bb.<\/p>\n<p>Bajo el marco de prevenci\u00f3n y seguridad, el operativo tiene como objetivo primordial garantizar y proteger las zonas elegidas por los sanjuaninos y turistas que lleguen a la provincia, en busca de lugares de esparcimiento. Poniendo foco en la prevenci\u00f3n, as\u00ed como tambi\u00e9n en el cumplimiento de los protocolos vigentes y seguridad.<\/p>\n<p>Como todos los a\u00f1os, el operativo abarca los lugares y zonas tur\u00edsticas de San Juan con controles de alcoholemia, controles viales y los permisos espec\u00edficos para desarrollar actividades al aire libre autorizadas por el Comit\u00e9 COVID-19.<\/p>\n<p>Cerca de 500 efectivos, contando el refuerzo de las comisarias jurisdiccionales, estar\u00e1n afectados por d\u00eda a los operativos desplegados en las zonas tur\u00edsticas de Rivadavia, Ullum, Zonda, Calingasta, Iglesia, Valle F\u00e9rtil, Sarmiento, J\u00e1chal y la Ruta Interlagos.<\/p>\n<p>Cabe destacar que dentro del operativo est\u00e1n involucrados el personal del Comando Radioel\u00e9ctrico, divisi\u00f3n Tr\u00e1nsito, Canes y Montada, G.A.M, Grupo GERAS y Bomberos, adem\u00e1s de las Comisar\u00edas y Departamentales correspondientes.<\/p>\n<p><img loading=\"lazy\" decoding=\"async\" class=\"alignnone wp-image-33399 size-full\" src=\"https:\/\/vocesparalelas.com.ar\/sitio\/wp-content\/uploads\/2020\/12\/SEGURIDAD-VERANO-03.jpg\" alt=\"\" width=\"800\" height=\"454\" srcset=\"https:\/\/vocesparalelas.com.ar\/sitio\/wp-content\/uploads\/2020\/12\/SEGURIDAD-VERANO-03.jpg 800w, https:\/\/vocesparalelas.com.ar\/sitio\/wp-content\/uploads\/2020\/12\/SEGURIDAD-VERANO-03-300x170.jpg 300w, https:\/\/vocesparalelas.com.ar\/sitio\/wp-content\/uploads\/2020\/12\/SEGURIDAD-VERANO-03-768x436.jpg 768w\" sizes=\"auto, (max-width: 800px) 100vw, 800px\" \/><\/p>\n<p>Durante el acto lanzamiento, Gattoni detall\u00f3 parte de lo que ser\u00e1 el operativo durante la pr\u00f3xima temporada de verano manifestado que \u201ceste es un operativo de protecci\u00f3n, de cuidado y de prevenci\u00f3n que se viene realizando con mucho \u00e9xito durante mucho tiempo pero este a\u00f1o requiere un esfuerzo adicional por parte del personal policial y tambi\u00e9n de la comunidad. Primero porque la afluencia de gente va a ser mucho mayor que a\u00f1os anteriores. Los sanjuaninos por las circunstancias de la pandemia, en su gran mayor\u00eda, van a la elegir quedarse en San Juan y pasear en los departamentos de Rivadavia, Ullum, Valle F\u00e9rtil, Calingasta, Iglesia, J\u00e1chal, Pocito, Sarmiento y Zonda. Por ende, la afluencia de tr\u00e1nsito va a ser mucho mayor con lo cual la prevenci\u00f3n y el esfuerzo de los 500 integrantes de este operativo va a ser mucho mayor. Adem\u00e1s se agrega la tarea de hacer el control del cumplimiento de los protocolos COVID-19 del estatus sanitario\u201d.<\/p>\n<p>En ese sentido, recalc\u00f3 la importancia del accionar policial para el resguardo de todos los ciudadanos en esta pr\u00f3xima temporada at\u00edpica y pidi\u00f3 a los sanjuaninos su m\u00e1xima colaboraci\u00f3n para con el mismo. \u201cEs muy importante que adem\u00e1s la polic\u00eda contribuya en cuidar que se respete en todos estos lugares tur\u00edsticos el distanciamiento social, el uso de barbijo, y el lavado de manos. Contribuir con la polic\u00eda en este esfuerzo es muy importante. Por eso creo que en este operativo quiero apelar a la comunidad, a los sanjuaninos, a pedirles que respeten y cumplan las indicaciones en el operativo de \u2018Verano 20-21\u2019. Entiendan que es un personal que viene haciendo un esfuerzo sin descanso desde hace much\u00edsimos meses y requiere del cuidado y la colaboraci\u00f3n por parte de toda la ciudadan\u00eda\u201d, cerr\u00f3 Gattoni.<\/p>\n<p>Por su parte, el Dr. Carlos Munisaga en voz un\u00edsona con Gattoni procedi\u00f3 a detallar el operativo que se ver\u00e1 en esta pr\u00f3xima temporada: \u201cEl operativo \u2018Verano 20-21 tendr\u00e1 como distintivo una asignaci\u00f3n especial de recursos, con un involucramiento de casi 500 efectivos para cumplir esta tarea en el territorio provincial, con la asignaci\u00f3n de recursos materiales para que la misma se pueda hacer de la mejor manera y con la mayor eficacia. Adem\u00e1s el otro objetivo principal ser\u00e1 cuidar el estatus sanitario. Este operativo, junto con la colaboraci\u00f3n que estamos llevando adelante en la coordinaci\u00f3n del cumplimiento de protocolos y de las normas b\u00e1sicas de distanciamiento social y que hemos fijado en esta \u00e9poca de relacionamiento, a partir de la emergencia de la pandemia, y que se ha podido coordinar junto con el trabajo y el esfuerzo que hacen los intendentes, los municipios, las \u00e1reas del poder ejecutivo provincial y los ministerios. Junto con el trabajo de la polic\u00eda tendr\u00e1n el fin tambi\u00e9n de evitar los aglutinamientos peligrosos y hacer efectiva las medidas de distanciamiento social que nos permitir\u00e1n pasar un verano tambi\u00e9n con seguridad y buscando que entre todos nos cuidemos y podamos sobrepasar de la mejor manera esta etapa de pandemia\u201d.<\/p>\n<p>Acto seguido, Luis Mart\u00ednez puso en alza el accionar provincial en tiempos de pandemia destacando que \u201cla provincia de San Juan no ha retenido sus actividades, todo lo contrario. Desde el estado provincial se ha generado la posibilidad de que todas las actividades, incluso la empresarial, industrial, comercial, vayan paulatinamente activ\u00e1ndose. Quiero agradecer especialmente a las autoridades de gobierno y a las autoridades que nos acompa\u00f1an en este acto por permitir a la polic\u00eda de San Juan trabaje interrelacionada con los otros organismos del estado y organizaciones gubernamentales porque como lo dice el slogan de este operativo \u2018Verano Seguro\u2019: \u2018La seguridad hoy por hoy, la hacemos todos\u00bb.<\/p>\n<p>Al cierre, el intendente Leopoldo Soler extendi\u00f3 unas felicitaciones al gobierno provincial y a las fuerzas policiales por lo realizado en materia de seguridad. \u201cQuiero felicitar al gobierno de la provincia por esta medida firme y decidida que desde hace varios a\u00f1os tiene su continuidad y arroja sus frutos positivos sin lugar a duda a toda la ciudadan\u00eda de la provincia. Tambi\u00e9n quiero felicitar muy especialmente a la gente de la fuerza, quien son quienes tienen la parte m\u00e1s ejecutiva de este ejercicio que verano tras verano se hace\u201d, cerr\u00f3 Soler.<\/p>\n<p>Acompa\u00f1ando al vicegobernador, estuvieron el secretario de Estado de Seguridad y Orden P\u00fablico, Dr. Carlos Munisaga; el jefe de Polic\u00eda de San Juan, Luis Mart\u00ednez; de manera virtual, la ministra de Turismo y Cultura, Lic. Claudia Grynszpan; el intendente municipal del departamento de Ullum, Leopoldo Soler; el diputado provincial por Rivadavia, Sergio Miodowsky; el presidente del Concejo Deliberante del departamento Zonda, Gonzalo Oyola; el presidente del Concejo Deliberante del departamento Rivadavia, Dr. Juan Cruz C\u00f3rdoba; y dem\u00e1s autoridades provinciales.<\/p>\n<p><img loading=\"lazy\" decoding=\"async\" class=\"alignnone wp-image-33400 size-full\" src=\"https:\/\/vocesparalelas.com.ar\/sitio\/wp-content\/uploads\/2020\/12\/SEGURIDAD-VERANO-04.jpg\" alt=\"\" width=\"800\" height=\"415\" srcset=\"https:\/\/vocesparalelas.com.ar\/sitio\/wp-content\/uploads\/2020\/12\/SEGURIDAD-VERANO-04.jpg 800w, https:\/\/vocesparalelas.com.ar\/sitio\/wp-content\/uploads\/2020\/12\/SEGURIDAD-VERANO-04-300x156.jpg 300w, https:\/\/vocesparalelas.com.ar\/sitio\/wp-content\/uploads\/2020\/12\/SEGURIDAD-VERANO-04-768x398.jpg 768w\" sizes=\"auto, (max-width: 800px) 100vw, 800px\" \/><\/p>\n<p><img loading=\"lazy\" decoding=\"async\" class=\"alignnone wp-image-33398 size-full\" src=\"https:\/\/vocesparalelas.com.ar\/sitio\/wp-content\/uploads\/2020\/12\/SEGURIDAD-VERANO-02.jpg\" alt=\"\" width=\"800\" height=\"534\" srcset=\"https:\/\/vocesparalelas.com.ar\/sitio\/wp-content\/uploads\/2020\/12\/SEGURIDAD-VERANO-02.jpg 800w, https:\/\/vocesparalelas.com.ar\/sitio\/wp-content\/uploads\/2020\/12\/SEGURIDAD-VERANO-02-300x200.jpg 300w, https:\/\/vocesparalelas.com.ar\/sitio\/wp-content\/uploads\/2020\/12\/SEGURIDAD-VERANO-02-768x513.jpg 768w\" sizes=\"auto, (max-width: 800px) 100vw, 800px\" \/><\/p>\n<p>&nbsp;<\/p>\n<p>&nbsp;<\/p>\n","protected":false},"excerpt":{"rendered":"<p>El vicegobernador de San Juan, CPN Roberto Gattoni, en ejercicio del Poder Ejecutivo, presidi\u00f3 el acto \u00a0de lanzamiento del flamante<\/p>\n","protected":false},"author":3,"featured_media":33397,"comment_status":"closed","ping_status":"closed","sticky":false,"template":"","format":"standard","meta":{"_acf_changed":false,"_seopress_robots_primary_cat":"none","_seopress_titles_title":"","_seopress_titles_desc":"","_seopress_robots_index":"","colormag_page_container_layout":"default_layout","colormag_page_sidebar_layout":"default_layout","footnotes":""},"categories":[6],"tags":[],"class_list":["post-33395","post","type-post","status-publish","format-standard","has-post-thumbnail","hentry","category-eventos"],"acf":[],"_links":{"self":[{"href":"https:\/\/vocesparalelas.com.ar\/sitio\/wp-json\/wp\/v2\/posts\/33395","targetHints":{"allow":["GET"]}}],"collection":[{"href":"https:\/\/vocesparalelas.com.ar\/sitio\/wp-json\/wp\/v2\/posts"}],"about":[{"href":"https:\/\/vocesparalelas.com.ar\/sitio\/wp-json\/wp\/v2\/types\/post"}],"author":[{"embeddable":true,"href":"https:\/\/vocesparalelas.com.ar\/sitio\/wp-json\/wp\/v2\/users\/3"}],"replies":[{"embeddable":true,"href":"https:\/\/vocesparalelas.com.ar\/sitio\/wp-json\/wp\/v2\/comments?post=33395"}],"version-history":[{"count":1,"href":"https:\/\/vocesparalelas.com.ar\/sitio\/wp-json\/wp\/v2\/posts\/33395\/revisions"}],"predecessor-version":[{"id":33401,"href":"https:\/\/vocesparalelas.com.ar\/sitio\/wp-json\/wp\/v2\/posts\/33395\/revisions\/33401"}],"wp:featuredmedia":[{"embeddable":true,"href":"https:\/\/vocesparalelas.com.ar\/sitio\/wp-json\/wp\/v2\/media\/33397"}],"wp:attachment":[{"href":"https:\/\/vocesparalelas.com.ar\/sitio\/wp-json\/wp\/v2\/media?parent=33395"}],"wp:term":[{"taxonomy":"category","embeddable":true,"href":"https:\/\/vocesparalelas.com.ar\/sitio\/wp-json\/wp\/v2\/categories?post=33395"},{"taxonomy":"post_tag","embeddable":true,"href":"https:\/\/vocesparalelas.com.ar\/sitio\/wp-json\/wp\/v2\/tags?post=33395"}],"curies":[{"name":"wp","href":"https:\/\/api.w.org\/{rel}","templated":true}]}}