{"id":33388,"date":"2020-12-04T13:49:28","date_gmt":"2020-12-04T16:49:28","guid":{"rendered":"http:\/\/vocesparalelas.com.ar\/sitio\/?p=33388"},"modified":"2020-12-07T23:25:55","modified_gmt":"2020-12-08T02:25:55","slug":"cronograma-de-pago-del-medio-aguinaldo-a-empleados-publicos-de-san-juan","status":"publish","type":"post","link":"https:\/\/vocesparalelas.com.ar\/sitio\/cronograma-de-pago-del-medio-aguinaldo-a-empleados-publicos-de-san-juan\/","title":{"rendered":"Cronograma de pago del medio aguinaldo a Empleados P\u00fablicos de San Juan"},"content":{"rendered":"<p>Cumpliendo con el cronograma de pagos establecido, los empleados de la administraci\u00f3n p\u00fablica provincial podr\u00e1n disponer de los haberes correspondientes a la segunda cuota del SAC, los que est\u00e1n acreditados en cajeros autom\u00e1ticos de la siguiente forma a los fines de mantener el distanciamiento social y cuidar la salud de la poblaci\u00f3n:<\/p>\n<ul>\n<li>Jueves, 17 de Diciembre: terminaci\u00f3n de DNI 0, 1 y 2<\/li>\n<li>Viernes, 18 de Diciembre: terminaci\u00f3n de DNI 3, 4 y 5<\/li>\n<li>S\u00e1bado, 19 de Diciembre: terminaci\u00f3n de DNI 6, 7, 8 y 9<\/li>\n<\/ul>\n<p>Asimismo, se recuerda que los cajeros autom\u00e1ticos funcionan las 24 horas, por lo que se solicita evitar horarios y cajeros con gran afluencia de p\u00fablico, no asistir acompa\u00f1ados, usar tapabocas, mantener dos metros de distancia entre personas y desinfectar las manos luego del uso de cajeros y manipulaci\u00f3n de dinero.<\/p>\n<p>Tambi\u00e9n, se solicita a la poblaci\u00f3n tener presente que est\u00e1n vigentes las extracciones con tarjeta de d\u00e9bito en los principales supermercados y estaciones de servicio de la provincia, entre otros comercios identificados con el logo de Visa &#8211; Extra cash.<\/p>\n<p>La forma m\u00e1s eficaz de luchar contra la pandemia es con la colaboraci\u00f3n y la responsabilidad de todos los sanjuaninos.<\/p>\n","protected":false},"excerpt":{"rendered":"<p>Cumpliendo con el cronograma de pagos establecido, los empleados de la administraci\u00f3n p\u00fablica provincial podr\u00e1n disponer de los haberes correspondientes<\/p>\n","protected":false},"author":3,"featured_media":1245,"comment_status":"closed","ping_status":"closed","sticky":false,"template":"","format":"standard","meta":{"_acf_changed":false,"_seopress_robots_primary_cat":"none","_seopress_titles_title":"","_seopress_titles_desc":"","_seopress_robots_index":"","colormag_page_container_layout":"default_layout","colormag_page_sidebar_layout":"default_layout","footnotes":""},"categories":[6],"tags":[],"class_list":["post-33388","post","type-post","status-publish","format-standard","has-post-thumbnail","hentry","category-eventos"],"acf":[],"_links":{"self":[{"href":"https:\/\/vocesparalelas.com.ar\/sitio\/wp-json\/wp\/v2\/posts\/33388","targetHints":{"allow":["GET"]}}],"collection":[{"href":"https:\/\/vocesparalelas.com.ar\/sitio\/wp-json\/wp\/v2\/posts"}],"about":[{"href":"https:\/\/vocesparalelas.com.ar\/sitio\/wp-json\/wp\/v2\/types\/post"}],"author":[{"embeddable":true,"href":"https:\/\/vocesparalelas.com.ar\/sitio\/wp-json\/wp\/v2\/users\/3"}],"replies":[{"embeddable":true,"href":"https:\/\/vocesparalelas.com.ar\/sitio\/wp-json\/wp\/v2\/comments?post=33388"}],"version-history":[{"count":2,"href":"https:\/\/vocesparalelas.com.ar\/sitio\/wp-json\/wp\/v2\/posts\/33388\/revisions"}],"predecessor-version":[{"id":33391,"href":"https:\/\/vocesparalelas.com.ar\/sitio\/wp-json\/wp\/v2\/posts\/33388\/revisions\/33391"}],"wp:featuredmedia":[{"embeddable":true,"href":"https:\/\/vocesparalelas.com.ar\/sitio\/wp-json\/wp\/v2\/media\/1245"}],"wp:attachment":[{"href":"https:\/\/vocesparalelas.com.ar\/sitio\/wp-json\/wp\/v2\/media?parent=33388"}],"wp:term":[{"taxonomy":"category","embeddable":true,"href":"https:\/\/vocesparalelas.com.ar\/sitio\/wp-json\/wp\/v2\/categories?post=33388"},{"taxonomy":"post_tag","embeddable":true,"href":"https:\/\/vocesparalelas.com.ar\/sitio\/wp-json\/wp\/v2\/tags?post=33388"}],"curies":[{"name":"wp","href":"https:\/\/api.w.org\/{rel}","templated":true}]}}