{"id":33323,"date":"2020-12-03T01:09:44","date_gmt":"2020-12-03T04:09:44","guid":{"rendered":"http:\/\/vocesparalelas.com.ar\/sitio\/?p=33323"},"modified":"2020-12-03T21:49:54","modified_gmt":"2020-12-04T00:49:54","slug":"las-clases-virtuales-llegaron-para-quedarse-en-la-vida-del-estudiante-universitario","status":"publish","type":"post","link":"https:\/\/vocesparalelas.com.ar\/sitio\/las-clases-virtuales-llegaron-para-quedarse-en-la-vida-del-estudiante-universitario\/","title":{"rendered":"\u00abLas clases virtuales llegaron para quedarse en la vida del estudiante universitario\u00bb"},"content":{"rendered":"<p>Frente a la pandemia del COVID -19 y sin clases presenciales en la Facultad de Ingenier\u00eda de la Universidad Nacional de San Juan. Solo las actividades son online cuando todas las carreras que se dictan necesitan de la parte pr\u00e1ctica de campo o laboratorio.<\/p>\n<p>Es importante aclara que la pandemia azot\u00f3 al mundo y en el caso de la provincia de San Juan, Rep\u00fablica Argentina, no tuvo clases presenciales durante el Ciclo Lectivo 2020 pero\u00a0s\u00ed online. Esto provoca una serie de inconvenientes porque no todo los alumnos tienen la misma posibilidad de tener las herramientas educativas para acceder a este tipo de clases como conectividad, notebook, computadora o un celular t\u00e9cnicamente m\u00e1s sofisticado y mucho m\u00e1s.<\/p>\n<p>Por ello, Voces Paralelas entrevist\u00f3 al Decano de la FI de la UNSJ, Dr. Tadeo Berenguer, quien realiz\u00f3 un an\u00e1lisis del Ciclo Lectivo 2020 y desarroll\u00f3 reflexiones sobre esta situaci\u00f3n.<\/p>\n<p><iframe loading=\"lazy\" title=\"FI UNSJ DR. TADEO BERENGUER\" width=\"800\" height=\"450\" src=\"https:\/\/www.youtube.com\/embed\/QACSysLjxSw?feature=oembed\" frameborder=\"0\" allow=\"accelerometer; autoplay; clipboard-write; encrypted-media; gyroscope; picture-in-picture\" allowfullscreen><\/iframe><\/p>\n<p>&nbsp;<\/p>\n","protected":false},"excerpt":{"rendered":"<p>Frente a la pandemia del COVID -19 y sin clases presenciales en la Facultad de Ingenier\u00eda de la Universidad Nacional<\/p>\n","protected":false},"author":3,"featured_media":33325,"comment_status":"closed","ping_status":"closed","sticky":false,"template":"","format":"video","meta":{"_acf_changed":false,"_seopress_robots_primary_cat":"none","_seopress_titles_title":"","_seopress_titles_desc":"","_seopress_robots_index":"","colormag_page_container_layout":"default_layout","colormag_page_sidebar_layout":"default_layout","footnotes":""},"categories":[10,7],"tags":[],"class_list":["post-33323","post","type-post","status-publish","format-video","has-post-thumbnail","hentry","category-opiniones","category-videos","post_format-post-format-video"],"acf":[],"_links":{"self":[{"href":"https:\/\/vocesparalelas.com.ar\/sitio\/wp-json\/wp\/v2\/posts\/33323","targetHints":{"allow":["GET"]}}],"collection":[{"href":"https:\/\/vocesparalelas.com.ar\/sitio\/wp-json\/wp\/v2\/posts"}],"about":[{"href":"https:\/\/vocesparalelas.com.ar\/sitio\/wp-json\/wp\/v2\/types\/post"}],"author":[{"embeddable":true,"href":"https:\/\/vocesparalelas.com.ar\/sitio\/wp-json\/wp\/v2\/users\/3"}],"replies":[{"embeddable":true,"href":"https:\/\/vocesparalelas.com.ar\/sitio\/wp-json\/wp\/v2\/comments?post=33323"}],"version-history":[{"count":2,"href":"https:\/\/vocesparalelas.com.ar\/sitio\/wp-json\/wp\/v2\/posts\/33323\/revisions"}],"predecessor-version":[{"id":33339,"href":"https:\/\/vocesparalelas.com.ar\/sitio\/wp-json\/wp\/v2\/posts\/33323\/revisions\/33339"}],"wp:featuredmedia":[{"embeddable":true,"href":"https:\/\/vocesparalelas.com.ar\/sitio\/wp-json\/wp\/v2\/media\/33325"}],"wp:attachment":[{"href":"https:\/\/vocesparalelas.com.ar\/sitio\/wp-json\/wp\/v2\/media?parent=33323"}],"wp:term":[{"taxonomy":"category","embeddable":true,"href":"https:\/\/vocesparalelas.com.ar\/sitio\/wp-json\/wp\/v2\/categories?post=33323"},{"taxonomy":"post_tag","embeddable":true,"href":"https:\/\/vocesparalelas.com.ar\/sitio\/wp-json\/wp\/v2\/tags?post=33323"}],"curies":[{"name":"wp","href":"https:\/\/api.w.org\/{rel}","templated":true}]}}