{"id":33090,"date":"2020-11-25T21:47:44","date_gmt":"2020-11-26T00:47:44","guid":{"rendered":"http:\/\/vocesparalelas.com.ar\/sitio\/?p=33090"},"modified":"2020-11-25T21:58:54","modified_gmt":"2020-11-26T00:58:54","slug":"reunion-para-dialogar-sobre-politicas-habitacionales-para-san-juan","status":"publish","type":"post","link":"https:\/\/vocesparalelas.com.ar\/sitio\/reunion-para-dialogar-sobre-politicas-habitacionales-para-san-juan\/","title":{"rendered":"Reuni\u00f3n para dialogar sobre pol\u00edticas habitacionales para San Juan"},"content":{"rendered":"<p>El gobernador de San Juan, Dr. Sergio U\u00f1ac se reuni\u00f3 con el ministro de Desarrollo Territorial y H\u00e1bitat de la Naci\u00f3n, Ing. Jorge Ferraresi.<\/p>\n<p>Durante el encuentro, los funcionarios dialogaron sobre la situaci\u00f3n habitacional de la provincia de San Juan y empezaron a articular las pol\u00edticas p\u00fablicas que se llevar\u00e1n a cabo en conjunto, para generar soluciones habitacionales en el territorio sanjuanino.<\/p>\n<p>Acerca de la reuni\u00f3n, U\u00f1ac detall\u00f3 que \u00abfuimos recibidos por el ministro para presentarle nuestras expectativas, poner en com\u00fan lo que estamos haciendo en la provincia de San Juan y establecer objetivos de corto, mediano y largo plazo. El trabajo junto a Naci\u00f3n ser\u00e1 fundamental porque en la construcci\u00f3n de viviendas est\u00e1 el motor de la econom\u00eda y la posibilidad de conseguir m\u00e1s y mejor trabajo para los sanjuaninos\u201d.<\/p>\n<p>Por su parte, el ministro Ferraresi destac\u00f3 que \u201cel acceso a la tierra y a la vivienda ocupan un rol protag\u00f3nico en la reconstrucci\u00f3n de la Argentina y puesto que cada provincia presenta necesidades diferentes de acuerdo a las caracter\u00edsticas de sus zonas, estamos trabajando en el fortalecimiento de esta agenda federal\u201d.<\/p>\n<p>Participaron tambi\u00e9n el ministro de Obras y Servicios P\u00fablicos del Gobierno de San Juan, Ing. Julio Ortiz Andino; el secretario de Vivienda y H\u00e1bitat, Robert Garc\u00e9s y el director del Instituto Provincial de la Vivienda, Arq. Marcelo Yornet.<\/p>\n<p>&nbsp;<\/p>\n<p>&nbsp;<\/p>\n","protected":false},"excerpt":{"rendered":"<p>El gobernador de San Juan, Dr. Sergio U\u00f1ac se reuni\u00f3 con el ministro de Desarrollo Territorial y H\u00e1bitat de la<\/p>\n","protected":false},"author":3,"featured_media":33092,"comment_status":"closed","ping_status":"closed","sticky":false,"template":"","format":"standard","meta":{"_acf_changed":false,"_seopress_robots_primary_cat":"none","_seopress_titles_title":"","_seopress_titles_desc":"","_seopress_robots_index":"","colormag_page_container_layout":"default_layout","colormag_page_sidebar_layout":"default_layout","footnotes":""},"categories":[1],"tags":[],"class_list":["post-33090","post","type-post","status-publish","format-standard","has-post-thumbnail","hentry","category-destacadas"],"acf":[],"_links":{"self":[{"href":"https:\/\/vocesparalelas.com.ar\/sitio\/wp-json\/wp\/v2\/posts\/33090","targetHints":{"allow":["GET"]}}],"collection":[{"href":"https:\/\/vocesparalelas.com.ar\/sitio\/wp-json\/wp\/v2\/posts"}],"about":[{"href":"https:\/\/vocesparalelas.com.ar\/sitio\/wp-json\/wp\/v2\/types\/post"}],"author":[{"embeddable":true,"href":"https:\/\/vocesparalelas.com.ar\/sitio\/wp-json\/wp\/v2\/users\/3"}],"replies":[{"embeddable":true,"href":"https:\/\/vocesparalelas.com.ar\/sitio\/wp-json\/wp\/v2\/comments?post=33090"}],"version-history":[{"count":1,"href":"https:\/\/vocesparalelas.com.ar\/sitio\/wp-json\/wp\/v2\/posts\/33090\/revisions"}],"predecessor-version":[{"id":33093,"href":"https:\/\/vocesparalelas.com.ar\/sitio\/wp-json\/wp\/v2\/posts\/33090\/revisions\/33093"}],"wp:featuredmedia":[{"embeddable":true,"href":"https:\/\/vocesparalelas.com.ar\/sitio\/wp-json\/wp\/v2\/media\/33092"}],"wp:attachment":[{"href":"https:\/\/vocesparalelas.com.ar\/sitio\/wp-json\/wp\/v2\/media?parent=33090"}],"wp:term":[{"taxonomy":"category","embeddable":true,"href":"https:\/\/vocesparalelas.com.ar\/sitio\/wp-json\/wp\/v2\/categories?post=33090"},{"taxonomy":"post_tag","embeddable":true,"href":"https:\/\/vocesparalelas.com.ar\/sitio\/wp-json\/wp\/v2\/tags?post=33090"}],"curies":[{"name":"wp","href":"https:\/\/api.w.org\/{rel}","templated":true}]}}