{"id":33085,"date":"2020-11-25T20:13:34","date_gmt":"2020-11-25T23:13:34","guid":{"rendered":"http:\/\/vocesparalelas.com.ar\/sitio\/?p=33085"},"modified":"2020-11-25T20:15:05","modified_gmt":"2020-11-25T23:15:05","slug":"firmaron-convenio-y-acta-complementaria-con-la-asociacion-centro-comercial-de-san-juan","status":"publish","type":"post","link":"https:\/\/vocesparalelas.com.ar\/sitio\/firmaron-convenio-y-acta-complementaria-con-la-asociacion-centro-comercial-de-san-juan\/","title":{"rendered":"Firmaron convenio y acta complementaria con la Asociaci\u00f3n Centro Comercial de San Juan"},"content":{"rendered":"<p>El rector de la UNSJ, Dr. Oscar Nasisi junto al decano de la Facultad de Arquitectura, Urbanismo y Dise\u00f1o, Arq. Roberto G\u00f3mez, firmaron un convenio\u00a0y un acta complementaria con la Asociaci\u00f3n Centro Comercial de San Juan con el objetivo de brindar asistencia y cooperaci\u00f3n entre ambas instituciones.<\/p>\n<p>En este caso particular, la Facultad de Arquitectura, Urbanismo y Dise\u00f1o, se encarga de de brindar capacitaciones en diferentes temas como habilitaciones comerciales y condiciones y medio ambiente de trabajo.<\/p>\n<p>\u201cEste convenio representan muchas cosas, porque tiene que ver con estar cerca de la sociedad. Fortalecer los v\u00ednculos con otras instituciones para que el conocimiento y trabajo que se genera desde la UNSJ permita construir una sociedad mejor\u201d &#8211; expres\u00f3 el rector de la UNSJ.<\/p>\n<p>Por su parte, el decano de la FAUD, Arq. Roberto G\u00f3mez subray\u00f3 que \u201cvamos a contribuir con la capacitaci\u00f3n en habilitaciones y puesta a punto de instalaciones edilicias donde se desarrolla la actividad comercial. Esto servir\u00e1 de base para un observatorio, que se propone desde esta asociaci\u00f3n, para que profesionales matriculados puedan desarrollar esa actividad en un marco m\u00e1s ordenado\u201d.<\/p>\n<p>&nbsp;<\/p>\n<p>&nbsp;<\/p>\n","protected":false},"excerpt":{"rendered":"<p>El rector de la UNSJ, Dr. Oscar Nasisi junto al decano de la Facultad de Arquitectura, Urbanismo y Dise\u00f1o, Arq.<\/p>\n","protected":false},"author":3,"featured_media":33087,"comment_status":"closed","ping_status":"closed","sticky":false,"template":"","format":"standard","meta":{"_acf_changed":false,"_seopress_robots_primary_cat":"none","_seopress_titles_title":"","_seopress_titles_desc":"","_seopress_robots_index":"","colormag_page_container_layout":"default_layout","colormag_page_sidebar_layout":"default_layout","footnotes":""},"categories":[1],"tags":[],"class_list":["post-33085","post","type-post","status-publish","format-standard","has-post-thumbnail","hentry","category-destacadas"],"acf":[],"_links":{"self":[{"href":"https:\/\/vocesparalelas.com.ar\/sitio\/wp-json\/wp\/v2\/posts\/33085","targetHints":{"allow":["GET"]}}],"collection":[{"href":"https:\/\/vocesparalelas.com.ar\/sitio\/wp-json\/wp\/v2\/posts"}],"about":[{"href":"https:\/\/vocesparalelas.com.ar\/sitio\/wp-json\/wp\/v2\/types\/post"}],"author":[{"embeddable":true,"href":"https:\/\/vocesparalelas.com.ar\/sitio\/wp-json\/wp\/v2\/users\/3"}],"replies":[{"embeddable":true,"href":"https:\/\/vocesparalelas.com.ar\/sitio\/wp-json\/wp\/v2\/comments?post=33085"}],"version-history":[{"count":1,"href":"https:\/\/vocesparalelas.com.ar\/sitio\/wp-json\/wp\/v2\/posts\/33085\/revisions"}],"predecessor-version":[{"id":33088,"href":"https:\/\/vocesparalelas.com.ar\/sitio\/wp-json\/wp\/v2\/posts\/33085\/revisions\/33088"}],"wp:featuredmedia":[{"embeddable":true,"href":"https:\/\/vocesparalelas.com.ar\/sitio\/wp-json\/wp\/v2\/media\/33087"}],"wp:attachment":[{"href":"https:\/\/vocesparalelas.com.ar\/sitio\/wp-json\/wp\/v2\/media?parent=33085"}],"wp:term":[{"taxonomy":"category","embeddable":true,"href":"https:\/\/vocesparalelas.com.ar\/sitio\/wp-json\/wp\/v2\/categories?post=33085"},{"taxonomy":"post_tag","embeddable":true,"href":"https:\/\/vocesparalelas.com.ar\/sitio\/wp-json\/wp\/v2\/tags?post=33085"}],"curies":[{"name":"wp","href":"https:\/\/api.w.org\/{rel}","templated":true}]}}