{"id":33077,"date":"2020-11-25T01:52:16","date_gmt":"2020-11-25T04:52:16","guid":{"rendered":"http:\/\/vocesparalelas.com.ar\/sitio\/?p=33077"},"modified":"2020-11-25T01:54:28","modified_gmt":"2020-11-25T04:54:28","slug":"convocatoria-al-programa-precompra-conociendo-san-juan","status":"publish","type":"post","link":"https:\/\/vocesparalelas.com.ar\/sitio\/convocatoria-al-programa-precompra-conociendo-san-juan\/","title":{"rendered":"Convocatoria al Programa PreCompra \u00abConociendo San Juan\u00bb"},"content":{"rendered":"<p>El Ministerio de Turismo y Cultura del Gobierno de San Juan abre la convocatoria del Programa PreCompra Conociendo San Juan. Esta acci\u00f3n surgi\u00f3 de acuerdo a las mesas sectoriales e intersectoriales del Acuerdo San Juan y se enmarca en la reactivaci\u00f3n de la actividad tur\u00edstica y cultural. En ese sentido, se destinar\u00e1n 20 millones de pesos para la compra de servicios tur\u00edsticos enmarcados en la gastronom\u00eda tur\u00edstica, alojamiento, transporte tur\u00edstico y prestadores del sector en general.<\/p>\n<p>Los montos de compra que realizar\u00e1 el Ministerio de Turismo y Cultura podr\u00e1n variar de acuerdo a la cantidad de oferentes que se presenten y que sean aprobados, los cuales ser\u00e1n de 30 mil, 50 mil y 70 mil pesos para cada prestador.<\/p>\n<p>Esto se anunci\u00f3 en la conferencia de prensa en la que estuvieron presentes la ministra de Turismo y Cultura Lic. Claudia Grynzspan, el secretario de Turismo Dr. Roberto Ju\u00e1rez, Ariel Gim\u00e9nez, de la Asociaci\u00f3n de Viajes y Turismo de San Juan y Marta Ovalles, de la C\u00e1mara de Turismo de Pocito.<\/p>\n<p><iframe loading=\"lazy\" title=\"Presentaci\u00f3n del Programa PreCompra Conociendo San Juan\" width=\"800\" height=\"450\" src=\"https:\/\/www.youtube.com\/embed\/bHTfRatyuVM?feature=oembed\" frameborder=\"0\" allow=\"accelerometer; autoplay; clipboard-write; encrypted-media; gyroscope; picture-in-picture\" allowfullscreen><\/iframe><\/p>\n<p>La ministra de Turismo y Cultura dijo que \u201ccon este programa acompa\u00f1amos a los prestadores y agencias de viaje en la reactivaci\u00f3n de su trabajo sobre todo en la temporada baja. M\u00e1s del 70% de la oferta tur\u00edstica de san juan est\u00e1 comprendida por emprendedores que se vieron muy afectados con la pandemia\u201d.<\/p>\n<p>Las propuestas de esta convocatoria podr\u00e1n incluir actividades o servicios vinculados a la oferta tur\u00edstica provincial. Una vez presentadas, ser\u00e1n analizadas por un comit\u00e9 evaluador, quien tendr\u00e1 a su cargo la selecci\u00f3n y aprobaci\u00f3n de acuerdo a un orden de prioridad y cupo de financiamiento disponibles.<\/p>\n<p>De esta manera, los prestadores se comprometer\u00e1n a brindar sus servicios pre comprados por el Ministerio durante el periodo que va desde diciembre de 2020 al 31 de diciembre del 2021, exceptuando fines de semana largos y Semana Santa.<\/p>\n<p>Con esta iniciativa, se apunta a la reactivaci\u00f3n de la actividad tur\u00edstica a trav\u00e9s de los prestadores que se han visto afectados en la operatoria normal y habitual de su actividad.<\/p>\n<p>Esta compra de servicios ser\u00e1 destinada por el Ministerio para el fortalecimiento de los productos y\/o paquetes tur\u00edsticos ofrecidos por agencias de viajes y se reforzar\u00e1 la oferta tur\u00edstica en temporada baja mediante el programa de Turismo Social \u201cConociendo San Juan\u201d como as\u00ed tambi\u00e9n se llevar\u00e1 adelante el fortalecimiento institucional mediante acciones de promoci\u00f3n de los destinos tur\u00edsticos de la provincia de San Juan.<\/p>\n<p>\u201cConociendo San Juan es un programa que est\u00e1 activo desde 2019, el objetivo es que las personas de bajos recursos, adultos mayores y establecimiento educativos puedan recorrer la provincia. Nosotros como Ministerio realizamos la precompra de los servicios a los prestadores y estas instituciones los utilizan\u201d, agreg\u00f3 el secretario de Turismo Roberto Ju\u00e1rez.<\/p>\n<p>La presentaci\u00f3n de la documentaci\u00f3n ser\u00e1 hasta el 6 de diciembre de este a\u00f1o y se deber\u00e1 realizar ingresando a <a href=\"http:\/\/www.capacitur.sanjuan.tur.ar\">http:\/\/www.capacitur.sanjuan.tur.ar<\/a>\u00a0donde est\u00e1n disponibles las bases y condiciones del programa. En esta plataforma se podr\u00e1n completar los formularios en forma online.<\/p>\n<p><iframe loading=\"lazy\" title=\"Programa PreCompra San Juan\" width=\"800\" height=\"450\" src=\"https:\/\/www.youtube.com\/embed\/HB5S4pHqu64?start=3&#038;feature=oembed\" frameborder=\"0\" allow=\"accelerometer; autoplay; clipboard-write; encrypted-media; gyroscope; picture-in-picture\" allowfullscreen><\/iframe><\/p>\n","protected":false},"excerpt":{"rendered":"<p>El Ministerio de Turismo y Cultura del Gobierno de San Juan abre la convocatoria del Programa PreCompra Conociendo San Juan.<\/p>\n","protected":false},"author":3,"featured_media":33079,"comment_status":"closed","ping_status":"closed","sticky":false,"template":"","format":"video","meta":{"_acf_changed":false,"_seopress_robots_primary_cat":"none","_seopress_titles_title":"","_seopress_titles_desc":"","_seopress_robots_index":"","colormag_page_container_layout":"default_layout","colormag_page_sidebar_layout":"default_layout","footnotes":""},"categories":[1,7],"tags":[],"class_list":["post-33077","post","type-post","status-publish","format-video","has-post-thumbnail","hentry","category-destacadas","category-videos","post_format-post-format-video"],"acf":[],"_links":{"self":[{"href":"https:\/\/vocesparalelas.com.ar\/sitio\/wp-json\/wp\/v2\/posts\/33077","targetHints":{"allow":["GET"]}}],"collection":[{"href":"https:\/\/vocesparalelas.com.ar\/sitio\/wp-json\/wp\/v2\/posts"}],"about":[{"href":"https:\/\/vocesparalelas.com.ar\/sitio\/wp-json\/wp\/v2\/types\/post"}],"author":[{"embeddable":true,"href":"https:\/\/vocesparalelas.com.ar\/sitio\/wp-json\/wp\/v2\/users\/3"}],"replies":[{"embeddable":true,"href":"https:\/\/vocesparalelas.com.ar\/sitio\/wp-json\/wp\/v2\/comments?post=33077"}],"version-history":[{"count":3,"href":"https:\/\/vocesparalelas.com.ar\/sitio\/wp-json\/wp\/v2\/posts\/33077\/revisions"}],"predecessor-version":[{"id":33084,"href":"https:\/\/vocesparalelas.com.ar\/sitio\/wp-json\/wp\/v2\/posts\/33077\/revisions\/33084"}],"wp:featuredmedia":[{"embeddable":true,"href":"https:\/\/vocesparalelas.com.ar\/sitio\/wp-json\/wp\/v2\/media\/33079"}],"wp:attachment":[{"href":"https:\/\/vocesparalelas.com.ar\/sitio\/wp-json\/wp\/v2\/media?parent=33077"}],"wp:term":[{"taxonomy":"category","embeddable":true,"href":"https:\/\/vocesparalelas.com.ar\/sitio\/wp-json\/wp\/v2\/categories?post=33077"},{"taxonomy":"post_tag","embeddable":true,"href":"https:\/\/vocesparalelas.com.ar\/sitio\/wp-json\/wp\/v2\/tags?post=33077"}],"curies":[{"name":"wp","href":"https:\/\/api.w.org\/{rel}","templated":true}]}}