{"id":33071,"date":"2020-11-25T01:22:45","date_gmt":"2020-11-25T04:22:45","guid":{"rendered":"http:\/\/vocesparalelas.com.ar\/sitio\/?p=33071"},"modified":"2020-11-25T01:22:45","modified_gmt":"2020-11-25T04:22:45","slug":"felicitaron-a-las-organizadoras-del-festival-de-teatro-infantil-sanjuaniiinos","status":"publish","type":"post","link":"https:\/\/vocesparalelas.com.ar\/sitio\/felicitaron-a-las-organizadoras-del-festival-de-teatro-infantil-sanjuaniiinos\/","title":{"rendered":"Felicitaron a las organizadoras del Festival de Teatro Infantil \u00abSanjuaniii\u00f1os\u00bb"},"content":{"rendered":"<p>En sala Huarpes, la Ministro de Gobierno de San Juan, Dra. Fabiola Aubone recibi\u00f3 a dos integrantes del Festival de Teatro Infantil \u00abSanjuaniii\u00f1os\u00bb, quienes desarrollaron el 20; 21 y 22 la edici\u00f3n 2020 de la puesta en escena.<\/p>\n<p>Sanjuaniii\u00f1os es un festival de teatro infantil de la Provincia de San Juan que nace a partir de las necesidades advertidas en el desarrollo de este g\u00e9nero tanto para el p\u00fablico como para los artistas. Surgi\u00f3 en el a\u00f1o 2018 y tuvo su continuidad en 2019. En ambas ediciones el festival estuvo ligado a la categor\u00eda de regional, es decir, participaron elencos de las provincias de Cuyo. Este a\u00f1o, ante la situaci\u00f3n de emergencia sanitaria por la pandemia de COVID-19, el festival toma car\u00e1cter provincial.<\/p>\n<p>Por ello, la\u00a0ministro de Gobierno, Dra. Fabiola Aubone, agradeci\u00f3 a la organizaci\u00f3n de Sanjuaniii\u00f1os <a href=\"https:\/\/www.facebook.com\/festivalsanjuaniiino\">https:\/\/www.facebook.com\/festivalsanjuaniiino<\/a>\u00abpor permitirnos participar a trav\u00e9s de <a class=\"notranslate\" tabindex=\"0\" href=\"https:\/\/www.instagram.com\/mingobsanjuan\/\">@mingobsanjuan<\/a> en esta acci\u00f3n solidaria\u00bb.<\/p>\n<p>\u00abDesde <a class=\"notranslate\" tabindex=\"0\" href=\"https:\/\/www.instagram.com\/mingobsanjuan\/\">@mingobsanjuan<\/a> aportamos con la donaci\u00f3n de kits de colorear que llegar\u00e1n a los ni\u00f1os y ni\u00f1as que asistieron al festival\u00bb asegur\u00f3 la ministra<\/p>\n<p>El festival tiene un fin solidario para ayudar a comedores y merenderos, ya que se sugiere al p\u00fablico una entrada voluntaria de un alimento no perecedero, en el que todo lo recaudado se dona para realizar una acci\u00f3n social.<\/p>\n<p>En su edici\u00f3n 2020, llevada a cabo los d\u00edas 20; 21 y 22 de noviembre, hubo obras y presentaciones art\u00edsticas, como espect\u00e1culos musicales y narraci\u00f3n.<\/p>\n<p>Cabe destacar que el teatro infantil es uno de los medios mas ricos para acercar a los ni\u00f1os el arte y la cultura. Los conecta con su sensibilidad y aporta innumerables valores para su desarrollo. Abre puertas para la reflexi\u00f3n, la capacidad de emocionarse e indagar sobre el conocimiento de su cultura y vinculaci\u00f3n con el medio en el que vive. El consumo de este g\u00e9nero, adem\u00e1s de despertar el sentido est\u00e9tico, los empuja a la diversi\u00f3n y entretenimiento, descubriendo lenguajes art\u00edsticos que a su vez les permite educarse y llevar al m\u00e1ximo su imaginaci\u00f3n.<\/p>\n<p>Un evento de estas caracter\u00edsticas no solo hace participes a las ni\u00f1as y ni\u00f1os de un hecho teatral, sino que proporciona un recurso econ\u00f3mico para los hacedores teatrales de la Provincia de San Juan.<\/p>\n<p><img loading=\"lazy\" decoding=\"async\" class=\"alignnone wp-image-33074 size-full\" src=\"https:\/\/vocesparalelas.com.ar\/sitio\/wp-content\/uploads\/2020\/11\/nini-01.jpg\" alt=\"\" width=\"799\" height=\"533\" srcset=\"https:\/\/vocesparalelas.com.ar\/sitio\/wp-content\/uploads\/2020\/11\/nini-01.jpg 799w, https:\/\/vocesparalelas.com.ar\/sitio\/wp-content\/uploads\/2020\/11\/nini-01-300x200.jpg 300w, https:\/\/vocesparalelas.com.ar\/sitio\/wp-content\/uploads\/2020\/11\/nini-01-768x512.jpg 768w\" sizes=\"auto, (max-width: 799px) 100vw, 799px\" \/><\/p>\n","protected":false},"excerpt":{"rendered":"<p>En sala Huarpes, la Ministro de Gobierno de San Juan, Dra. Fabiola Aubone recibi\u00f3 a dos integrantes del Festival de<\/p>\n","protected":false},"author":3,"featured_media":33073,"comment_status":"closed","ping_status":"closed","sticky":false,"template":"","format":"standard","meta":{"_acf_changed":false,"_seopress_robots_primary_cat":"none","_seopress_titles_title":"","_seopress_titles_desc":"","_seopress_robots_index":"","colormag_page_container_layout":"default_layout","colormag_page_sidebar_layout":"default_layout","footnotes":""},"categories":[1],"tags":[],"class_list":["post-33071","post","type-post","status-publish","format-standard","has-post-thumbnail","hentry","category-destacadas"],"acf":[],"_links":{"self":[{"href":"https:\/\/vocesparalelas.com.ar\/sitio\/wp-json\/wp\/v2\/posts\/33071","targetHints":{"allow":["GET"]}}],"collection":[{"href":"https:\/\/vocesparalelas.com.ar\/sitio\/wp-json\/wp\/v2\/posts"}],"about":[{"href":"https:\/\/vocesparalelas.com.ar\/sitio\/wp-json\/wp\/v2\/types\/post"}],"author":[{"embeddable":true,"href":"https:\/\/vocesparalelas.com.ar\/sitio\/wp-json\/wp\/v2\/users\/3"}],"replies":[{"embeddable":true,"href":"https:\/\/vocesparalelas.com.ar\/sitio\/wp-json\/wp\/v2\/comments?post=33071"}],"version-history":[{"count":1,"href":"https:\/\/vocesparalelas.com.ar\/sitio\/wp-json\/wp\/v2\/posts\/33071\/revisions"}],"predecessor-version":[{"id":33075,"href":"https:\/\/vocesparalelas.com.ar\/sitio\/wp-json\/wp\/v2\/posts\/33071\/revisions\/33075"}],"wp:featuredmedia":[{"embeddable":true,"href":"https:\/\/vocesparalelas.com.ar\/sitio\/wp-json\/wp\/v2\/media\/33073"}],"wp:attachment":[{"href":"https:\/\/vocesparalelas.com.ar\/sitio\/wp-json\/wp\/v2\/media?parent=33071"}],"wp:term":[{"taxonomy":"category","embeddable":true,"href":"https:\/\/vocesparalelas.com.ar\/sitio\/wp-json\/wp\/v2\/categories?post=33071"},{"taxonomy":"post_tag","embeddable":true,"href":"https:\/\/vocesparalelas.com.ar\/sitio\/wp-json\/wp\/v2\/tags?post=33071"}],"curies":[{"name":"wp","href":"https:\/\/api.w.org\/{rel}","templated":true}]}}