{"id":33034,"date":"2020-11-24T22:28:04","date_gmt":"2020-11-25T01:28:04","guid":{"rendered":"http:\/\/vocesparalelas.com.ar\/sitio\/?p=33034"},"modified":"2020-11-24T22:28:04","modified_gmt":"2020-11-25T01:28:04","slug":"hay-tecnologia-de-avanzada-para-determinar-la-calidad-del-aceite-de-cannabis-en-san-juan","status":"publish","type":"post","link":"https:\/\/vocesparalelas.com.ar\/sitio\/hay-tecnologia-de-avanzada-para-determinar-la-calidad-del-aceite-de-cannabis-en-san-juan\/","title":{"rendered":"Hay tecnolog\u00eda de avanzada para determinar la calidad del aceite de cannabis en San Juan"},"content":{"rendered":"<p>La Secretar\u00eda de Estado de Ciencia, Tecnolog\u00eda e Innovaci\u00f3n, junto a representantes de San Juan Cannabis Medicinal Sociedad del Estado y el Centro de Ingenieros presentaron al gobernador, Dr. Sergio U\u00f1ac un detallado informe sobre la capacidad cient\u00edfica y tecnol\u00f3gica de los laboratorios para la determinaci\u00f3n de par\u00e1metros de calidad del aceite de cannabis medicinal en San Juan.<\/p>\n<p>Durante el diagn\u00f3stico estuvieron presentes el secretario de Estado de Ciencia, Tecnolog\u00eda e Innovaci\u00f3n, Ing. Tulio del Bono; la subsecretaria de Promoci\u00f3n de la Actividad Cient\u00edfica y Tecnol\u00f3gica, Ing. Mar\u00eda Ver\u00f3nica Benavente; el presidente de San Juan Cannabis Medicinal Sociedad del Estado; Dr. Roberto Correa; director de CanMe Origen San Juan, Ing. Agron. Ariel Lucero; la directora Dra. Carolina Gim\u00e9nez Guardia; y la representante de Centro de Ingenieros de San Juan; Ing. Mar\u00eda In\u00e9s Lecich.<\/p>\n<p><img loading=\"lazy\" decoding=\"async\" class=\"alignnone wp-image-33037 size-full\" src=\"https:\/\/vocesparalelas.com.ar\/sitio\/wp-content\/uploads\/2020\/11\/CANNABIS-SAN-JUAN-03.jpg\" alt=\"\" width=\"800\" height=\"533\" srcset=\"https:\/\/vocesparalelas.com.ar\/sitio\/wp-content\/uploads\/2020\/11\/CANNABIS-SAN-JUAN-03.jpg 800w, https:\/\/vocesparalelas.com.ar\/sitio\/wp-content\/uploads\/2020\/11\/CANNABIS-SAN-JUAN-03-300x200.jpg 300w, https:\/\/vocesparalelas.com.ar\/sitio\/wp-content\/uploads\/2020\/11\/CANNABIS-SAN-JUAN-03-768x512.jpg 768w\" sizes=\"auto, (max-width: 800px) 100vw, 800px\" \/><\/p>\n<p>Laboratorios con actividad anal\u00edtica y equipamiento de alta tecnolog\u00eda determinaron la calidad del extracto de cannabis medicinal para estar preparados al momento de dar inicio a la producci\u00f3n en la provincia.<\/p>\n<p>Tras la reuni\u00f3n con el gobernador U\u00f1ac, Del Bono puntualiz\u00f3 que \u201cla empresa Cannabis Medicinal provincial, responsablemente comenz\u00f3 con investigar y averiguar sobre cu\u00e1les eran las capacidades tecnol\u00f3gicas que hab\u00eda en San Juan en cuanto a disponibilidad de laboratorios para poder medir calidad de los aceites que van a ser despu\u00e9s de uso medicinal\u201d.<\/p>\n<p>\u201cTras los an\u00e1lisis que requieren mucha rigidez en cuanto a los est\u00e1ndares, el Centro de Ingenieros realiz\u00f3 el relevamiento de 13 o 14 laboratorios p\u00fablicos y privados. Casi la mitad tendr\u00eda capacidad para el 100% de los an\u00e1lisis y todas las actividades que hagan a la parte bioqu\u00edmica y qu\u00edmica relacionada con el aceite medicinal\u00bb, a\u00f1adi\u00f3 el secretario de Estado, a la vez que analiz\u00f3 que estos avances le dan otro gran espaldarazo a Cannabis medicinal San Juan para comenzar a producir.<\/p>\n<p>En el mismo sentido, Correa, dijo que \u00abSan Juan est\u00e1 en condiciones de estudiar y determinar la composici\u00f3n del producto aceite medicinal de cannabis que estamos proyectando producir a partir del a\u00f1o que viene\u201d.<\/p>\n<p>Seguidamente, el presidente de la empresa estatal asegur\u00f3 \u201csomos la segunda provincia del pa\u00eds detr\u00e1s de la producci\u00f3n del aceite medicinal de cannabis. La primera es Jujuy donde estaremos este jueves en la inauguraci\u00f3n de un laboratorio piloto que va a elaborar los primeros frascos de aceites de cannabis. Luego venimos nosotros con una empresa estatal que est\u00e1 abocada seriamente a producir un aceite de calidad\u201d.<\/p>\n<p>Finalmente, Mar\u00eda In\u00e9s Lecich del Centro de Ingenieros se mostr\u00f3 agradecida por ser parte de los informes realizados, \u00abel Centro de Ingenieros tiene una unidad de vinculaci\u00f3n tecnol\u00f3gica y ha contratado a cient\u00edficos de primer nivel, doctorados, jefes de Conicet, para hacer este trabajo con mucha calidad y mucho cuidado\u201d.<\/p>\n<p>\u201cEstamos en un buen nivel. Nuestros expertos nos dieron un informe muy exhaustivo de cada laboratorio, sobre su estado y sus directivos. Realmente tenemos muy buena infraestructura para apoyar este proyecto\u201d, expres\u00f3 Lecich.<\/p>\n<p>Para formalizar el diagn\u00f3stico se relevaron, en primera instancia, los par\u00e1metros y l\u00edmites de calidad requeridos seg\u00fan las normas internacionales vigentes y en funci\u00f3n de esto, el equipamiento necesario para su determinaci\u00f3n.<\/p>\n<p>A partir de esta informaci\u00f3n, se investig\u00f3 y evalu\u00f3 la competencia de los laboratorios y su capacidad de respuesta frente a las necesidades de an\u00e1lisis requeridas. Los resultados obtenidos mostraron un destacable acondicionamiento de los laboratorios relevados, donde la mitad dispone de la capacidad tecnol\u00f3gica necesaria para la determinaci\u00f3n de la calidad del extracto de cannabis.<\/p>\n<p>Tambi\u00e9n se detectaron \u00e1reas en las que el Estado podr\u00e1 focalizar su pol\u00edtica p\u00fablica de est\u00edmulo a la producci\u00f3n de cannabis orientando inversi\u00f3n para la correcta adaptaci\u00f3n de los protocolos para cada ensayo y la compra de algunos insumos fundamentales.<\/p>\n<p><iframe loading=\"lazy\" title=\"Presentan informe  para determinar la calidad del aceite de Cannabis Medicinal\" width=\"800\" height=\"450\" src=\"https:\/\/www.youtube.com\/embed\/cYZcL9Yte6Y?feature=oembed\" frameborder=\"0\" allow=\"accelerometer; autoplay; clipboard-write; encrypted-media; gyroscope; picture-in-picture\" allowfullscreen><\/iframe><\/p>\n<p>Despu\u00e9s, de la reuni\u00f3n tambi\u00e9n, hizo declaraciones a los periodistas San Juan, el presidente de San Juan Cannabis Medicinal Sociedad del Estado; Dr. Roberto Correa, quien explic\u00f3 el motivo de la reuni\u00f3n y los avances sobre el el proyecto del cannabis medicinal de San Juan.<\/p>\n<figure id=\"attachment_33039\" aria-describedby=\"caption-attachment-33039\" style=\"width: 800px\" class=\"wp-caption alignnone\"><img loading=\"lazy\" decoding=\"async\" class=\"wp-image-33039 size-full\" src=\"https:\/\/vocesparalelas.com.ar\/sitio\/wp-content\/uploads\/2020\/11\/DR.-ROBERTO-CORREA.jpg\" alt=\"\" width=\"800\" height=\"600\" srcset=\"https:\/\/vocesparalelas.com.ar\/sitio\/wp-content\/uploads\/2020\/11\/DR.-ROBERTO-CORREA.jpg 800w, https:\/\/vocesparalelas.com.ar\/sitio\/wp-content\/uploads\/2020\/11\/DR.-ROBERTO-CORREA-300x225.jpg 300w, https:\/\/vocesparalelas.com.ar\/sitio\/wp-content\/uploads\/2020\/11\/DR.-ROBERTO-CORREA-768x576.jpg 768w\" sizes=\"auto, (max-width: 800px) 100vw, 800px\" \/><figcaption id=\"caption-attachment-33039\" class=\"wp-caption-text\">Presidente de San Juan Cannabis Medicinal Sociedad del Estado; Dr. Roberto Correa<\/figcaption><\/figure>\n<p>&nbsp;<\/p>\n<p><iframe loading=\"lazy\" title=\"CANNABIS SAN JUAN DR. ROBERTO CORREA\" width=\"800\" height=\"450\" src=\"https:\/\/www.youtube.com\/embed\/X_pC0P4AIyo?feature=oembed\" frameborder=\"0\" allow=\"accelerometer; autoplay; clipboard-write; encrypted-media; gyroscope; picture-in-picture\" allowfullscreen><\/iframe><\/p>\n<p><img loading=\"lazy\" decoding=\"async\" class=\"alignnone wp-image-33038 size-full\" src=\"https:\/\/vocesparalelas.com.ar\/sitio\/wp-content\/uploads\/2020\/11\/CANNABIS-SAN-JUAN-02.jpg\" alt=\"\" width=\"800\" height=\"533\" srcset=\"https:\/\/vocesparalelas.com.ar\/sitio\/wp-content\/uploads\/2020\/11\/CANNABIS-SAN-JUAN-02.jpg 800w, https:\/\/vocesparalelas.com.ar\/sitio\/wp-content\/uploads\/2020\/11\/CANNABIS-SAN-JUAN-02-300x200.jpg 300w, https:\/\/vocesparalelas.com.ar\/sitio\/wp-content\/uploads\/2020\/11\/CANNABIS-SAN-JUAN-02-768x512.jpg 768w\" sizes=\"auto, (max-width: 800px) 100vw, 800px\" \/><\/p>\n<p>&nbsp;<\/p>\n<p>&nbsp;<\/p>\n<p>&nbsp;<\/p>\n<p>&nbsp;<\/p>\n","protected":false},"excerpt":{"rendered":"<p>La Secretar\u00eda de Estado de Ciencia, Tecnolog\u00eda e Innovaci\u00f3n, junto a representantes de San Juan Cannabis Medicinal Sociedad del Estado<\/p>\n","protected":false},"author":3,"featured_media":33036,"comment_status":"closed","ping_status":"closed","sticky":false,"template":"","format":"video","meta":{"_acf_changed":false,"_seopress_robots_primary_cat":"none","_seopress_titles_title":"","_seopress_titles_desc":"","_seopress_robots_index":"","colormag_page_container_layout":"default_layout","colormag_page_sidebar_layout":"default_layout","footnotes":""},"categories":[1,7],"tags":[],"class_list":["post-33034","post","type-post","status-publish","format-video","has-post-thumbnail","hentry","category-destacadas","category-videos","post_format-post-format-video"],"acf":[],"_links":{"self":[{"href":"https:\/\/vocesparalelas.com.ar\/sitio\/wp-json\/wp\/v2\/posts\/33034","targetHints":{"allow":["GET"]}}],"collection":[{"href":"https:\/\/vocesparalelas.com.ar\/sitio\/wp-json\/wp\/v2\/posts"}],"about":[{"href":"https:\/\/vocesparalelas.com.ar\/sitio\/wp-json\/wp\/v2\/types\/post"}],"author":[{"embeddable":true,"href":"https:\/\/vocesparalelas.com.ar\/sitio\/wp-json\/wp\/v2\/users\/3"}],"replies":[{"embeddable":true,"href":"https:\/\/vocesparalelas.com.ar\/sitio\/wp-json\/wp\/v2\/comments?post=33034"}],"version-history":[{"count":1,"href":"https:\/\/vocesparalelas.com.ar\/sitio\/wp-json\/wp\/v2\/posts\/33034\/revisions"}],"predecessor-version":[{"id":33040,"href":"https:\/\/vocesparalelas.com.ar\/sitio\/wp-json\/wp\/v2\/posts\/33034\/revisions\/33040"}],"wp:featuredmedia":[{"embeddable":true,"href":"https:\/\/vocesparalelas.com.ar\/sitio\/wp-json\/wp\/v2\/media\/33036"}],"wp:attachment":[{"href":"https:\/\/vocesparalelas.com.ar\/sitio\/wp-json\/wp\/v2\/media?parent=33034"}],"wp:term":[{"taxonomy":"category","embeddable":true,"href":"https:\/\/vocesparalelas.com.ar\/sitio\/wp-json\/wp\/v2\/categories?post=33034"},{"taxonomy":"post_tag","embeddable":true,"href":"https:\/\/vocesparalelas.com.ar\/sitio\/wp-json\/wp\/v2\/tags?post=33034"}],"curies":[{"name":"wp","href":"https:\/\/api.w.org\/{rel}","templated":true}]}}