{"id":33030,"date":"2020-11-23T21:05:51","date_gmt":"2020-11-24T00:05:51","guid":{"rendered":"http:\/\/vocesparalelas.com.ar\/sitio\/?p=33030"},"modified":"2020-11-25T22:57:52","modified_gmt":"2020-11-26T01:57:52","slug":"feria-virtual-de-ciencias-san-juan-2020-desde-una-nueva-mirada-desafio-reinvencion-e-innovacion-de-las-practicas-educativas","status":"publish","type":"post","link":"https:\/\/vocesparalelas.com.ar\/sitio\/feria-virtual-de-ciencias-san-juan-2020-desde-una-nueva-mirada-desafio-reinvencion-e-innovacion-de-las-practicas-educativas\/","title":{"rendered":"Feria Virtual de Ciencias San Juan 2020 \u00abDesde una nueva mirada: desaf\u00edo, reinvenci\u00f3n e innovaci\u00f3n de las pr\u00e1cticas educativas\u00bb"},"content":{"rendered":"<p>Desde el Lunes, 23 de Noviembre, se puede recorrer a trav\u00e9s del portal del Ministerio de Educaci\u00f3n la Feria Virtual de Ciencias San Juan 2020 \u00abDesde una nueva mirada: desaf\u00edo, reinvenci\u00f3n e innovaci\u00f3n de las pr\u00e1cticas educativas\u00bb, organizada por el Centro de Educaci\u00f3n Cient\u00edfica y Tecnol\u00f3gica del Plan Nacional de Ciencia, Tecnolog\u00eda e Innovaci\u00f3n en la Escuela.<\/p>\n<p>La Feria es un espacio para compartir pr\u00e1cticas educativas en el contexto de excepcionalidad originado por la pandemia, como una forma de visibilizar, poniendo en valor el rol docente, desde las pr\u00e1cticas en distintos contextos educativos. La participaci\u00f3n es el resultado del intercambio de las propuestas pedag\u00f3gicas, contextualizadas y situadas.<\/p>\n<p>Los 30 proyectos fueron orientados por educadores de Nivel Inicial, Primario, Secundario y Escuelas de Educaci\u00f3n Especial.<\/p>\n<p>Cada video expone una breve descripci\u00f3n del proyecto, la informaci\u00f3n est\u00e1 ampliada en el \u00e1rea de \u201cPublicaciones\u201d donde se encuentran los registros pedag\u00f3gicos de cada docente. El registro pedag\u00f3gico es un documento elaborado por el docente orientador \/ asesor con el formato de un relato personal, que se centra en la ense\u00f1anza\/aprendizaje describiendo la g\u00e9nesis y desarrollo del trabajo realizado junto a sus alumnos<\/p>\n<p>Los interesados en recorrer la Feria que presenta ideas y pr\u00e1cticas did\u00e1cticas de reinvenci\u00f3n de los educadores en tiempos de pandemia deben ingresar a<\/p>\n<p><a href=\"http:\/\/educacion.sanjuan.edu.ar\/mesj\/sitios\/CECyT\/index2.html\">http:\/\/educacion.sanjuan.edu.ar\/mesj\/sitios\/CECyT\/index2.html<\/a><\/p>\n<p><strong><span style=\"color: #ff6600;\">Proyectos presentados<\/span><\/strong><\/p>\n<ul>\n<li>Escuela Industrial D. F. Sarmiento UNSJ Proyecto \u00abVino Tinta\u00bb, Departamento Capital<\/li>\n<li>Eusebio Segundo Zapata JINZ 32, Nivel Inicial, Proyecto: \u00abEl Ambiente y sus Animales\u00bb , Departamento 9 de Julio<\/li>\n<li>Escuela de Educaci\u00f3n, Nivel Secundario, Proyecto\u00a0\u00abLa L\u00ednea del tiempo\u00bb, Departamento Zonda<\/li>\n<li>Escuela de Fruticultura y Enolog\u00eda, Nivel Secundario, Proyecto \u00abMacetas Biodegradables Bionology\u00bb, Departamento Capital<\/li>\n<li>Escuela Mart\u00edn Yanz\u00f3n EMER, Nivel Primario Proyecto\u00a0\u00abH\u00e1bitos Frutales\u00bb, Departamento 25 de Mayo<\/li>\n<li>Escuela Mart\u00edn Yanz\u00f3n EMER, Nivel Primario, Proyecto\u00a0\u00abDale una mano a la Naturaleza\u00bb, Departamento Rivadavia<\/li>\n<li>Escuela Timoteo Maradona, Nivel Primario, Proyecto\u00a0\u00abEmocion@rte\u00bb, Departamento Rivadavia<\/li>\n<li>E.E.E. M\u00faltiple, Nivel Primario, Proyecto\u00a0\u00abEmprendimiento Econ\u00f3mico\u00bb, Departamento Ullum<\/li>\n<li>Juan Jos\u00e9 Castelli turno Tarde Primario, Proyecto\u00a0\u00abReutilizando y cultivando\u00bb, Departamento Rivadavia<\/li>\n<li>Juan Jos\u00e9 Castelli Turno Tarde Primario, Proyecto \u00abRespetamos la Diversidad de la Vida\u00bb, Departamento Rivadavia<\/li>\n<li>ENI 46 Antonia Moncho de Trincado, Nivel Inicial, Proyecto\u00a0\u00abEl Arte de ser saludable\u00bb, Departamento Rivadavia<\/li>\n<li>Escuela Provincia de La Rioja, Nivel Primario, Proyecto\u00a0\u00abLa Bicicleta\u00bb, Departamento Chimbas<\/li>\n<li>J.I.N.Z.58, Nivel Inicial, Proyecto\u00a0\u00abLas Hormigas\u00bb, Departamento 25 de Mayo<\/li>\n<li>Escuela Juan Jos\u00e9 Castelli, Turno Tarde, Nivel Primario, Proyecto\u00a0\u00abSe me prendi\u00f3 la lamparita\u00bb, Departamento Rivadavia<\/li>\n<li>Escuela General Estanislao Soler, Nivel Primario, Proyecto: \u00abEl agua, un problema de todos\u00bb, Departamento Chimbas<\/li>\n<li>Escuela Presbitero Cayetano de Quiroga, Nivel Primario, Proyecto:\u00bbEmbajadores de la Salud\u00bb, Departamento Valle F\u00e9rtil<\/li>\n<li>Escuela Falucho, Turno Ma\u00f1ana, Nivel Primario, Proyecto: \u00abEN TIEMPOS DE INCERTIDUMBRE NUNCA DEJES DE APRENDER Y SO\u00d1AR\u00bb Departamento Sarmiento)<\/li>\n<li>Escuela Rep\u00fablica de Chile, Nivel Primario, Proyecto: \u00abMigran paso a lo desconocido\u00bb, Departamento Chimbas<\/li>\n<li>Escuela General Estanislao Soler, Nivel Primario; Proyecto\u00a0\u00abEmociones en Pandemia\u00bb, Departamento Chimbas<\/li>\n<li>Colegio Ingl\u00e9s Biling\u00fce, Nivel Secundario, Proyecto\u00a0\u00abMarcafolio\u00bb, Departamento Rivadavia<\/li>\n<li>Escuela Juan Jos\u00e9 Castelli, Turno Tarde, Nivel Primario, Proyecto:\u00a0\u00abAnimalandia: un mundo maravilloso\u00bb, Departamento Rivadavia<\/li>\n<li>Escuela Independencia Argentina, Nivel Primario, Proyecto\u00a0\u00abAprendemos creando\u00bb, Departamento Rivadvia<\/li>\n<li>Escuela Elvira de la Riestra de L\u00e1inez, Nivel Primario, Proyecto\u00a0\u00abUn A\u00f1o diferente\u00bb, Departamento Ullum<\/li>\n<li>Escuela E.E.E. Biling\u00fce para sordos, Nivel Primario, Proyecto\u00a0\u00abAlcohol con gel de Aloe Vera\u00bb, Departamento Rawson<\/li>\n<li>Escuela General Estanislao Soler, Nivel Primario, Proyecto\u00a0\u00abPor una Vida con Derechos\u00bb, Departamento Chimbas<\/li>\n<li>Escuela Presidente N\u00e9stor C. Kirchner, Nivel Secundario, Proyecto\u00a0\u00abGerminando semillas de Esperanza\u00bb, Departamento Albard\u00f3n)<\/li>\n<li>Escuela Antonio De La Torre, Nivel Primario, Proyecto\u00a0\u00abJuntos podemos\u00bb, Departamento Capital<\/li>\n<li>Colegio parroquial San Juan Bosco, Nivel Secundario, Proyecto: \u00abEl Mundo a un solo Clic en nuetsro m\u00f3vil\u00bb, Departamento San Mart\u00edn<\/li>\n<li>Escuela Ad\u00e1n Quiroga, Nivel Secundario, Proyecto\u00a0\u00abEl uso de las fuentes orales para conocer los cambios y permanencias en el Crossfit y el periodismo\u00bb, Departamento Albard\u00f3n<\/li>\n<li>Escuela Modelo, Nivel Secundario, Proyecto: \u00abMarcafolio\u00bb, Departamento Capital<\/li>\n<\/ul>\n<p><span style=\"color: #ff6600;\"><strong>Los proyectos se pueden adem\u00e1s ver cada uno en particular ingresando a<\/strong><\/span><\/p>\n<p><a href=\"https:\/\/docs.google.com\/spreadsheets\/d\/1nGiaxnais76VKFQtluWa-fNK63QrmKi-IfprE2qso7s\/edit?usp=sharing\">https:\/\/docs.google.com\/spreadsheets\/d\/1nGiaxnais76VKFQtluWa-fNK63QrmKi-IfprE2qso7s\/edit?usp=sharing<\/a><\/p>\n<p><strong><span style=\"color: #ff6600;\">Consultas<\/span><\/strong><\/p>\n<p>Comunicarse a 2644558142 \u2013 2644170189<\/p>\n<p><span id=\"cloak0858d546ee285b06773295503a4002ed\"><a href=\"mailto:cecytsj@sanjuan.edu.ar\">cecytsj@sanjuan.edu.ar<\/a><\/span><\/p>\n<p><span id=\"cloake222412d7b10b08cd66ac531ef5ca50f\"><a href=\"mailto:feriainnovacionsj@gmail.com\">feriainnovacionsj@gmail.com<\/a><\/span><\/p>\n<p>WhatsApp: 2644558142 &#8211; 2644170189<\/p>\n<p><span style=\"color: #ff6600;\"><strong>Ingreso a la Feria<\/strong><\/span><\/p>\n<p><a href=\"http:\/\/educacion.sanjuan.gob.ar\/\" target=\"_blank\" rel=\"noopener noreferrer\">http:\/\/educacion.sanjuan.gob.ar\/<\/a><\/p>\n","protected":false},"excerpt":{"rendered":"<p>Desde el Lunes, 23 de Noviembre, se puede recorrer a trav\u00e9s del portal del Ministerio de Educaci\u00f3n la Feria Virtual<\/p>\n","protected":false},"author":3,"featured_media":33032,"comment_status":"closed","ping_status":"closed","sticky":false,"template":"","format":"standard","meta":{"_acf_changed":false,"_seopress_robots_primary_cat":"none","_seopress_titles_title":"","_seopress_titles_desc":"","_seopress_robots_index":"","colormag_page_container_layout":"default_layout","colormag_page_sidebar_layout":"default_layout","footnotes":""},"categories":[6],"tags":[],"class_list":["post-33030","post","type-post","status-publish","format-standard","has-post-thumbnail","hentry","category-eventos"],"acf":[],"_links":{"self":[{"href":"https:\/\/vocesparalelas.com.ar\/sitio\/wp-json\/wp\/v2\/posts\/33030","targetHints":{"allow":["GET"]}}],"collection":[{"href":"https:\/\/vocesparalelas.com.ar\/sitio\/wp-json\/wp\/v2\/posts"}],"about":[{"href":"https:\/\/vocesparalelas.com.ar\/sitio\/wp-json\/wp\/v2\/types\/post"}],"author":[{"embeddable":true,"href":"https:\/\/vocesparalelas.com.ar\/sitio\/wp-json\/wp\/v2\/users\/3"}],"replies":[{"embeddable":true,"href":"https:\/\/vocesparalelas.com.ar\/sitio\/wp-json\/wp\/v2\/comments?post=33030"}],"version-history":[{"count":1,"href":"https:\/\/vocesparalelas.com.ar\/sitio\/wp-json\/wp\/v2\/posts\/33030\/revisions"}],"predecessor-version":[{"id":33033,"href":"https:\/\/vocesparalelas.com.ar\/sitio\/wp-json\/wp\/v2\/posts\/33030\/revisions\/33033"}],"wp:featuredmedia":[{"embeddable":true,"href":"https:\/\/vocesparalelas.com.ar\/sitio\/wp-json\/wp\/v2\/media\/33032"}],"wp:attachment":[{"href":"https:\/\/vocesparalelas.com.ar\/sitio\/wp-json\/wp\/v2\/media?parent=33030"}],"wp:term":[{"taxonomy":"category","embeddable":true,"href":"https:\/\/vocesparalelas.com.ar\/sitio\/wp-json\/wp\/v2\/categories?post=33030"},{"taxonomy":"post_tag","embeddable":true,"href":"https:\/\/vocesparalelas.com.ar\/sitio\/wp-json\/wp\/v2\/tags?post=33030"}],"curies":[{"name":"wp","href":"https:\/\/api.w.org\/{rel}","templated":true}]}}