{"id":33026,"date":"2020-11-22T23:33:14","date_gmt":"2020-11-23T02:33:14","guid":{"rendered":"http:\/\/vocesparalelas.com.ar\/sitio\/?p=33026"},"modified":"2020-11-25T01:57:10","modified_gmt":"2020-11-25T04:57:10","slug":"sumate-al-me-gusta-de-los-videos-del-concurso-jovenes-cientificos","status":"publish","type":"post","link":"https:\/\/vocesparalelas.com.ar\/sitio\/sumate-al-me-gusta-de-los-videos-del-concurso-jovenes-cientificos\/","title":{"rendered":"Sumate al \u00abme gusta\u00bb de los videos del Concurso \u201cJ\u00f3venes Cient\u00edficos\u201d"},"content":{"rendered":"<div class=\"itemFullText\">\n<p>La Secretar\u00eda de Estado de Ciencia, Tecnolog\u00eda e Innovaci\u00f3n &#8211; SECITI &#8211; del Gobierno de San Juan, convoc\u00f3 a la presentaci\u00f3n de proyectos en el marco del Concurso P\u00fablico y Abierto \u201cJ\u00f3venes Cient\u00edficos\u201d &#8211; 2020 Primera Edici\u00f3n\u201d, destinado a reconocer la iniciativa y fomentar la producci\u00f3n contenidos cient\u00edficos en ni\u00f1as y ni\u00f1os y adolescentes de San Juan.<\/p>\n<p>Esta iniciativa busca fomentar en los ni\u00f1os, ni\u00f1as y adolescentes el inter\u00e9s por la ciencia de manera activa; involucrar a padres, madres y tutores en experimentos cient\u00edficos con los menores como una forma de compartir experiencias; incrementar la cultura cient\u00edfica de la ciudadan\u00eda; mostrar la importancia de la ciencia, como forma de conocer el entorno que nos rodea.<\/p>\n<p>El comit\u00e9 realiz\u00f3 la selecci\u00f3n de los videos por cada nivel de participantes los que ser\u00e1n publicados desde el Lunes, 23 de Noviembre, a las redes sociales de la SECITI como Facebook e Instagram y puestos a consideraci\u00f3n del p\u00fablico en general.<\/p>\n<p>El p\u00fablico, mediante la calificaci\u00f3n de \u201cme gusta\u201d, \u00fanico valorador considerado, del 23 al 27 de Noviembre de 2020, los videos que m\u00e1s \u00abme gusta\u00bb recibe la premiaci\u00f3n.<\/p>\n<p>Por consecuencia, se invita a participar a la comunidad visitando las redes sociales de SECITI para observar el potencial de los j\u00f3venes cient\u00edficos que tiene la provincia.<\/p>\n<ul>\n<li>Facebook: Secretar\u00eda de Ciencia, Tecnolog\u00eda e Innovaci\u00f3n del Gobierno de San Juan.<\/li>\n<li>Instagram: cienciaytecnologia.sj<\/li>\n<\/ul>\n<\/div>\n<p>&nbsp;<\/p>\n","protected":false},"excerpt":{"rendered":"<p>La Secretar\u00eda de Estado de Ciencia, Tecnolog\u00eda e Innovaci\u00f3n &#8211; SECITI &#8211; del Gobierno de San Juan, convoc\u00f3 a la<\/p>\n","protected":false},"author":3,"featured_media":32673,"comment_status":"closed","ping_status":"closed","sticky":false,"template":"","format":"standard","meta":{"_acf_changed":false,"_seopress_robots_primary_cat":"none","_seopress_titles_title":"","_seopress_titles_desc":"","_seopress_robots_index":"","colormag_page_container_layout":"default_layout","colormag_page_sidebar_layout":"default_layout","footnotes":""},"categories":[6],"tags":[],"class_list":["post-33026","post","type-post","status-publish","format-standard","has-post-thumbnail","hentry","category-eventos"],"acf":[],"_links":{"self":[{"href":"https:\/\/vocesparalelas.com.ar\/sitio\/wp-json\/wp\/v2\/posts\/33026","targetHints":{"allow":["GET"]}}],"collection":[{"href":"https:\/\/vocesparalelas.com.ar\/sitio\/wp-json\/wp\/v2\/posts"}],"about":[{"href":"https:\/\/vocesparalelas.com.ar\/sitio\/wp-json\/wp\/v2\/types\/post"}],"author":[{"embeddable":true,"href":"https:\/\/vocesparalelas.com.ar\/sitio\/wp-json\/wp\/v2\/users\/3"}],"replies":[{"embeddable":true,"href":"https:\/\/vocesparalelas.com.ar\/sitio\/wp-json\/wp\/v2\/comments?post=33026"}],"version-history":[{"count":1,"href":"https:\/\/vocesparalelas.com.ar\/sitio\/wp-json\/wp\/v2\/posts\/33026\/revisions"}],"predecessor-version":[{"id":33028,"href":"https:\/\/vocesparalelas.com.ar\/sitio\/wp-json\/wp\/v2\/posts\/33026\/revisions\/33028"}],"wp:featuredmedia":[{"embeddable":true,"href":"https:\/\/vocesparalelas.com.ar\/sitio\/wp-json\/wp\/v2\/media\/32673"}],"wp:attachment":[{"href":"https:\/\/vocesparalelas.com.ar\/sitio\/wp-json\/wp\/v2\/media?parent=33026"}],"wp:term":[{"taxonomy":"category","embeddable":true,"href":"https:\/\/vocesparalelas.com.ar\/sitio\/wp-json\/wp\/v2\/categories?post=33026"},{"taxonomy":"post_tag","embeddable":true,"href":"https:\/\/vocesparalelas.com.ar\/sitio\/wp-json\/wp\/v2\/tags?post=33026"}],"curies":[{"name":"wp","href":"https:\/\/api.w.org\/{rel}","templated":true}]}}