{"id":33017,"date":"2020-11-22T22:41:12","date_gmt":"2020-11-23T01:41:12","guid":{"rendered":"http:\/\/vocesparalelas.com.ar\/sitio\/?p=33017"},"modified":"2020-11-22T22:45:06","modified_gmt":"2020-11-23T01:45:06","slug":"epse-recibio-las-ofertas-para-la-construccion-de-la-fabrica-integrada-de-paneles-solares-fotovoltaicos-fv-fase-2-a","status":"publish","type":"post","link":"https:\/\/vocesparalelas.com.ar\/sitio\/epse-recibio-las-ofertas-para-la-construccion-de-la-fabrica-integrada-de-paneles-solares-fotovoltaicos-fv-fase-2-a\/","title":{"rendered":"EPSE recibi\u00f3 las ofertas para la construcci\u00f3n de la \u00abF\u00e1brica Integrada de Paneles Solares Fotovoltaicos (FV) &#8211; Fase 2 A\u00bb"},"content":{"rendered":"<p>Energ\u00eda Provincial Sociedad del Estado &#8211; EPSE &#8211; llev\u00f3 a cabo en sus instalaciones, la apertura de sobres de la Licitaci\u00f3n P\u00fablica N\u00ba 02\/20 para la contrataci\u00f3n de la ejecuci\u00f3n de la \u201cF\u00e1brica Integrada de Paneles Solares Fotovoltaicos (FV) &#8211; Fase 2 A\u201d.<\/p>\n<p>La construcci\u00f3n de la nueva f\u00e1brica, continuar\u00e1 impulsando el desarrollo de energ\u00eda solar en la provincia y ser\u00e1 un nuevo polo para el aprovechamiento de las energ\u00edas limpias, tendr\u00e1 lugar en el predio donde se sit\u00faa actualmente la sede de EPSE, en el departamento Pocito.<\/p>\n<p>La mesa de apertura estuvo integrada por el Dr. V\u00edctor Do\u00f1a, Lic. Oscar Adrover, Dr. Patricio Echegaray, Ing. Miguel Gil y el Secretario de Agua y Energ\u00eda, Ing. Juan Carlos Caparr\u00f3s y fiscalizado por la escribana adscripta de la Escriban\u00eda Mayor de Gobierno, Mayra Mar\u00eda Eugenia Manzini.<\/p>\n<p>Con un presupuesto oficial de $1.222.279.461,00, la licitaci\u00f3n cont\u00f3 con seis oferentes de los cuales cinco fueron presentados por UT. Las empresas presentes fueron:<\/p>\n<ol>\n<li>Senda S. R. L. &#8211; Bilbao Construcciones S. R. L. UT<\/li>\n<li>Ing. Cesar Borrego S. R. L. &#8211; Proyecci\u00f3n Electroluz S. R. L. UT<\/li>\n<li>Sigma S. A. &#8211; Galvarini y Asociados S. A. &#8211; Chiconi S. R. L. UT<\/li>\n<li>Petersen Thiele y Cruz S. A. C y M &#8211; Industrias Metalurgicas Jaime S. R. L. UT<\/li>\n<li>Perfil S. R. L. &#8211; Diamante Giuliani Construcciones S. R. L. UT<\/li>\n<li>Cic\u00f3n S. R. L.<\/li>\n<\/ol>\n<p>Continuando con el proceso licitatorio, la Comisi\u00f3n Evaluadora analizar\u00e1 la propuesta antes mencionadas y dar\u00e1 a conocer los resultados definitivos.<\/p>\n<p>&nbsp;<\/p>\n","protected":false},"excerpt":{"rendered":"<p>Energ\u00eda Provincial Sociedad del Estado &#8211; EPSE &#8211; llev\u00f3 a cabo en sus instalaciones, la apertura de sobres de la<\/p>\n","protected":false},"author":3,"featured_media":33019,"comment_status":"closed","ping_status":"closed","sticky":false,"template":"","format":"standard","meta":{"_acf_changed":false,"_seopress_robots_primary_cat":"none","_seopress_titles_title":"","_seopress_titles_desc":"","_seopress_robots_index":"","colormag_page_container_layout":"default_layout","colormag_page_sidebar_layout":"default_layout","footnotes":""},"categories":[1],"tags":[],"class_list":["post-33017","post","type-post","status-publish","format-standard","has-post-thumbnail","hentry","category-destacadas"],"acf":[],"_links":{"self":[{"href":"https:\/\/vocesparalelas.com.ar\/sitio\/wp-json\/wp\/v2\/posts\/33017","targetHints":{"allow":["GET"]}}],"collection":[{"href":"https:\/\/vocesparalelas.com.ar\/sitio\/wp-json\/wp\/v2\/posts"}],"about":[{"href":"https:\/\/vocesparalelas.com.ar\/sitio\/wp-json\/wp\/v2\/types\/post"}],"author":[{"embeddable":true,"href":"https:\/\/vocesparalelas.com.ar\/sitio\/wp-json\/wp\/v2\/users\/3"}],"replies":[{"embeddable":true,"href":"https:\/\/vocesparalelas.com.ar\/sitio\/wp-json\/wp\/v2\/comments?post=33017"}],"version-history":[{"count":1,"href":"https:\/\/vocesparalelas.com.ar\/sitio\/wp-json\/wp\/v2\/posts\/33017\/revisions"}],"predecessor-version":[{"id":33020,"href":"https:\/\/vocesparalelas.com.ar\/sitio\/wp-json\/wp\/v2\/posts\/33017\/revisions\/33020"}],"wp:featuredmedia":[{"embeddable":true,"href":"https:\/\/vocesparalelas.com.ar\/sitio\/wp-json\/wp\/v2\/media\/33019"}],"wp:attachment":[{"href":"https:\/\/vocesparalelas.com.ar\/sitio\/wp-json\/wp\/v2\/media?parent=33017"}],"wp:term":[{"taxonomy":"category","embeddable":true,"href":"https:\/\/vocesparalelas.com.ar\/sitio\/wp-json\/wp\/v2\/categories?post=33017"},{"taxonomy":"post_tag","embeddable":true,"href":"https:\/\/vocesparalelas.com.ar\/sitio\/wp-json\/wp\/v2\/tags?post=33017"}],"curies":[{"name":"wp","href":"https:\/\/api.w.org\/{rel}","templated":true}]}}