{"id":33011,"date":"2020-11-22T20:45:56","date_gmt":"2020-11-22T23:45:56","guid":{"rendered":"http:\/\/vocesparalelas.com.ar\/sitio\/?p=33011"},"modified":"2020-11-22T22:10:22","modified_gmt":"2020-11-23T01:10:22","slug":"ampliacion-refaccion-y-refuncionalizacion-de-la-escuela-de-educacion-especial-sarm-ara-san-juan","status":"publish","type":"post","link":"https:\/\/vocesparalelas.com.ar\/sitio\/ampliacion-refaccion-y-refuncionalizacion-de-la-escuela-de-educacion-especial-sarm-ara-san-juan\/","title":{"rendered":"Ampliaci\u00f3n, refacci\u00f3n y refuncionalizaci\u00f3n de la Escuela de Educaci\u00f3n Especial SARM \u00abAra San Juan\u00bb"},"content":{"rendered":"<p>La Direcci\u00f3n de Infraestructura Escolar del Ministro de Obra\u00a0y Servicios P\u00fablicos del Gobierno de San Juan\u00a0finaliz\u00f3 los trabajos de ampliaci\u00f3n, refacci\u00f3n y refuncionalizaci\u00f3n de la Escuela de Educaci\u00f3n Especial SARM \u00abAra San Juan\u00bb. La obra, financiada con fondos provinciales, complet\u00f3 el 100 % de avance de ejecuci\u00f3n. El proyecto concluido consta en su totalidad de 1233 m<sup>2<\/sup> de superficie cubierta y 546 m<sup>2<\/sup> de superficie semicubierta, m\u00e1s el patio t\u00e9cnico y una torre tanque de 85 m<sup>2<\/sup>, entre obra nueva y existente.<\/p>\n<p>Previo al comienzo de la obra se demolieron aproximadamente 113 m<sup>2<\/sup> de superficie, que inclu\u00edan partes de los edificios existentes: un dep\u00f3sito ubicado donde se construir\u00e1 el patio c\u00edvico, un dep\u00f3sito dentro de la cocina, muros de ba\u00f1o ubicados en un aula, secretar\u00eda, cisterna y casa para el portero.<\/p>\n<p>La obra de ampliaci\u00f3n consisti\u00f3 en terminar de conformar la obra existente con: aula-taller de m\u00fasica y expresi\u00f3n corporal, aula-taller de habilidades cognitivas, sal\u00f3n de psicomotricidad y kinesiolog\u00eda con dep\u00f3sito, dep\u00f3sito de agropecuaria y aula-taller de habilidades sociales. Todas estos espacios cuentan con sus respectivas galer\u00edas, donde quedan conformadas las mismas en forma de \u201cclaustro\u201d y enmarcando el nuevo patio c\u00edvico.<\/p>\n<p><img loading=\"lazy\" decoding=\"async\" class=\"alignnone wp-image-33013 size-full\" src=\"https:\/\/vocesparalelas.com.ar\/sitio\/wp-content\/uploads\/2020\/11\/ESCUELA-SARM-01.jpg\" alt=\"\" width=\"800\" height=\"534\" srcset=\"https:\/\/vocesparalelas.com.ar\/sitio\/wp-content\/uploads\/2020\/11\/ESCUELA-SARM-01.jpg 800w, https:\/\/vocesparalelas.com.ar\/sitio\/wp-content\/uploads\/2020\/11\/ESCUELA-SARM-01-300x200.jpg 300w, https:\/\/vocesparalelas.com.ar\/sitio\/wp-content\/uploads\/2020\/11\/ESCUELA-SARM-01-768x513.jpg 768w\" sizes=\"auto, (max-width: 800px) 100vw, 800px\" \/><\/p>\n<p>Por otro lado, se construy\u00f3 un SUM, un n\u00facleo sanitario, una cocina y un economato. Con un acceso independiente por calle Sarmiento, que funciona como espacio abierto de lectura, para que pueda ser utilizado de manera independiente de la escuela en caso de ser necesario. Adem\u00e1s, se ejecut\u00f3 la casa del portero y una torre-tanque con acceso independiente. Como tambi\u00e9n dos dep\u00f3sitos de mantenimiento- maestranza y de elementos de educaci\u00f3n f\u00edsica.<\/p>\n<p><img loading=\"lazy\" decoding=\"async\" class=\"alignnone wp-image-33015 size-full\" src=\"https:\/\/vocesparalelas.com.ar\/sitio\/wp-content\/uploads\/2020\/11\/ESCUELA-SARMA-03.jpg\" alt=\"\" width=\"800\" height=\"450\" srcset=\"https:\/\/vocesparalelas.com.ar\/sitio\/wp-content\/uploads\/2020\/11\/ESCUELA-SARMA-03.jpg 800w, https:\/\/vocesparalelas.com.ar\/sitio\/wp-content\/uploads\/2020\/11\/ESCUELA-SARMA-03-300x169.jpg 300w, https:\/\/vocesparalelas.com.ar\/sitio\/wp-content\/uploads\/2020\/11\/ESCUELA-SARMA-03-768x432.jpg 768w\" sizes=\"auto, (max-width: 800px) 100vw, 800px\" \/><\/p>\n<p>&nbsp;<\/p>\n","protected":false},"excerpt":{"rendered":"<p>La Direcci\u00f3n de Infraestructura Escolar del Ministro de Obra\u00a0y Servicios P\u00fablicos del Gobierno de San Juan\u00a0finaliz\u00f3 los trabajos de ampliaci\u00f3n,<\/p>\n","protected":false},"author":3,"featured_media":33014,"comment_status":"closed","ping_status":"closed","sticky":false,"template":"","format":"standard","meta":{"_acf_changed":false,"_seopress_robots_primary_cat":"none","_seopress_titles_title":"","_seopress_titles_desc":"","_seopress_robots_index":"","colormag_page_container_layout":"default_layout","colormag_page_sidebar_layout":"default_layout","footnotes":""},"categories":[1],"tags":[],"class_list":["post-33011","post","type-post","status-publish","format-standard","has-post-thumbnail","hentry","category-destacadas"],"acf":[],"_links":{"self":[{"href":"https:\/\/vocesparalelas.com.ar\/sitio\/wp-json\/wp\/v2\/posts\/33011","targetHints":{"allow":["GET"]}}],"collection":[{"href":"https:\/\/vocesparalelas.com.ar\/sitio\/wp-json\/wp\/v2\/posts"}],"about":[{"href":"https:\/\/vocesparalelas.com.ar\/sitio\/wp-json\/wp\/v2\/types\/post"}],"author":[{"embeddable":true,"href":"https:\/\/vocesparalelas.com.ar\/sitio\/wp-json\/wp\/v2\/users\/3"}],"replies":[{"embeddable":true,"href":"https:\/\/vocesparalelas.com.ar\/sitio\/wp-json\/wp\/v2\/comments?post=33011"}],"version-history":[{"count":1,"href":"https:\/\/vocesparalelas.com.ar\/sitio\/wp-json\/wp\/v2\/posts\/33011\/revisions"}],"predecessor-version":[{"id":33016,"href":"https:\/\/vocesparalelas.com.ar\/sitio\/wp-json\/wp\/v2\/posts\/33011\/revisions\/33016"}],"wp:featuredmedia":[{"embeddable":true,"href":"https:\/\/vocesparalelas.com.ar\/sitio\/wp-json\/wp\/v2\/media\/33014"}],"wp:attachment":[{"href":"https:\/\/vocesparalelas.com.ar\/sitio\/wp-json\/wp\/v2\/media?parent=33011"}],"wp:term":[{"taxonomy":"category","embeddable":true,"href":"https:\/\/vocesparalelas.com.ar\/sitio\/wp-json\/wp\/v2\/categories?post=33011"},{"taxonomy":"post_tag","embeddable":true,"href":"https:\/\/vocesparalelas.com.ar\/sitio\/wp-json\/wp\/v2\/tags?post=33011"}],"curies":[{"name":"wp","href":"https:\/\/api.w.org\/{rel}","templated":true}]}}