{"id":33006,"date":"2020-11-21T22:56:55","date_gmt":"2020-11-22T01:56:55","guid":{"rendered":"http:\/\/vocesparalelas.com.ar\/sitio\/?p=33006"},"modified":"2020-11-21T22:56:55","modified_gmt":"2020-11-22T01:56:55","slug":"una-reunion-donde-quedaron-saldadas-las-diferencias-que-motivaron-la-decision-del-gobierno-de-san-juan-de-rescindir-los-convenios-que-lo-vinculan-con-la-unsj","status":"publish","type":"post","link":"https:\/\/vocesparalelas.com.ar\/sitio\/una-reunion-donde-quedaron-saldadas-las-diferencias-que-motivaron-la-decision-del-gobierno-de-san-juan-de-rescindir-los-convenios-que-lo-vinculan-con-la-unsj\/","title":{"rendered":"Una reuni\u00f3n donde quedaron saldadas las diferencias que motivaron la decisi\u00f3n del gobierno de San Juan de rescindir los convenios que lo vinculan con la UNSJ"},"content":{"rendered":"<p>En la tarde del S\u00e1bado, 21 de Noviembre, el rector de la UNSJ, Dr. Oscar Nasisi, y el gobernador de San Juan, Dr. Sergio U\u00f1ac, mantuvieron una reuni\u00f3n en la que quedaron saldadas las diferencias que motivaron la decisi\u00f3n del gobierno de rescindir los convenios que lo vinculan con la UNSJ.<\/p>\n<p>Despu\u00e9s del encuentro, el rector de la UNSJ, Dr. Oscar Nasisi fij\u00f3 su posici\u00f3n sobre el tema y afirm\u00f3 que \u00abla Universidad Nacional de San Juan, ha mantenido durante su casi medio siglo de vida una estrecha relaci\u00f3n con los sucesivos gobiernos democr\u00e1ticos de la Provincia, generado una sinergia virtuosa que ha contribuido con innumerables acciones concurrentes, en su desarrollo\u00bb.<\/p>\n<p>\u00abCon la sana intenci\u00f3n de aportar conocimiento y ciencia al servicio del bien com\u00fan, docentes e investigadores han aunado esfuerzos con funcionarios y equipos t\u00e9cnicos de gobierno en innumerables proyectos, que han contado con financiamiento conjunto, respaldos en la firma de convenios de cooperaci\u00f3n acad\u00e9mica, cient\u00edfica, t\u00e9cnica y de creaci\u00f3n, complementadas con actas y adendas que especificaban las actividades propuestas. Dichos acuerdos que formalizaban el desarrollo de trabajo mutuo, indudablemente han contribuido a las actividades de desarrollo cient\u00edfico, consolidando el crecimiento de nuestra Universidad, lo que la posiciona hoy entre las m\u00e1s prestigiosas del pa\u00eds\u00bb.<\/p>\n<p>\u00abEn el marco de la actual pandemia, las universidades del mundo entero intentan hacer sus aportes tratando de reducir el impacto sanitario, social y econ\u00f3mico del COVID 19. En ese sentido nuestra universidad viene desarrollando acciones concretas y conjuntas con el gobierno provincial. Queda claro que cada investigador, en estricto acuerdo con la libertad acad\u00e9mica, tiene la posibilidad de elegir y desarrollar el tema sobre el cual intervenir, libertad reconocida y apoyada desde nuestra instituci\u00f3n sin restricciones de tipo epistemol\u00f3gico ni ideol\u00f3gico\u00bb.<\/p>\n<p>\u00abQueda librado a cada docente investigador, como cualquier integrante de nuestra comunidad proponer ideas para mejorar pol\u00edticas p\u00fablicas de un gobierno, en funci\u00f3n de su trabajo. Dichas expresiones son de car\u00e1cter particular, y seguramente ser\u00e1n respaldadas por su trabajo cient\u00edfico, pero no pueden considerarse, de ning\u00fan modo como la visi\u00f3n institucional de la Universidad. Cualquier posicionamiento de ese tipo requiere el acuerdo de los cuerpos colegiados\u201d -concluy\u00f3 el Rector de la UNSJ, Dr. Oscar Nasisi.<\/p>\n<p>&nbsp;<\/p>\n<p>&nbsp;<\/p>\n","protected":false},"excerpt":{"rendered":"<p>En la tarde del S\u00e1bado, 21 de Noviembre, el rector de la UNSJ, Dr. Oscar Nasisi, y el gobernador de<\/p>\n","protected":false},"author":3,"featured_media":33008,"comment_status":"closed","ping_status":"closed","sticky":false,"template":"","format":"standard","meta":{"_acf_changed":false,"_seopress_robots_primary_cat":"none","_seopress_titles_title":"","_seopress_titles_desc":"","_seopress_robots_index":"","colormag_page_container_layout":"default_layout","colormag_page_sidebar_layout":"default_layout","footnotes":""},"categories":[1],"tags":[],"class_list":["post-33006","post","type-post","status-publish","format-standard","has-post-thumbnail","hentry","category-destacadas"],"acf":[],"_links":{"self":[{"href":"https:\/\/vocesparalelas.com.ar\/sitio\/wp-json\/wp\/v2\/posts\/33006","targetHints":{"allow":["GET"]}}],"collection":[{"href":"https:\/\/vocesparalelas.com.ar\/sitio\/wp-json\/wp\/v2\/posts"}],"about":[{"href":"https:\/\/vocesparalelas.com.ar\/sitio\/wp-json\/wp\/v2\/types\/post"}],"author":[{"embeddable":true,"href":"https:\/\/vocesparalelas.com.ar\/sitio\/wp-json\/wp\/v2\/users\/3"}],"replies":[{"embeddable":true,"href":"https:\/\/vocesparalelas.com.ar\/sitio\/wp-json\/wp\/v2\/comments?post=33006"}],"version-history":[{"count":1,"href":"https:\/\/vocesparalelas.com.ar\/sitio\/wp-json\/wp\/v2\/posts\/33006\/revisions"}],"predecessor-version":[{"id":33009,"href":"https:\/\/vocesparalelas.com.ar\/sitio\/wp-json\/wp\/v2\/posts\/33006\/revisions\/33009"}],"wp:featuredmedia":[{"embeddable":true,"href":"https:\/\/vocesparalelas.com.ar\/sitio\/wp-json\/wp\/v2\/media\/33008"}],"wp:attachment":[{"href":"https:\/\/vocesparalelas.com.ar\/sitio\/wp-json\/wp\/v2\/media?parent=33006"}],"wp:term":[{"taxonomy":"category","embeddable":true,"href":"https:\/\/vocesparalelas.com.ar\/sitio\/wp-json\/wp\/v2\/categories?post=33006"},{"taxonomy":"post_tag","embeddable":true,"href":"https:\/\/vocesparalelas.com.ar\/sitio\/wp-json\/wp\/v2\/tags?post=33006"}],"curies":[{"name":"wp","href":"https:\/\/api.w.org\/{rel}","templated":true}]}}