{"id":33002,"date":"2020-11-21T22:22:02","date_gmt":"2020-11-22T01:22:02","guid":{"rendered":"http:\/\/vocesparalelas.com.ar\/sitio\/?p=33002"},"modified":"2020-11-21T22:22:02","modified_gmt":"2020-11-22T01:22:02","slug":"en-pandemia-covid-19-un-dia-de-la-sanidad-diferente-para-el-hospital-dr-guillermo-rawson","status":"publish","type":"post","link":"https:\/\/vocesparalelas.com.ar\/sitio\/en-pandemia-covid-19-un-dia-de-la-sanidad-diferente-para-el-hospital-dr-guillermo-rawson\/","title":{"rendered":"En pandemia COVID-19 un D\u00eda de la Sanidad diferente para el Hospital Dr. Guillermo Rawson"},"content":{"rendered":"<p>Con un trabajo m\u00e1s que nunca mancomunado e interdisciplinario, en el que la tarea de cada persona, de cada \u00e1rea y servicio es imprescindible para afrontar la realidad actual, exigiendo perfeccionamiento, capacitaci\u00f3n, amor y una entrega excepcional en pos de garantizar el objetivo final que es la contenci\u00f3n y recuperaci\u00f3n del paciente.<\/p>\n<p>Hoy, la palabra Sanidad alcanza todas sus connotaciones posibles y encuentra a la totalidad del personal del Hospital adherido al concepto de equipo de salud, combatiendo unido frente a los riesgos propios y ajenos, redoblando los cuidados personales, los de su c\u00edrculo \u00edntimo, los de su ambiente de trabajo y los del paciente, lo cual por momentos se convierte en una lucha dura y a veces desigualdesde lo f\u00edsico y an\u00edmico, pero posible.<\/p>\n<p><strong><span style=\"color: #ff0000;\">Un plantel amplio y capacitado<\/span><\/strong><\/p>\n<p>En la actualidad el Hospital enfrenta estos desaf\u00edos con 3.110 integrantes de planta permanente entre m\u00e9dicos, personal de Enfermer\u00eda y Personal Administrativo, m\u00e1s 150 nuevos residentes y el aporte imprescindible del personal de las empresas que brindan servicios tercerizados de Seguridad, Limpieza, Esterilizaci\u00f3n, Mantenimiento y Alimentaci\u00f3n.<\/p>\n<p>Hoy los 80 sectores que comprenden servicios asistenciales, \u00e1reas administrativas y t\u00e9cnicas y los diversos comit\u00e9s cient\u00edficos son los pilares para sostener el duro trabajo contra el Covid y el mantenimiento de la atenci\u00f3n de las diversas patolog\u00edas habituales, entendiendo que en esta realidad hay sectores cr\u00edticos especialmente involucrados, pero sabiendo que sin el aporte de los dem\u00e1s sectores m\u00e9dicos y no m\u00e9dicos el resultado no ser\u00eda posible.<\/p>\n<p><strong><span style=\"color: #ff0000;\">Previsi\u00f3n, preparaci\u00f3n y capacitaci\u00f3n<\/span><\/strong><\/p>\n<p>Ser\u00eda imposible enfrentar la pandemia sin una preparaci\u00f3n general y organizada, y en ese sentido el Hospital Dr. Guillermo Rawson es el primer hospital p\u00fablico de la Argentina en aprobar los procedimientos de certificaci\u00f3n del Sello IRAM de Protocolo COVID-19 Verificado.<\/p>\n<p>Esta certificaci\u00f3n se otorga a las instituciones que generaron sus protocolos internos para prevenir, controlar y mitigar la pandemia, cumpliendo con el marco legal establecido por los gobiernos nacional y provincial, y las disposiciones vigentes del EDP IRAM 3820 (normas desarrolladas por expertos en la tem\u00e1tica).<\/p>\n<p>El Sello IRAM de Protocolo COVID-19 Verificad<em>o<\/em> aportar\u00e1 valor a los procesos sanitarios de contingencia y gesti\u00f3n de la prevenci\u00f3n y salud, brindando as\u00ed\u00a0confianza y seguridad de la protecci\u00f3n del personal, pacientes y proveedores del Hospital Rawson.<\/p>\n<p>El Hospital Rawson tiene m\u00e1s de 50 Protocolos COVID-19 internos.<\/p>\n<p><strong><span style=\"color: #ff0000;\">Los reconocimientos a toda nuestra gente<\/span><\/strong><\/p>\n<p>Todos los a\u00f1os es habitual resaltar, premiar, agradecer y recordar a nuestro personal. Aunque esta circunstancia hoy no sea festiva como otros a\u00f1os, no puede ser dejada de lado, resaltando a un equipo de salud siempre presente, trabajando\u00a0de d\u00eda o de noche con compromiso, vocaci\u00f3n, templanza y valent\u00eda.<\/p>\n<p>Por ese motivo es justo reconocer al personal distinguido por su desempe\u00f1o en las distintas \u00e1reas, al personal que recibi\u00f3 su jubilaci\u00f3n despu\u00e9s de a\u00f1os de inmensa entrega y recordar con admiraci\u00f3n y respeto a todos los compa\u00f1eros que lamentablemente fallecieron este a\u00f1o, dejando una marca indeleble en sus compa\u00f1eros y en todos los an\u00f3nimos sanjuaninos que recibieron su atenci\u00f3n.<\/p>\n<p>Agradecemos el trabajo del Departamento Recursos Humanos por su trabajo estad\u00edstico y de recopilaci\u00f3n de datos para poder distinguir a todo el personal.<\/p>\n<p><strong><span style=\"color: #ff0000;\">Reconocimiento en el D\u00eda Provincial de la Sanidad<\/span><\/strong><\/p>\n<p>Todo el personal del Hospital Rawson despide a los compa\u00f1eros que fallecieron este a\u00f1o, sin poder evitar la tristeza de no tenerlos m\u00e1s a nuestro lado, pero con un gracias inmenso. Que en Paz Descansen: Isabel Gonz\u00e1lez (Servicio Farmacia); Anal\u00eda Ver\u00f3nica Santib\u00e1\u00f1ez Mu\u00f1oz (Servicio ORL); Nidia Noem\u00ed Carrizo (Servicio Farmacia \u2013 Secci\u00f3n Esterilizaci\u00f3n); Hern\u00e1n Ra\u00fal Bord\u00f3n (Divisi\u00f3n Enfermer\u00eda) y H\u00e9ctor Aldo Esp\u00edn (Servicio Maternidad \u2013 Centro Obst\u00e9trico).<\/p>\n<p><span style=\"color: #ff0000;\">Personal jubilado<\/span><\/p>\n<p>Reconocemos al personal que se ha jubilado en este \u00faltimo a\u00f1o por su trabajo al servicio de la salud y por su desempe\u00f1o laboral y compromiso con el Hospital Rawson.<\/p>\n<p>Los beneficiados son: Orlando Roy; Pilar Cristina Fern\u00e1ndez; Nicolasa Elifonza Varela; Lastenia Benita Orme\u00f1o; Mercedes Violeta Vila Pinto; Teresa Donatila Recabarren; Nora Graciela Roca; Liliana Am\u00e9rica Luna; Mar\u00eda A. Salda\u00f1a; Rosa Mirta Tapia; Silvia Alicia Mar\u00fan; Beatriz Susana Salanitro; Fanny Mar\u00eda Navarro; Rina Leonor Mu\u00f1oz; Luisa Ester Vila; Ester Araceli Luna; Ricardo Lucio Villalobos; Estela M\u00f3nica Barrios; Humberto Atencio; Silvia Cheli; Gustavo Torcivia; Pedro Antonio Guerrero; Teresa Lozano; Armando A. Guerra y Marta A. Torrado.<\/p>\n<p><span style=\"color: #ff0000;\"><strong>Personal destacado<\/strong><\/span><\/p>\n<p>En este a\u00f1o, tan crucial para la sanidad en el mundo, es de relevancia el trabajo de todo el personal de cada uno de los servicios y \u00e1reas del Hospital Rawson.<\/p>\n<p>El personal destacado de este a\u00f1o, reconocido por sus jefes, es el siguiente:<\/p>\n<p>Gema Oyola (Auditoria M\u00e9dica); Ar\u00edstides P\u00e9rez (Agentes de Traslado); Administrativos, Enfermer\u00eda y M\u00e9dicos (Cardiolog\u00eda y Unidad Coronaria); Mar\u00eda Guarnido, Adriana Guti\u00e9rrez; Rosa Marcela Morales (Centro Quir\u00fargico); Laura Ferreyra y Yanina Guti\u00e9rrez (Cirug\u00eda Pedi\u00e1trica); Juan Carlos Pantano y Silvia Susana P\u00e1ez (Consultorios Externos), Melina Sede\u00f1o (Contratos\/Control de Contratos); \u00c9rica Palacio (Control de Personal), Cristian Osvaldo Rodr\u00edguez (Delegaci\u00f3n Fiscal); \u00c1ngela Azucena y Elizabeth Roxana Ortiz (Divisi\u00f3n Admisi\u00f3n); Rodolfo Alejandro Oro (Divisi\u00f3n Presupuesto); Marcos Ontiveros (Divisi\u00f3n Despacho Administrativo); Todos los Agentes (Divisi\u00f3n Estad\u00edstica); Franco Mu\u00f1oz (Divisi\u00f3n Liquidaci\u00f3n de Sueldos); Sonia Cal\u00edvar (Divisi\u00f3n Personal); Todos los Agentes (Divisi\u00f3n Relaciones Laborales); Karen Mercado (Dpto Compras); Todos los Agentes (Dpto Contable); Mar\u00eda Valeria Coria (Dpto Control Gesti\u00f3n); Graciela Matilde Vargas y Luisa Emilia Ortiz (Dpto Enfermer\u00eda); Marianella Zuccoti (Secci\u00f3n Fonoaudiolog\u00eda); Nicol\u00e1s Vilanova (Dpto Inform\u00e1tica); Alfredo Hoffman (Dpto Mantenimiento); Jonathan Ortega (Dpto Patrimonio); Mar\u00eda Rosa Zambrana (Dpto Recursos Humanos); Pamela Vanina Varas (Dpto Recursos Humanos); Jos\u00e9 Emilio S\u00e1nchez (Dpto Tesorer\u00eda); Marta Del Carmen Moreno (Dpto Gesti\u00f3n de Pacientes); Todos los Agentes (Dpto Recuperaci\u00f3n Costos); Todos los Agentes (Gabinete Higiene Y Seguridad); Todos los Agentes (Gesti\u00f3n de Calidad); Elena Del Valle Castro (Hospital de D\u00eda); Todos los Agentes (Movilidad); Sebasti\u00e1n Lifschitz (Otorrinolaringolog\u00eda); Daiana Ayel\u00e9n Grimalt (Secci\u00f3n Adm. T\u00e9cnico); Emanuel Alberto Maldonado (Secci\u00f3n Legajos); Daniela Lucrecia Riveros (Secci\u00f3n Mesa De Entradas); Adriana Suraty (Secci\u00f3n Profesionales); Cristian Daniel Maturano (Secci\u00f3n Salario Familiar); Administrativos, T\u00e9cnicos y Bioqu\u00edmicos (Servicio Laboratorio Central); Roberto Monta\u00f1a (Servicio Anatom\u00eda Patol\u00f3gica); Ariel Milla, Sergio De Vita (Servicio Anestesia); Carina Tello (Servicio Cirug\u00eda General); Isabel Aciar (Servicio de Dermatolog\u00eda); Mariana Valdez y Mabel Arancibia (Servicio Diagn\u00f3stico por Im\u00e1genes); Yanina Chiffel, Juan Miguel Luna, M\u00f3nica Tejada y Lucia Vilche (Servicio Farmacia y Esterilizaci\u00f3n); Francisco Soberbio, Lorena Viviana Pirri y Miguel Zini (Servicio Ginecolog\u00eda); V\u00edctor Armando Alga\u00f1araz (Serv. de Hematolog\u00eda y Hemoterapia); Mar\u00eda Elena Garepia (Servicio Infectolog\u00eda); Luis Cortez (Servicio Ingenier\u00eda Cl\u00ednica); Sergio Alejandro Flores (Servicio de Kinesiolog\u00eda); Rub\u00e9n Rojas, Cecilia Bel\u00e9n Navarro, Mar\u00eda Rosario Luna y Carol De Los \u00c1ngeles Silva (Servicio Maternidad); Sergio Dar\u00edo Carrizo, Leticia Del Carmen S\u00e1nchez, Nancy Dominga Rojas e Isabel Jelves (Servicio M\u00e9dico de Urgencias); Todos los Agentes (Sector Covid); Administrativo, Enfermer\u00eda y M\u00e9dicos (Servicio Nefrolog\u00eda y Hemodi\u00e1lisis); Juana Laura Rojas, Sandra Rodr\u00edguez De Giacone y V\u00edctor Silvano P\u00e9rez (Servicio Neonatolog\u00eda); Eleanai Lima (Servicio Neurocirug\u00eda); Gabriela L\u00f3pez (Servicio Cirug\u00eda Cardiovascular); Alejandra Salinas (Servicio Nutrici\u00f3n); Rosana Gregorini, Paulina Bord\u00f3n, German Mengual, Mar\u00eda Eugenia Reina (Servicio Pediatr\u00eda); Lucrecia Cabrera (Servicio Psiquiatr\u00eda); \u00c9rica P\u00e1ez (Servicio Social); Sandra Firmapaz, Carlos Vera (Servicio Traumatolog\u00eda); Joel Caisedo y Mario Leonardo Corado (Servicios Generales); Yanina Soledad Vila (Sistema Inform\u00e1tico Perinatal); Administrativos, Enfermer\u00eda y M\u00e9dicos (Terapia Intensiva Adultos); Romina Rom\u00e1n y Luis Alfredo Clavel (Terapia Intensiva Pedi\u00e1trica); Mar\u00eda Andrea N\u00fa\u00f1ez (Vacunatorio).<\/p>\n<p>A todo nuestro Equipo de Salud, \u00a1Feliz D\u00eda de la Sanidad!<\/p>\n","protected":false},"excerpt":{"rendered":"<p>Con un trabajo m\u00e1s que nunca mancomunado e interdisciplinario, en el que la tarea de cada persona, de cada \u00e1rea<\/p>\n","protected":false},"author":3,"featured_media":33004,"comment_status":"closed","ping_status":"closed","sticky":false,"template":"","format":"standard","meta":{"_acf_changed":false,"_seopress_robots_primary_cat":"none","_seopress_titles_title":"","_seopress_titles_desc":"","_seopress_robots_index":"","colormag_page_container_layout":"default_layout","colormag_page_sidebar_layout":"default_layout","footnotes":""},"categories":[1],"tags":[],"class_list":["post-33002","post","type-post","status-publish","format-standard","has-post-thumbnail","hentry","category-destacadas"],"acf":[],"_links":{"self":[{"href":"https:\/\/vocesparalelas.com.ar\/sitio\/wp-json\/wp\/v2\/posts\/33002","targetHints":{"allow":["GET"]}}],"collection":[{"href":"https:\/\/vocesparalelas.com.ar\/sitio\/wp-json\/wp\/v2\/posts"}],"about":[{"href":"https:\/\/vocesparalelas.com.ar\/sitio\/wp-json\/wp\/v2\/types\/post"}],"author":[{"embeddable":true,"href":"https:\/\/vocesparalelas.com.ar\/sitio\/wp-json\/wp\/v2\/users\/3"}],"replies":[{"embeddable":true,"href":"https:\/\/vocesparalelas.com.ar\/sitio\/wp-json\/wp\/v2\/comments?post=33002"}],"version-history":[{"count":1,"href":"https:\/\/vocesparalelas.com.ar\/sitio\/wp-json\/wp\/v2\/posts\/33002\/revisions"}],"predecessor-version":[{"id":33005,"href":"https:\/\/vocesparalelas.com.ar\/sitio\/wp-json\/wp\/v2\/posts\/33002\/revisions\/33005"}],"wp:featuredmedia":[{"embeddable":true,"href":"https:\/\/vocesparalelas.com.ar\/sitio\/wp-json\/wp\/v2\/media\/33004"}],"wp:attachment":[{"href":"https:\/\/vocesparalelas.com.ar\/sitio\/wp-json\/wp\/v2\/media?parent=33002"}],"wp:term":[{"taxonomy":"category","embeddable":true,"href":"https:\/\/vocesparalelas.com.ar\/sitio\/wp-json\/wp\/v2\/categories?post=33002"},{"taxonomy":"post_tag","embeddable":true,"href":"https:\/\/vocesparalelas.com.ar\/sitio\/wp-json\/wp\/v2\/tags?post=33002"}],"curies":[{"name":"wp","href":"https:\/\/api.w.org\/{rel}","templated":true}]}}