{"id":32979,"date":"2020-11-20T22:32:54","date_gmt":"2020-11-21T01:32:54","guid":{"rendered":"http:\/\/vocesparalelas.com.ar\/sitio\/?p=32979"},"modified":"2020-11-20T23:04:06","modified_gmt":"2020-11-21T02:04:06","slug":"presento-el-libro-no-permanecer-caido-de-federico-gallardo","status":"publish","type":"post","link":"https:\/\/vocesparalelas.com.ar\/sitio\/presento-el-libro-no-permanecer-caido-de-federico-gallardo\/","title":{"rendered":"Se present\u00f3 el libro \u00abNo permanecer ca\u00eddo\u00bb de Federico Gallardo"},"content":{"rendered":"<p>En la jornada del Viernes, 20 de Noviembre, el gobernador de San Juan, Dr. Sergio U\u00f1ac recibi\u00f3 de manera simb\u00f3lica por parte de la Fundaci\u00f3n Espartanos 2000 ejemplares del libro \u201cNo permanecer ca\u00eddo\u201d del autor Federico Gallardo.<\/p>\n<p>Estuvieron presentes la presidente de la Corte de Justicia de San Juan, Dra. Adriana Garc\u00eda Nieto; el ministro de Educaci\u00f3n, Lic. Felipe De Los R\u00edos; el secretario de Estado de Deportes, Jorge Chica; el diputado nacional Francisco Guevara; el ministro de la Corte de Justicia, Dra. Daniel Olivares Yapur; el secretario de Estado de Seguridad y Orden P\u00fablico, Dr. Carlos Munisaga; la gerenta general del Banco San Juan, CPN Silvina Bellanting; v\u00eda conectividad, el fundador de la Fundaci\u00f3n Espartanos, Eduardo Oderigo; el responsable de la Difusi\u00f3n de la Fundaci\u00f3n Espartanos, Javier Dragotto; el referente en San Juan de la Fundaci\u00f3n Espartanos, Federico Zapata y dem\u00e1s funcionarios provinciales.<\/p>\n<p>El libro de Federico Gallardo cuenta la historia de personas que erraron su camino al delinquir, pero que lograron cambiar su vida a trav\u00e9s de la pr\u00e1ctica de un deporte como es el rugby; la espiritualidad, la educaci\u00f3n y el trabajo formal; los cimientos de la Fundaci\u00f3n Espartanos para trabajar en la reinserci\u00f3n social de personas privadas de su libertad, basados en la ense\u00f1anza del Papa Francisco \u201cEn el arte de ascender lo importante no es no caer, sino no permanecer ca\u00eddo\u201d.<\/p>\n<p>Por su parte, la presidente de la Corte de Justicia de San Juan, Dra. Adriana Garc\u00eda Nieto reconoci\u00f3 que \u00abel rol importante que hay que cumplir en materia de responsabilidad e inclusi\u00f3n social que hemos asumido como Poder Judicial la responsabilidad social y asumiendo esa responsabilidad social es que tenemos que mirar que quien ha cometido ese hecho no puede permanecer ca\u00eddo. Y en esta mirada el Estado, independientemente de la funci\u00f3n constitucional, junto con las organizaciones gubernamentales y no gubernamentales, todos, en una mirada puesta en la reinserci\u00f3n, en la vuelta, en el regreso y en las segundas oportunidades\u00bb.<\/p>\n<p>A su vez, el fundador de la Fundaci\u00f3n Espartanos, Eduardo Oderigo; destac\u00f3 que \u00abel accionar de San Juan donde hemos llegado a tantos colegios. Ojal\u00e1 este sea el puntapi\u00e9 inicial para que el libro no llegue solamente a unos pocos sino de esta manera tan linda y tan profunda. La verdad estoy emocionado por el apoyo que veo desde San Juan\u201d.<\/p>\n<p>Por ello, el gobernador de San Juan, Dr. Sergio U\u00f1ac \u00a0puntualiz\u00f3 que \u00abla pol\u00edtica de Estado para situar al deporte, como articulador social, en el escalaf\u00f3n m\u00e1s alto a nivel nacional en materia de inclusi\u00f3n e inversi\u00f3n. San Juan es la provincia, teniendo en cuenta su presupuesto y la cantidad de habitantes, que m\u00e1s invierte en deportes y en la difusi\u00f3n de la pr\u00e1ctica deportiva. Y este fue un compromiso que asum\u00ed antes de llegar al primer periodo como gobernador. El deporte, la pr\u00e1ctica del mismo, en cualquier de sus disciplinas es la mejor herramienta de cambio y de inclusi\u00f3n social y a las pruebas nos remitimos\u201d.<\/p>\n<p>\u00abApostamos por la infraestructura. San Juan es la provincia que m\u00e1s invirti\u00f3, agregando como eje el desarrollo de eventos deportivos. Cada evento que se ha producido ac\u00e1, muchos de rugby, al lunes siguiente o al d\u00eda siguiente del desarrollo del mismo siempre hab\u00eda un chicos m\u00e1s. Hab\u00edan muchos m\u00e1s, pero si hubiese sido un chico m\u00e1s entusiasm\u00e1ndose con practicar alguna disciplina deportiva, la sociedad sanjuanina habr\u00eda ganado en ese sentido\u201d.<\/p>\n<p>\u00abEs importante de un segundo penal a construir en San Juan, teniendo como foco la rehabilitaci\u00f3n y reinserci\u00f3n de los condenados, a la sociedad\u00bb \u00a0&#8211; sintetiz\u00f3 el gobernador.<\/p>\n<p><iframe loading=\"lazy\" title=\"La Fundaci\u00f3n Espartanos hizo entrega de libros a escuelas de San Juan\" width=\"800\" height=\"450\" src=\"https:\/\/www.youtube.com\/embed\/viXifYkHtoY?feature=oembed\" frameborder=\"0\" allow=\"accelerometer; autoplay; clipboard-write; encrypted-media; gyroscope; picture-in-picture\" allowfullscreen><\/iframe><\/p>\n<p>&nbsp;<\/p>\n<p><img loading=\"lazy\" decoding=\"async\" class=\"alignnone wp-image-32981 size-full\" src=\"https:\/\/vocesparalelas.com.ar\/sitio\/wp-content\/uploads\/2020\/11\/LIBRO-ESPARTANOS-01.jpg\" alt=\"\" width=\"800\" height=\"588\" srcset=\"https:\/\/vocesparalelas.com.ar\/sitio\/wp-content\/uploads\/2020\/11\/LIBRO-ESPARTANOS-01.jpg 800w, https:\/\/vocesparalelas.com.ar\/sitio\/wp-content\/uploads\/2020\/11\/LIBRO-ESPARTANOS-01-300x221.jpg 300w, https:\/\/vocesparalelas.com.ar\/sitio\/wp-content\/uploads\/2020\/11\/LIBRO-ESPARTANOS-01-768x564.jpg 768w\" sizes=\"auto, (max-width: 800px) 100vw, 800px\" \/><\/p>\n","protected":false},"excerpt":{"rendered":"<p>En la jornada del Viernes, 20 de Noviembre, el gobernador de San Juan, Dr. Sergio U\u00f1ac recibi\u00f3 de manera simb\u00f3lica<\/p>\n","protected":false},"author":3,"featured_media":32982,"comment_status":"closed","ping_status":"closed","sticky":false,"template":"","format":"video","meta":{"_acf_changed":false,"_seopress_robots_primary_cat":"none","_seopress_titles_title":"","_seopress_titles_desc":"","_seopress_robots_index":"","colormag_page_container_layout":"default_layout","colormag_page_sidebar_layout":"default_layout","footnotes":""},"categories":[1,7],"tags":[],"class_list":["post-32979","post","type-post","status-publish","format-video","has-post-thumbnail","hentry","category-destacadas","category-videos","post_format-post-format-video"],"acf":[],"_links":{"self":[{"href":"https:\/\/vocesparalelas.com.ar\/sitio\/wp-json\/wp\/v2\/posts\/32979","targetHints":{"allow":["GET"]}}],"collection":[{"href":"https:\/\/vocesparalelas.com.ar\/sitio\/wp-json\/wp\/v2\/posts"}],"about":[{"href":"https:\/\/vocesparalelas.com.ar\/sitio\/wp-json\/wp\/v2\/types\/post"}],"author":[{"embeddable":true,"href":"https:\/\/vocesparalelas.com.ar\/sitio\/wp-json\/wp\/v2\/users\/3"}],"replies":[{"embeddable":true,"href":"https:\/\/vocesparalelas.com.ar\/sitio\/wp-json\/wp\/v2\/comments?post=32979"}],"version-history":[{"count":3,"href":"https:\/\/vocesparalelas.com.ar\/sitio\/wp-json\/wp\/v2\/posts\/32979\/revisions"}],"predecessor-version":[{"id":32986,"href":"https:\/\/vocesparalelas.com.ar\/sitio\/wp-json\/wp\/v2\/posts\/32979\/revisions\/32986"}],"wp:featuredmedia":[{"embeddable":true,"href":"https:\/\/vocesparalelas.com.ar\/sitio\/wp-json\/wp\/v2\/media\/32982"}],"wp:attachment":[{"href":"https:\/\/vocesparalelas.com.ar\/sitio\/wp-json\/wp\/v2\/media?parent=32979"}],"wp:term":[{"taxonomy":"category","embeddable":true,"href":"https:\/\/vocesparalelas.com.ar\/sitio\/wp-json\/wp\/v2\/categories?post=32979"},{"taxonomy":"post_tag","embeddable":true,"href":"https:\/\/vocesparalelas.com.ar\/sitio\/wp-json\/wp\/v2\/tags?post=32979"}],"curies":[{"name":"wp","href":"https:\/\/api.w.org\/{rel}","templated":true}]}}