{"id":32479,"date":"2020-11-03T00:41:02","date_gmt":"2020-11-03T03:41:02","guid":{"rendered":"http:\/\/vocesparalelas.com.ar\/sitio\/?p=32479"},"modified":"2020-11-03T00:42:24","modified_gmt":"2020-11-03T03:42:24","slug":"cuadrillas-de-limpieza-en-rivadavia","status":"publish","type":"post","link":"https:\/\/vocesparalelas.com.ar\/sitio\/cuadrillas-de-limpieza-en-rivadavia\/","title":{"rendered":"Cuadrillas de limpieza en Rivadavia"},"content":{"rendered":"<div dir=\"auto\">\n<div dir=\"auto\">La Municipalidad de Rivadavia informa que distribuidos en cinco zonas del Departamento, Centro, Norte, Sur, Oeste La Bebida y Oeste Marquesado, m\u00e1s de 500 trabajadores recorren, d\u00eda a d\u00eda, las calles de Rivadavia.<\/div>\n<div dir=\"auto\"><\/div>\n<div dir=\"auto\">Realizan tareas de limpieza de calles, banquinas, cunetas y levante de hojas. Adem\u00e1s, hay una cuadrilla afectada, permanentemente, al mantenimiento de la Ruta del Sol.<\/div>\n<div dir=\"auto\"><\/div>\n<div dir=\"auto\">Se informa a los vecinos los barrios en los que se trabaja durante esta semana.<\/div>\n<\/div>\n<p>&nbsp;<\/p>\n<p><img loading=\"lazy\" decoding=\"async\" class=\"wp-image-32480 size-full aligncenter\" src=\"https:\/\/vocesparalelas.com.ar\/sitio\/wp-content\/uploads\/2020\/11\/LIMPIEZA-CUADRILLA.jpg\" alt=\"\" width=\"667\" height=\"1024\" \/><\/p>\n","protected":false},"excerpt":{"rendered":"<p>La Municipalidad de Rivadavia informa que distribuidos en cinco zonas del Departamento, Centro, Norte, Sur, Oeste La Bebida y Oeste<\/p>\n","protected":false},"author":3,"featured_media":30102,"comment_status":"closed","ping_status":"closed","sticky":false,"template":"","format":"standard","meta":{"_acf_changed":false,"_seopress_robots_primary_cat":"","_seopress_titles_title":"","_seopress_titles_desc":"","_seopress_robots_index":"","colormag_page_container_layout":"default_layout","colormag_page_sidebar_layout":"default_layout","footnotes":""},"categories":[6],"tags":[],"class_list":["post-32479","post","type-post","status-publish","format-standard","has-post-thumbnail","hentry","category-eventos"],"acf":[],"_links":{"self":[{"href":"https:\/\/vocesparalelas.com.ar\/sitio\/wp-json\/wp\/v2\/posts\/32479","targetHints":{"allow":["GET"]}}],"collection":[{"href":"https:\/\/vocesparalelas.com.ar\/sitio\/wp-json\/wp\/v2\/posts"}],"about":[{"href":"https:\/\/vocesparalelas.com.ar\/sitio\/wp-json\/wp\/v2\/types\/post"}],"author":[{"embeddable":true,"href":"https:\/\/vocesparalelas.com.ar\/sitio\/wp-json\/wp\/v2\/users\/3"}],"replies":[{"embeddable":true,"href":"https:\/\/vocesparalelas.com.ar\/sitio\/wp-json\/wp\/v2\/comments?post=32479"}],"version-history":[{"count":1,"href":"https:\/\/vocesparalelas.com.ar\/sitio\/wp-json\/wp\/v2\/posts\/32479\/revisions"}],"predecessor-version":[{"id":32481,"href":"https:\/\/vocesparalelas.com.ar\/sitio\/wp-json\/wp\/v2\/posts\/32479\/revisions\/32481"}],"wp:featuredmedia":[{"embeddable":true,"href":"https:\/\/vocesparalelas.com.ar\/sitio\/wp-json\/wp\/v2\/media\/30102"}],"wp:attachment":[{"href":"https:\/\/vocesparalelas.com.ar\/sitio\/wp-json\/wp\/v2\/media?parent=32479"}],"wp:term":[{"taxonomy":"category","embeddable":true,"href":"https:\/\/vocesparalelas.com.ar\/sitio\/wp-json\/wp\/v2\/categories?post=32479"},{"taxonomy":"post_tag","embeddable":true,"href":"https:\/\/vocesparalelas.com.ar\/sitio\/wp-json\/wp\/v2\/tags?post=32479"}],"curies":[{"name":"wp","href":"https:\/\/api.w.org\/{rel}","templated":true}]}}