{"id":32476,"date":"2020-11-03T00:18:13","date_gmt":"2020-11-03T03:18:13","guid":{"rendered":"http:\/\/vocesparalelas.com.ar\/sitio\/?p=32476"},"modified":"2020-11-03T00:18:13","modified_gmt":"2020-11-03T03:18:13","slug":"1-reunion-preparatoria-para-la-constitucion-del-instituto-de-innovacion-educativa-de-san-juan","status":"publish","type":"post","link":"https:\/\/vocesparalelas.com.ar\/sitio\/1-reunion-preparatoria-para-la-constitucion-del-instituto-de-innovacion-educativa-de-san-juan\/","title":{"rendered":"1\u00b0 reuni\u00f3n preparatoria para la constituci\u00f3n del Instituto de Innovaci\u00f3n Educativa de San Juan"},"content":{"rendered":"<p>En la jornada de este lunes, se desarroll\u00f3 online la primera reuni\u00f3n preparatoria para la conformaci\u00f3n del Instituto de Innovaci\u00f3n Educativa, que ser\u00e1 el centro de estudios para la transformaci\u00f3n de las curr\u00edculas formativas vincul\u00e1ndolas a la matriz productiva sanjuanina, cuya creaci\u00f3n surgi\u00f3 en el Acuerdo San Juan.<\/p>\n<p>La videoconferencia fue presidida por el ministro de Educaci\u00f3n del Gobierno de San Juan, Lic. Felipe De Los R\u00edos, junto al delegado de INET San Juan, Prof. Orlando Blanchero y la directora t\u00e9cnico pedag\u00f3gica, Prof. Ana Rodr\u00edguez. En representaci\u00f3n del Ministerio de Gobierno particip\u00f3 la secretaria de Gobierno, Justicia y DDHH, Nerina Eusebi; el director de Pol\u00edtica de Empleo, Jos\u00e9 Luis S\u00e1nchez y el director de Relaciones Institucionales, Lic. Marcelo Fretes; mientras que representaci\u00f3n del Ministerio de la Producci\u00f3n y Desarrollo Econ\u00f3mico, intervino el titular de la Agencia Calidad San Juan, Eduardo D&#8217;Anna.<\/p>\n<p>En el encuentro se abordaron ejes necesarios para luego iniciar la etapa de instrumentaci\u00f3n del Instituto. Entre las propuestas que se realizaron se destacan las siguientes:<\/p>\n<ul>\n<li>Trabajar en un Google Drive como mecanismo para subir documentos y analizarlos, quedando comprometidos para armar esta din\u00e1mica de trabajo la secretaria de Gobierno, Nerina Eusebi y la directora t\u00e9cnico pedag\u00f3gica, Ana Rodr\u00edguez.<\/li>\n<li>Realizar propuestas con dos mecanismos de selecci\u00f3n de la planta funcional y present\u00e1rselas al gobernador Sergio U\u00f1ac. El armado de las propuestas las realizar\u00e1 Marcelo Fretes. Hasta que se designe un secretario, el ministro de Educaci\u00f3n organiza y coordina las reuniones que se desarrollan.<\/li>\n<li>Se elaborar\u00e1 un documento que defina la estructura jur\u00eddica, el reglamento de funcionamiento del Instituto; el borrador lo confeccionar\u00e1 Orlando Blanchero.<\/li>\n<li>El Ministerio de Gobierno ofreci\u00f3 como insumo de an\u00e1lisis el Registro de ingreso a la provincia de las empresas que prestan servicios en distintas sectores econ\u00f3micos, para analizar los requerimientos sobre determinados perfiles profesionales. El prop\u00f3sito es cruzar esta informaci\u00f3n con la del Ministerio de la Producci\u00f3n y Desarrollo Econ\u00f3mico.<\/li>\n<li>Tambi\u00e9n el Ministerio de Gobierno ofreci\u00f3 una s\u00edntesis del registro de la p\u00e1gina San Juan Trabaja, que posibilitar\u00e1 realizar una trazabilidad sobre los perfiles profesionales que distintos sectores econ\u00f3micos requieren.<\/li>\n<li>El Ministerio de la Producci\u00f3n y Desarrollo Econ\u00f3mico sugiere realizar reuniones con empresas que prestan servicios de posventa para que desde all\u00ed se trabaje en acciones conjuntas para certificar y validar la formaci\u00f3n que se brinde en las instancias de formaci\u00f3n de cursos cortos.<\/li>\n<\/ul>\n<p>El Martes, 10 de Noviembre, a las 13 horas, se reunen nuevamente para avanzar sobre las necesidades y requerimientos del sector econ\u00f3mico que con mayor urgencia necesitan intervenci\u00f3n.<\/p>\n<p>Adem\u00e1s, se determin\u00f3 que tras las tres primeras reuniones preparatorias, se podr\u00e1 desarrollar la primera reuni\u00f3n con las c\u00e1maras del sector econ\u00f3mico.<\/p>\n","protected":false},"excerpt":{"rendered":"<p>En la jornada de este lunes, se desarroll\u00f3 online la primera reuni\u00f3n preparatoria para la conformaci\u00f3n del Instituto de Innovaci\u00f3n<\/p>\n","protected":false},"author":3,"featured_media":32477,"comment_status":"closed","ping_status":"closed","sticky":false,"template":"","format":"standard","meta":{"_acf_changed":false,"_seopress_robots_primary_cat":"","_seopress_titles_title":"","_seopress_titles_desc":"","_seopress_robots_index":"","colormag_page_container_layout":"default_layout","colormag_page_sidebar_layout":"default_layout","footnotes":""},"categories":[1],"tags":[],"class_list":["post-32476","post","type-post","status-publish","format-standard","has-post-thumbnail","hentry","category-destacadas"],"acf":[],"_links":{"self":[{"href":"https:\/\/vocesparalelas.com.ar\/sitio\/wp-json\/wp\/v2\/posts\/32476","targetHints":{"allow":["GET"]}}],"collection":[{"href":"https:\/\/vocesparalelas.com.ar\/sitio\/wp-json\/wp\/v2\/posts"}],"about":[{"href":"https:\/\/vocesparalelas.com.ar\/sitio\/wp-json\/wp\/v2\/types\/post"}],"author":[{"embeddable":true,"href":"https:\/\/vocesparalelas.com.ar\/sitio\/wp-json\/wp\/v2\/users\/3"}],"replies":[{"embeddable":true,"href":"https:\/\/vocesparalelas.com.ar\/sitio\/wp-json\/wp\/v2\/comments?post=32476"}],"version-history":[{"count":1,"href":"https:\/\/vocesparalelas.com.ar\/sitio\/wp-json\/wp\/v2\/posts\/32476\/revisions"}],"predecessor-version":[{"id":32478,"href":"https:\/\/vocesparalelas.com.ar\/sitio\/wp-json\/wp\/v2\/posts\/32476\/revisions\/32478"}],"wp:featuredmedia":[{"embeddable":true,"href":"https:\/\/vocesparalelas.com.ar\/sitio\/wp-json\/wp\/v2\/media\/32477"}],"wp:attachment":[{"href":"https:\/\/vocesparalelas.com.ar\/sitio\/wp-json\/wp\/v2\/media?parent=32476"}],"wp:term":[{"taxonomy":"category","embeddable":true,"href":"https:\/\/vocesparalelas.com.ar\/sitio\/wp-json\/wp\/v2\/categories?post=32476"},{"taxonomy":"post_tag","embeddable":true,"href":"https:\/\/vocesparalelas.com.ar\/sitio\/wp-json\/wp\/v2\/tags?post=32476"}],"curies":[{"name":"wp","href":"https:\/\/api.w.org\/{rel}","templated":true}]}}