{"id":32470,"date":"2020-11-02T23:47:02","date_gmt":"2020-11-03T02:47:02","guid":{"rendered":"http:\/\/vocesparalelas.com.ar\/sitio\/?p=32470"},"modified":"2020-11-04T00:45:56","modified_gmt":"2020-11-04T03:45:56","slug":"la-eclgsm-de-la-unsj-despedir-el-ano-con-una-caravana-vehicular","status":"publish","type":"post","link":"https:\/\/vocesparalelas.com.ar\/sitio\/la-eclgsm-de-la-unsj-despedir-el-ano-con-una-caravana-vehicular\/","title":{"rendered":"La ECLGSM de la UNSJ despedir el a\u00f1o con una caravana vehicular"},"content":{"rendered":"<p>El Viernes, 6 de Noviembre, a partir de las 16.30, se realiza una caravana vehicular para cerrar la Feria de Microemprendimientos Virtual, una de las \u00faltimas actividades del a\u00f1o que desde hace 20 viene llevando a cabo la Escuela de Comercio Libertador General San Mart\u00edn.<\/p>\n<p>Por ello, la directora, Prof. Graciela Putelli, inform\u00f3 que \u201cel punto de concentraci\u00f3n es la puerta de la Municipalidad de la Capital, vereda Av. Jos\u00e9 I. de la Roza y el recorrido de la caravana es el siguiente: a partir del punto de concentraci\u00f3n hacia calle G\u00fcemes, iremos hacia calle Santa Fe, hasta Gral. Acha, doblando por Rivadavia hasta Mendoza, luego de rodear la plaza 25 de Mayo, continuamos por Av. Jos\u00e9 Ignacio de la Roza hasta Avenida Rastreador Calivar, se har\u00e1 una breve parada, de 10 minutos, en Parque Rivadavia, luego ingresamos a Av. Libertador General San Mart\u00edn, rumbo Este, hasta calle Aberastain, finalizando en la puerta de la ECLGSM\u201d.<\/p>\n<p>Quienes integran la caravana van precedidos el veh\u00edculo con pantallas LED y no se permite descender en ning\u00fan caso. \u201cPese a todo, estamos felices porque somos la \u00fanica escuela participando del programa Aprender a Emprender, con uno de nuestros microemprendimientos, denominado Trash Bag\u201d.<\/p>\n<p><span style=\"color: #ff6600;\"><strong>Otras actividades<\/strong><\/span><\/p>\n<p>Por otra parte, la directora explic\u00f3 que los estudiantes han participado de un Concurso Literario a nivel nacional, organizado por el Instituto de Libre Ense\u00f1anza de La Plata, premio Adolfo Bioy Casares, obteniendo la Primera Menci\u00f3n. Tambi\u00e9n obtuvieron menciones en las Olimpiadas de Astronom\u00eda.<\/p>\n<p>&nbsp;<\/p>\n","protected":false},"excerpt":{"rendered":"<p>El Viernes, 6 de Noviembre, a partir de las 16.30, se realiza una caravana vehicular para cerrar la Feria de<\/p>\n","protected":false},"author":3,"featured_media":14442,"comment_status":"closed","ping_status":"closed","sticky":false,"template":"","format":"standard","meta":{"_acf_changed":false,"_seopress_robots_primary_cat":"","_seopress_titles_title":"","_seopress_titles_desc":"","_seopress_robots_index":"","colormag_page_container_layout":"default_layout","colormag_page_sidebar_layout":"default_layout","footnotes":""},"categories":[2],"tags":[],"class_list":["post-32470","post","type-post","status-publish","format-standard","has-post-thumbnail","hentry","category-convocatorias"],"acf":[],"_links":{"self":[{"href":"https:\/\/vocesparalelas.com.ar\/sitio\/wp-json\/wp\/v2\/posts\/32470","targetHints":{"allow":["GET"]}}],"collection":[{"href":"https:\/\/vocesparalelas.com.ar\/sitio\/wp-json\/wp\/v2\/posts"}],"about":[{"href":"https:\/\/vocesparalelas.com.ar\/sitio\/wp-json\/wp\/v2\/types\/post"}],"author":[{"embeddable":true,"href":"https:\/\/vocesparalelas.com.ar\/sitio\/wp-json\/wp\/v2\/users\/3"}],"replies":[{"embeddable":true,"href":"https:\/\/vocesparalelas.com.ar\/sitio\/wp-json\/wp\/v2\/comments?post=32470"}],"version-history":[{"count":1,"href":"https:\/\/vocesparalelas.com.ar\/sitio\/wp-json\/wp\/v2\/posts\/32470\/revisions"}],"predecessor-version":[{"id":32471,"href":"https:\/\/vocesparalelas.com.ar\/sitio\/wp-json\/wp\/v2\/posts\/32470\/revisions\/32471"}],"wp:featuredmedia":[{"embeddable":true,"href":"https:\/\/vocesparalelas.com.ar\/sitio\/wp-json\/wp\/v2\/media\/14442"}],"wp:attachment":[{"href":"https:\/\/vocesparalelas.com.ar\/sitio\/wp-json\/wp\/v2\/media?parent=32470"}],"wp:term":[{"taxonomy":"category","embeddable":true,"href":"https:\/\/vocesparalelas.com.ar\/sitio\/wp-json\/wp\/v2\/categories?post=32470"},{"taxonomy":"post_tag","embeddable":true,"href":"https:\/\/vocesparalelas.com.ar\/sitio\/wp-json\/wp\/v2\/tags?post=32470"}],"curies":[{"name":"wp","href":"https:\/\/api.w.org\/{rel}","templated":true}]}}