{"id":32450,"date":"2020-11-02T21:11:08","date_gmt":"2020-11-03T00:11:08","guid":{"rendered":"http:\/\/vocesparalelas.com.ar\/sitio\/?p=32450"},"modified":"2020-11-03T23:31:55","modified_gmt":"2020-11-04T02:31:55","slug":"4-edicion-la-noche-del-dibujo","status":"publish","type":"post","link":"https:\/\/vocesparalelas.com.ar\/sitio\/4-edicion-la-noche-del-dibujo\/","title":{"rendered":"4\u00b0 Edici\u00f3n \u00abLa Noche del Dibujo\u00bb"},"content":{"rendered":"<p>En su cuarta edici\u00f3n, y debido a la situaci\u00f3n sanitaria actual, el Museo Provincial de Bellas Artes Franklin Rawson a trav\u00e9s del Ministerio de Turismo y Cultura del Gobierno de San Juan, presenta La Noche del Dibujo que se desarrolla a lo largo de distintas actividades remotas, en el mes de noviembre.<\/p>\n<p>Es uno de los acontecimientos art\u00edsticos anuales m\u00e1s atractivos y convocantes del MPBAFR, que pone en el centro de atenci\u00f3n la disciplina del dibujo como lenguaje en todas sus formas. En esta oportunidad, atendiendo a los protocolos sanitarios vigentes, se ha dise\u00f1ado una versi\u00f3n extendida que el p\u00fablico puede apreciar por medio de las plataformas digitales del museo<\/p>\n<p><a href=\"https:\/\/www.facebook.com\/museofranklinrawson1\">https:\/\/www.facebook.com\/museofranklinrawson1<\/a><\/p>\n<p>Este a\u00f1o, el cronograma incluye desde sesiones individuales de dibujo con artistas invitados, intervenciones en el espacio p\u00fablico y un mano a mano de ilustradores sanjuaninos:<\/p>\n<p><strong><span style=\"color: #808000;\">Sesiones individuales de dibujo<\/span><\/strong><\/p>\n<p>A trav\u00e9s de videos documentales, se mostra el trabajo en vivo de artistas en sala de colecci\u00f3n. Invitados: Carlos G\u00f3mez Centuri\u00f3n, Alberto S\u00e1nchez, Jorge Rodr\u00edguez, Cecilia Rabbi Baldi, Silvina Mart\u00ednez, Beatriz Garc\u00eda Huertas, Hugo Vinzio Rosselot, Humberto Costa<\/p>\n<p><strong><span style=\"color: #808000;\">Intervenciones en el espacio p\u00fablico<\/span><\/strong><\/p>\n<p>Artistas locales intervendr\u00e1n la explanada del museo con producciones de dibujos f\u00edsico y digital de gran formato. Invitados: Mercedes Yacante, Mat\u00edas Ruarte, Lucas Sep\u00falveda y Juan Manuel Noguera.<\/p>\n<p><strong><span style=\"color: #808000;\">Mano a mano de Ilustradores, en diferentes sesiones de dibujo<\/span><\/strong><\/p>\n<p>Nave de Piedra e Ilustradoras de San Juan. Transmisi\u00f3n en vivo por el IG del museo<\/p>\n<p><a href=\"https:\/\/www.instagram.com\/museo_franklin_rawson\/?igshid=oczl17qa6vhs\">https:\/\/www.instagram.com\/museo_franklin_rawson\/?igshid=oczl17qa6vhs<\/a><\/p>\n<p><strong><span style=\"color: #808000;\">Ilustradoras de San Juan<\/span><\/strong><\/p>\n<p>Juli Ladstatter, Eli Gonz\u00e1lez, Ari Brusotti, Lina Piaggio, Yims Salas, Sof\u00eda Rojas, Mercedes Yacante, Aylen Yacante, Roc\u00edo Mu\u00f1oz, Paula Peralta, Jimena Miguelo, Mayra Zeballos, Anal\u00eda Russo, Anabel Zarzuelo, Emi Mora y Marcela Gonz\u00e1lez.<\/p>\n<p><strong><span style=\"color: #808000;\">Nave de piedra<\/span><\/strong><\/p>\n<p>Facundo Gonz\u00e1lez, Federico Hueso, Mart\u00edn Quiroga, Joel Salinas, Marco Criado, Jorge Moreno, Antonio Acevedo, Francisco Godoy y Gerardo Mureddu.<\/p>\n<p>&nbsp;<\/p>\n<p><img loading=\"lazy\" decoding=\"async\" class=\"alignnone wp-image-32454 size-full\" src=\"https:\/\/vocesparalelas.com.ar\/sitio\/wp-content\/uploads\/2020\/11\/MPBAFR-DIBUJO-03.jpg\" alt=\"\" width=\"800\" height=\"388\" srcset=\"https:\/\/vocesparalelas.com.ar\/sitio\/wp-content\/uploads\/2020\/11\/MPBAFR-DIBUJO-03.jpg 800w, https:\/\/vocesparalelas.com.ar\/sitio\/wp-content\/uploads\/2020\/11\/MPBAFR-DIBUJO-03-300x146.jpg 300w, https:\/\/vocesparalelas.com.ar\/sitio\/wp-content\/uploads\/2020\/11\/MPBAFR-DIBUJO-03-768x372.jpg 768w\" sizes=\"auto, (max-width: 800px) 100vw, 800px\" \/><\/p>\n<p><img loading=\"lazy\" decoding=\"async\" class=\"alignnone wp-image-32453 size-full\" src=\"https:\/\/vocesparalelas.com.ar\/sitio\/wp-content\/uploads\/2020\/11\/MPBAFR-DIBUJO-02.jpg\" alt=\"\" width=\"800\" height=\"388\" srcset=\"https:\/\/vocesparalelas.com.ar\/sitio\/wp-content\/uploads\/2020\/11\/MPBAFR-DIBUJO-02.jpg 800w, https:\/\/vocesparalelas.com.ar\/sitio\/wp-content\/uploads\/2020\/11\/MPBAFR-DIBUJO-02-300x146.jpg 300w, https:\/\/vocesparalelas.com.ar\/sitio\/wp-content\/uploads\/2020\/11\/MPBAFR-DIBUJO-02-768x372.jpg 768w\" sizes=\"auto, (max-width: 800px) 100vw, 800px\" \/><\/p>\n<p><img loading=\"lazy\" decoding=\"async\" class=\"alignnone wp-image-32452 size-full\" src=\"https:\/\/vocesparalelas.com.ar\/sitio\/wp-content\/uploads\/2020\/11\/MPBAFR-DIBUJO-01.jpg\" alt=\"\" width=\"800\" height=\"388\" srcset=\"https:\/\/vocesparalelas.com.ar\/sitio\/wp-content\/uploads\/2020\/11\/MPBAFR-DIBUJO-01.jpg 800w, https:\/\/vocesparalelas.com.ar\/sitio\/wp-content\/uploads\/2020\/11\/MPBAFR-DIBUJO-01-300x146.jpg 300w, https:\/\/vocesparalelas.com.ar\/sitio\/wp-content\/uploads\/2020\/11\/MPBAFR-DIBUJO-01-768x372.jpg 768w\" sizes=\"auto, (max-width: 800px) 100vw, 800px\" \/><\/p>\n<p><img loading=\"lazy\" decoding=\"async\" class=\"alignnone wp-image-32451 size-full\" src=\"https:\/\/vocesparalelas.com.ar\/sitio\/wp-content\/uploads\/2020\/11\/MPBAFR-DIBUJO-04.jpg\" alt=\"\" width=\"800\" height=\"388\" srcset=\"https:\/\/vocesparalelas.com.ar\/sitio\/wp-content\/uploads\/2020\/11\/MPBAFR-DIBUJO-04.jpg 800w, https:\/\/vocesparalelas.com.ar\/sitio\/wp-content\/uploads\/2020\/11\/MPBAFR-DIBUJO-04-300x146.jpg 300w, https:\/\/vocesparalelas.com.ar\/sitio\/wp-content\/uploads\/2020\/11\/MPBAFR-DIBUJO-04-768x372.jpg 768w\" sizes=\"auto, (max-width: 800px) 100vw, 800px\" \/><\/p>\n<p>&nbsp;<\/p>\n","protected":false},"excerpt":{"rendered":"<p>En su cuarta edici\u00f3n, y debido a la situaci\u00f3n sanitaria actual, el Museo Provincial de Bellas Artes Franklin Rawson a<\/p>\n","protected":false},"author":3,"featured_media":32455,"comment_status":"closed","ping_status":"closed","sticky":false,"template":"","format":"standard","meta":{"_acf_changed":false,"_seopress_robots_primary_cat":"","_seopress_titles_title":"","_seopress_titles_desc":"","_seopress_robots_index":"","colormag_page_container_layout":"default_layout","colormag_page_sidebar_layout":"default_layout","footnotes":""},"categories":[9],"tags":[],"class_list":["post-32450","post","type-post","status-publish","format-standard","has-post-thumbnail","hentry","category-cursos"],"acf":[],"_links":{"self":[{"href":"https:\/\/vocesparalelas.com.ar\/sitio\/wp-json\/wp\/v2\/posts\/32450","targetHints":{"allow":["GET"]}}],"collection":[{"href":"https:\/\/vocesparalelas.com.ar\/sitio\/wp-json\/wp\/v2\/posts"}],"about":[{"href":"https:\/\/vocesparalelas.com.ar\/sitio\/wp-json\/wp\/v2\/types\/post"}],"author":[{"embeddable":true,"href":"https:\/\/vocesparalelas.com.ar\/sitio\/wp-json\/wp\/v2\/users\/3"}],"replies":[{"embeddable":true,"href":"https:\/\/vocesparalelas.com.ar\/sitio\/wp-json\/wp\/v2\/comments?post=32450"}],"version-history":[{"count":1,"href":"https:\/\/vocesparalelas.com.ar\/sitio\/wp-json\/wp\/v2\/posts\/32450\/revisions"}],"predecessor-version":[{"id":32456,"href":"https:\/\/vocesparalelas.com.ar\/sitio\/wp-json\/wp\/v2\/posts\/32450\/revisions\/32456"}],"wp:featuredmedia":[{"embeddable":true,"href":"https:\/\/vocesparalelas.com.ar\/sitio\/wp-json\/wp\/v2\/media\/32455"}],"wp:attachment":[{"href":"https:\/\/vocesparalelas.com.ar\/sitio\/wp-json\/wp\/v2\/media?parent=32450"}],"wp:term":[{"taxonomy":"category","embeddable":true,"href":"https:\/\/vocesparalelas.com.ar\/sitio\/wp-json\/wp\/v2\/categories?post=32450"},{"taxonomy":"post_tag","embeddable":true,"href":"https:\/\/vocesparalelas.com.ar\/sitio\/wp-json\/wp\/v2\/tags?post=32450"}],"curies":[{"name":"wp","href":"https:\/\/api.w.org\/{rel}","templated":true}]}}