{"id":32031,"date":"2020-10-20T02:02:44","date_gmt":"2020-10-20T05:02:44","guid":{"rendered":"http:\/\/vocesparalelas.com.ar\/sitio\/?p=32031"},"modified":"2020-10-20T02:02:44","modified_gmt":"2020-10-20T05:02:44","slug":"la-legislatura-iluminado-rosado-por-el-dia-mundial-del-cancer-de-mama","status":"publish","type":"post","link":"https:\/\/vocesparalelas.com.ar\/sitio\/la-legislatura-iluminado-rosado-por-el-dia-mundial-del-cancer-de-mama\/","title":{"rendered":"La Legislatura iluminado rosado por el d\u00eda mundial del C\u00e1ncer de Mama"},"content":{"rendered":"<div class=\"itemFullText jbintrotext\">\n<p>El Lunes, 19 de Octubre, es el D\u00eda Mundial de la lucha contra el C\u00e1ncer de Mama y por este motivo el edificio de la C\u00e1mara de Diputados de San Juan luce iluminado en color rosado, con el objetivo de generar conciencia acerca de esta \u00a0enfermedad.<\/p>\n<\/div>\n<div class=\"itemFullText\">\n<p>En tal sentido, la Legislatura permanecer\u00e1 coloreada en rosado hasta el d\u00eda 23 de octubre en el marco de una campa\u00f1a de concientizaci\u00f3n que ha sido denominada la Semana de la Prevenci\u00f3n del C\u00e1ncer de Mama.<\/p>\n<p>Es oportuno consignar que en la Rep\u00fablica Argentina, tienen lugar \u00a019 mil casos anuales de c\u00e1ncer de mama y 5.600 de estas mujeres mueren a causa de esta enfermedad. Es por ello que que a pesar de la pandemia \u00a0las acciones de concientizaci\u00f3n, informaci\u00f3n y prevenci\u00f3n contin\u00faan alrededor de todo el planeta.<\/p>\n<\/div>\n","protected":false},"excerpt":{"rendered":"<p>El Lunes, 19 de Octubre, es el D\u00eda Mundial de la lucha contra el C\u00e1ncer de Mama y por este<\/p>\n","protected":false},"author":3,"featured_media":32032,"comment_status":"closed","ping_status":"closed","sticky":false,"template":"","format":"standard","meta":{"_acf_changed":false,"_seopress_robots_primary_cat":"","_seopress_titles_title":"","_seopress_titles_desc":"","_seopress_robots_index":"","colormag_page_container_layout":"default_layout","colormag_page_sidebar_layout":"default_layout","footnotes":""},"categories":[1],"tags":[],"class_list":["post-32031","post","type-post","status-publish","format-standard","has-post-thumbnail","hentry","category-destacadas"],"acf":[],"_links":{"self":[{"href":"https:\/\/vocesparalelas.com.ar\/sitio\/wp-json\/wp\/v2\/posts\/32031","targetHints":{"allow":["GET"]}}],"collection":[{"href":"https:\/\/vocesparalelas.com.ar\/sitio\/wp-json\/wp\/v2\/posts"}],"about":[{"href":"https:\/\/vocesparalelas.com.ar\/sitio\/wp-json\/wp\/v2\/types\/post"}],"author":[{"embeddable":true,"href":"https:\/\/vocesparalelas.com.ar\/sitio\/wp-json\/wp\/v2\/users\/3"}],"replies":[{"embeddable":true,"href":"https:\/\/vocesparalelas.com.ar\/sitio\/wp-json\/wp\/v2\/comments?post=32031"}],"version-history":[{"count":1,"href":"https:\/\/vocesparalelas.com.ar\/sitio\/wp-json\/wp\/v2\/posts\/32031\/revisions"}],"predecessor-version":[{"id":32033,"href":"https:\/\/vocesparalelas.com.ar\/sitio\/wp-json\/wp\/v2\/posts\/32031\/revisions\/32033"}],"wp:featuredmedia":[{"embeddable":true,"href":"https:\/\/vocesparalelas.com.ar\/sitio\/wp-json\/wp\/v2\/media\/32032"}],"wp:attachment":[{"href":"https:\/\/vocesparalelas.com.ar\/sitio\/wp-json\/wp\/v2\/media?parent=32031"}],"wp:term":[{"taxonomy":"category","embeddable":true,"href":"https:\/\/vocesparalelas.com.ar\/sitio\/wp-json\/wp\/v2\/categories?post=32031"},{"taxonomy":"post_tag","embeddable":true,"href":"https:\/\/vocesparalelas.com.ar\/sitio\/wp-json\/wp\/v2\/tags?post=32031"}],"curies":[{"name":"wp","href":"https:\/\/api.w.org\/{rel}","templated":true}]}}