{"id":32027,"date":"2020-10-20T01:55:10","date_gmt":"2020-10-20T04:55:10","guid":{"rendered":"http:\/\/vocesparalelas.com.ar\/sitio\/?p=32027"},"modified":"2020-10-21T10:31:00","modified_gmt":"2020-10-21T13:31:00","slug":"sumate-a-la-maraton-virtual-contra-el-cancer-de-mama-para-tomar-conciencia","status":"publish","type":"post","link":"https:\/\/vocesparalelas.com.ar\/sitio\/sumate-a-la-maraton-virtual-contra-el-cancer-de-mama-para-tomar-conciencia\/","title":{"rendered":"Sumate a la marat\u00f3n virtual contra el c\u00e1ncer de mama para tomar conciencia"},"content":{"rendered":"<p>Durante el mediod\u00eda del Lunes, 19 de Octubre, el gobernador de San Juan, Dr. Sergio U\u00f1ac, present\u00f3 la marat\u00f3n virtual Juntas contra el C\u00e1ncer de Mama, que en su octava edici\u00f3n se desarrolla de manera virtual respetando los protocolos sanitarios establecidos por el Comit\u00e9 COVID-19.<\/p>\n<p>El encuentro comenz\u00f3 con el video institucional con testimonio que te hacen tomar conciencia sobre los controles m\u00e9dicos anuales para la mujer.<\/p>\n<p><iframe loading=\"lazy\" title=\"SAN JUAN C\u00c1NCER DE MAMA\" width=\"800\" height=\"600\" src=\"https:\/\/www.youtube.com\/embed\/NMlapJLZsT0?feature=oembed\" frameborder=\"0\" allow=\"accelerometer; autoplay; clipboard-write; encrypted-media; gyroscope; picture-in-picture\" allowfullscreen><\/iframe><\/p>\n<p>El encuentro online se desarrolla el S\u00e1bado, 31 de Octubre, a las 10:30 hs.; por <a href=\"http:\/\/www.eventbrite.com.ar\">http:\/\/www.eventbrite.com.ar<\/a>\u00a0y cuenta con testimonios, entrevistas, banda en vivo, clases de zumba y ritmos urbanos, y sorteos.<\/p>\n<p>Acompa\u00f1ando al gobernador el vicepresidente de la C\u00e1mara Diputados de la Provincia, Eduardo Cabello; el secretario de Estado de Deportes, Jorge Chica; la directora de Salud, Lic. Teresa Laciar; el presidente de la Fundaci\u00f3n Sanatorio Argentino, Dr. Carlos Buteler y el director de Jer\u00e1rquicos Salud, Lic. Salvador Berenguer.<\/p>\n<p>El Secretario de Estado de Deporte, Jorge Chica, expres\u00f3 que \u201choy tenemos que hacer una marat\u00f3n virtual siguiendo los preceptos que marca el Comit\u00e9 COVID-19 en cuanto al distanciamiento f\u00edsico, pero sobre todo el acercamiento social. El S\u00e1bado, 31 de Octubre, a las 10:30 de la ma\u00f1ana vamos a tener la posibilidad, todos aquellos que se inscriban a trav\u00e9s de la p\u00e1gina <a href=\"http:\/\/www.eventbrite.com.ar\">www.eventbrite.com.ar<\/a> , la oportunidad de tener show en vivo y poder festejar y celebrar esto que es tan importante para las sanjuaninas y sanjuaninos\u201d.<\/p>\n<p><iframe loading=\"lazy\" title=\"SAN JUAN C\u00c1NCER DE MAMA\" width=\"800\" height=\"450\" src=\"https:\/\/www.youtube.com\/embed\/ty9QvVPL7EY?feature=oembed\" frameborder=\"0\" allow=\"accelerometer; autoplay; clipboard-write; encrypted-media; gyroscope; picture-in-picture\" allowfullscreen><\/iframe><\/p>\n<p>&nbsp;<\/p>\n<p>Posteriormente, el director de Jer\u00e1rquicos Salud, Lic. Salvador Gregori, que es una empresa que apoya la marat\u00f3n por segundo a\u00f1o consecutivo en San Juan, es asegur\u00f3 que en la anterior edici\u00f3n \u00ablogramos juntar m\u00e1s de 10.000 personas superaron las metas m\u00e1s optimistas que ten\u00edamos. Este a\u00f1o por la pandemia nos reinventamos y la haremos online o virtual. No queremos dejar de llegar con el mensaje de que si hay conciencia se puede. Todos sabemos que en una casa donde hay una persona que transita esta enfermedad lo vive toda la familia, es decir no es solo esa persona. Todo el entorno sufre junto a la persona\u201d.<\/p>\n<p><iframe loading=\"lazy\" title=\"SAN JUAN C\u00c1NCER DE MAMA\" width=\"800\" height=\"450\" src=\"https:\/\/www.youtube.com\/embed\/rv_3oinXzGg?start=14&#038;feature=oembed\" frameborder=\"0\" allow=\"accelerometer; autoplay; clipboard-write; encrypted-media; gyroscope; picture-in-picture\" allowfullscreen><\/iframe><\/p>\n<p>Seguidamente, el presidente de la Fundaci\u00f3n del Sanatorio Argentino, Dr. Carlos Buteler coment\u00f3 que \u201cdebemos seguir concientizando la detecci\u00f3n precoz del c\u00e1ncer\u00bb y asegur\u00f3 que \u00abeste a\u00f1o menos de la mitad de las mujeres se control\u00f3. Quiero dejar sentado que con los protocolos y las circunstancias que dentro de la salud p\u00fablica y privada generamos podemos seguir haciendo los estudios complementarios para la detecci\u00f3n precoz. Creemos hoy m\u00e1s que nunca que debemos enfatizar en que tenemos que detectar la enfermedad precoz a pesar de la pandemia\u201d.<\/p>\n<p><iframe loading=\"lazy\" title=\"SAN JUAN C\u00c1NCER DE MAMA\" width=\"800\" height=\"450\" src=\"https:\/\/www.youtube.com\/embed\/B4DHflncMeo?feature=oembed\" frameborder=\"0\" allow=\"accelerometer; autoplay; clipboard-write; encrypted-media; gyroscope; picture-in-picture\" allowfullscreen><\/iframe><\/p>\n<p>Finalmente, el Gobernador de San Juan, Dr. Sergio U\u00f1ac reiter\u00f3 la necesidad del compromiso de todos los estamentos de la sociedad ante enfermedad que debemos seguir haciendo mucha docencia y campa\u00f1a. La lucha contra el c\u00e1ncer es un desaf\u00edo de todos y no de alguien en particular\u201d.<\/p>\n<p><iframe loading=\"lazy\" title=\"SAN JUAN C\u00c1NCER DE MAMA\" width=\"800\" height=\"450\" src=\"https:\/\/www.youtube.com\/embed\/MaYQesVXzJw?feature=oembed\" frameborder=\"0\" allow=\"accelerometer; autoplay; clipboard-write; encrypted-media; gyroscope; picture-in-picture\" allowfullscreen><\/iframe><\/p>\n<p>\u00abEl trabajo conjunto posibilita alcanzar resultados m\u00e1s r\u00e1pidos y efectivos, valorando en ese sentido las iniciativas interministeriales realizadas en el Gobierno.<\/p>\n<p>\u00abCon el pasar del tiempo fuimos sumando mayores desaf\u00edos a ese trabajo colectivo. Y logramos relacionar al sector p\u00fablico y privado\u201d.<\/p>\n<p>\u00abLa a marat\u00f3n es fruto del trabajo de diversos sectores: \u00abLos objetivos comunes y la posibilidad de conseguir resultados multiplicados cuando el aporte es colectivo. La importancia del di\u00e1logo como herramienta de desarrollo es mucho m\u00e1s que hablar, es hablar y escuchar. Es un camino que las sociedades deben empezar a practicar de manera mucho m\u00e1s usual y colectiva. Uno puede tener una idea, pero el aporte de quien est\u00e1 expres\u00e1ndose puede mejorar esa idea unipersonal que podamos tener cada uno de nosotros. El dialogo tambi\u00e9n es el camino, la posibilidad de escucharnos y concientizar tambi\u00e9n es el camino\u201d.<\/p>\n<p><span style=\"line-height: 1.5;\">\u00abEl sol va a salir para todos, el mundo va a encontrar un camino distinto y ese camino va a estar dado por una soluci\u00f3n definitiva a la situaci\u00f3n de pandemia que nos aqueja, complica, molesta pero que en definitiva la vamos a superar y lo haremos siendo muy respetuosos de las situaciones individuales, pero pensando que <\/span><span style=\"line-height: 1.5;\">vivimos en sociedad y el desaf\u00edo de uno debe ser el desaf\u00edo de todos<\/span><span style=\"line-height: 1.5;\">\u201d.<\/span><\/p>\n<p><span style=\"color: #ff00ff;\"><strong>Sobre el evento<\/strong><\/span><\/p>\n<p>Por iniciativa de la Organizaci\u00f3n Mundial de la Salud, el 19 de octubre se celebra mundialmente el \u201cD\u00eda internacional de la Lucha contra el C\u00e1ncer de Mama\u201d, con el objetivo de crear conciencia y promover que cada vez m\u00e1s mujeres accedan a controles, diagn\u00f3sticos y tratamientos oportunos y efectivos. La detecci\u00f3n temprana es fundamental para el tratamiento y la cura de esta enfermedad.<\/p>\n<p>En San Juan se realizar\u00e1 la marat\u00f3n el s\u00e1bado 31 de octubre de 2020 a las 10:30 horas.<\/p>\n<p>La inscripci\u00f3n es ya est\u00e1 habilitada y es gratuita a trav\u00e9s de la web Eventbrite.<\/p>\n<p>El cupo es ilimitado. Se entregar\u00e1 remera alusiva a los primeros 5000 inscriptos.<\/p>\n<p>Entrega de camisetas: del martes 27 al viernes 30 de octubre en la Secretar\u00eda de Deportes (Estadio Aldo Cantoni), en horario de 9 a 12 y de 16 a 19.<\/p>\n<p>Actividades a realizarse durante la transmisi\u00f3n: testimonios, entrevistas, banda en vivo, clases de zumba \/ ritmos urbanos, sorteos.<\/p>\n<p>Total de inscriptos hasta el viernes 16\/10: 600 personas (a trav\u00e9s de la plataforma Evenbrite).<\/p>\n<p>Adem\u00e1s, se iluminan de color rosa los edificios p\u00fablicos como Centro C\u00edvico, C\u00e1mara de Diputados de San Juan y Estadio Aldo Cantoni, en alusi\u00f3n a la conmemoraci\u00f3n.<\/p>\n<p>&nbsp;<\/p>\n<p>&nbsp;<\/p>\n<p>&nbsp;<\/p>\n<p>&nbsp;<\/p>\n<p>&nbsp;<\/p>\n","protected":false},"excerpt":{"rendered":"<p>Durante el mediod\u00eda del Lunes, 19 de Octubre, el gobernador de San Juan, Dr. Sergio U\u00f1ac, present\u00f3 la marat\u00f3n virtual<\/p>\n","protected":false},"author":3,"featured_media":32028,"comment_status":"closed","ping_status":"closed","sticky":false,"template":"","format":"video","meta":{"_acf_changed":false,"_seopress_robots_primary_cat":"","_seopress_titles_title":"","_seopress_titles_desc":"","_seopress_robots_index":"","colormag_page_container_layout":"default_layout","colormag_page_sidebar_layout":"default_layout","footnotes":""},"categories":[6,7],"tags":[],"class_list":["post-32027","post","type-post","status-publish","format-video","has-post-thumbnail","hentry","category-eventos","category-videos","post_format-post-format-video"],"acf":[],"_links":{"self":[{"href":"https:\/\/vocesparalelas.com.ar\/sitio\/wp-json\/wp\/v2\/posts\/32027","targetHints":{"allow":["GET"]}}],"collection":[{"href":"https:\/\/vocesparalelas.com.ar\/sitio\/wp-json\/wp\/v2\/posts"}],"about":[{"href":"https:\/\/vocesparalelas.com.ar\/sitio\/wp-json\/wp\/v2\/types\/post"}],"author":[{"embeddable":true,"href":"https:\/\/vocesparalelas.com.ar\/sitio\/wp-json\/wp\/v2\/users\/3"}],"replies":[{"embeddable":true,"href":"https:\/\/vocesparalelas.com.ar\/sitio\/wp-json\/wp\/v2\/comments?post=32027"}],"version-history":[{"count":3,"href":"https:\/\/vocesparalelas.com.ar\/sitio\/wp-json\/wp\/v2\/posts\/32027\/revisions"}],"predecessor-version":[{"id":32089,"href":"https:\/\/vocesparalelas.com.ar\/sitio\/wp-json\/wp\/v2\/posts\/32027\/revisions\/32089"}],"wp:featuredmedia":[{"embeddable":true,"href":"https:\/\/vocesparalelas.com.ar\/sitio\/wp-json\/wp\/v2\/media\/32028"}],"wp:attachment":[{"href":"https:\/\/vocesparalelas.com.ar\/sitio\/wp-json\/wp\/v2\/media?parent=32027"}],"wp:term":[{"taxonomy":"category","embeddable":true,"href":"https:\/\/vocesparalelas.com.ar\/sitio\/wp-json\/wp\/v2\/categories?post=32027"},{"taxonomy":"post_tag","embeddable":true,"href":"https:\/\/vocesparalelas.com.ar\/sitio\/wp-json\/wp\/v2\/tags?post=32027"}],"curies":[{"name":"wp","href":"https:\/\/api.w.org\/{rel}","templated":true}]}}