{"id":32016,"date":"2020-10-20T01:14:06","date_gmt":"2020-10-20T04:14:06","guid":{"rendered":"http:\/\/vocesparalelas.com.ar\/sitio\/?p=32016"},"modified":"2020-10-20T23:43:25","modified_gmt":"2020-10-21T02:43:25","slug":"geologia-se-estudia-en-fcefn-de-la-unsj","status":"publish","type":"post","link":"https:\/\/vocesparalelas.com.ar\/sitio\/geologia-se-estudia-en-fcefn-de-la-unsj\/","title":{"rendered":"Geolog\u00eda se estudia en FCEFN de la UNSJ"},"content":{"rendered":"<p>La Facultad de Ciencias Exactas, F\u00edsicas y Naturales \u2013 FCEFN &#8211; de la Universidad Nacional de San Juan ofrece para los alumnos del \u00faltimo a\u00f1o de la Educaci\u00f3n Secundaria las carreras de grado:<\/p>\n<ul>\n<li>Geolog\u00eda<\/li>\n<li>Biolog\u00eda<\/li>\n<li>Inform\u00e1tica<\/li>\n<li>Geof\u00edsica<\/li>\n<li>Geof\u00edsica<\/li>\n<li>Astronom\u00eda<\/li>\n<\/ul>\n<p><a href=\"https:\/\/exactas.unsj.edu.ar\/\">https:\/\/exactas.unsj.edu.ar\/<\/a><\/p>\n<p>Muchas veces, algunos alumnos no tienen decidido que estudiar en la Universidad Nacional o simplemente, desconocen el abanico de carreras de grado ofrecen en las 5 Facultades. Por ello, se ofrece la FEDU virtual 2020, que puedes visitar.<\/p>\n<p>Voces Paralelas entrevist\u00f3 a la Ge\u00f3loga Mariela Merino, que se form\u00f3 como profesional en la Facultad de Ciencias Exactas, F\u00edsicas y Naturales \u2013 FCEFN &#8211; de la Universidad Nacional de San Juan. Adem\u00e1s, ella cuenta c\u00f3mo fue elegir su carrera de grado y cada d\u00eda que pasa est\u00e1 m\u00e1s a gusto desarrollando su profesi\u00f3n en Veladero, que es una oportunidad, que muchos quisieran tener. Su \u00fanico objetivo es aprender y fortalecer su profesi\u00f3n.<\/p>\n<p><iframe loading=\"lazy\" title=\"FCEFN UNSJ GEOL. MARIELA MERINO\" width=\"800\" height=\"450\" src=\"https:\/\/www.youtube.com\/embed\/I9dVtZ9-vj0?feature=oembed\" frameborder=\"0\" allow=\"accelerometer; autoplay; clipboard-write; encrypted-media; gyroscope; picture-in-picture\" allowfullscreen><\/iframe><\/p>\n<p>&nbsp;<\/p>\n<p><img loading=\"lazy\" decoding=\"async\" class=\"alignnone wp-image-32020 size-full\" src=\"https:\/\/vocesparalelas.com.ar\/sitio\/wp-content\/uploads\/2020\/10\/FCEFN-UNSJ-MARIELA-MERINO-03.jpg\" alt=\"\" width=\"800\" height=\"533\" srcset=\"https:\/\/vocesparalelas.com.ar\/sitio\/wp-content\/uploads\/2020\/10\/FCEFN-UNSJ-MARIELA-MERINO-03.jpg 800w, https:\/\/vocesparalelas.com.ar\/sitio\/wp-content\/uploads\/2020\/10\/FCEFN-UNSJ-MARIELA-MERINO-03-300x200.jpg 300w, https:\/\/vocesparalelas.com.ar\/sitio\/wp-content\/uploads\/2020\/10\/FCEFN-UNSJ-MARIELA-MERINO-03-768x512.jpg 768w\" sizes=\"auto, (max-width: 800px) 100vw, 800px\" \/><\/p>\n<p><img loading=\"lazy\" decoding=\"async\" class=\"alignnone wp-image-32018 size-full\" src=\"https:\/\/vocesparalelas.com.ar\/sitio\/wp-content\/uploads\/2020\/10\/FCEFN-UNSJ-MARIELA-MERINO-01-1.jpg\" alt=\"\" width=\"800\" height=\"600\" srcset=\"https:\/\/vocesparalelas.com.ar\/sitio\/wp-content\/uploads\/2020\/10\/FCEFN-UNSJ-MARIELA-MERINO-01-1.jpg 800w, https:\/\/vocesparalelas.com.ar\/sitio\/wp-content\/uploads\/2020\/10\/FCEFN-UNSJ-MARIELA-MERINO-01-1-300x225.jpg 300w, https:\/\/vocesparalelas.com.ar\/sitio\/wp-content\/uploads\/2020\/10\/FCEFN-UNSJ-MARIELA-MERINO-01-1-768x576.jpg 768w\" sizes=\"auto, (max-width: 800px) 100vw, 800px\" \/><\/p>\n<p>&nbsp;<\/p>\n<p><img loading=\"lazy\" decoding=\"async\" class=\"alignnone wp-image-32021 size-full\" src=\"https:\/\/vocesparalelas.com.ar\/sitio\/wp-content\/uploads\/2020\/10\/VELADERO-MARIELA-01.jpg\" alt=\"\" width=\"800\" height=\"600\" srcset=\"https:\/\/vocesparalelas.com.ar\/sitio\/wp-content\/uploads\/2020\/10\/VELADERO-MARIELA-01.jpg 800w, https:\/\/vocesparalelas.com.ar\/sitio\/wp-content\/uploads\/2020\/10\/VELADERO-MARIELA-01-300x225.jpg 300w, https:\/\/vocesparalelas.com.ar\/sitio\/wp-content\/uploads\/2020\/10\/VELADERO-MARIELA-01-768x576.jpg 768w\" sizes=\"auto, (max-width: 800px) 100vw, 800px\" \/><\/p>\n<p><img loading=\"lazy\" decoding=\"async\" class=\"alignnone wp-image-32022 size-full\" src=\"https:\/\/vocesparalelas.com.ar\/sitio\/wp-content\/uploads\/2020\/10\/VELADERO-MARIELA-02.jpg\" alt=\"\" width=\"800\" height=\"600\" srcset=\"https:\/\/vocesparalelas.com.ar\/sitio\/wp-content\/uploads\/2020\/10\/VELADERO-MARIELA-02.jpg 800w, https:\/\/vocesparalelas.com.ar\/sitio\/wp-content\/uploads\/2020\/10\/VELADERO-MARIELA-02-300x225.jpg 300w, https:\/\/vocesparalelas.com.ar\/sitio\/wp-content\/uploads\/2020\/10\/VELADERO-MARIELA-02-768x576.jpg 768w\" sizes=\"auto, (max-width: 800px) 100vw, 800px\" \/><\/p>\n<p><img loading=\"lazy\" decoding=\"async\" class=\"alignnone wp-image-32023 size-full\" src=\"https:\/\/vocesparalelas.com.ar\/sitio\/wp-content\/uploads\/2020\/10\/VELADERO-MARIELA-03.jpg\" alt=\"\" width=\"800\" height=\"600\" srcset=\"https:\/\/vocesparalelas.com.ar\/sitio\/wp-content\/uploads\/2020\/10\/VELADERO-MARIELA-03.jpg 800w, https:\/\/vocesparalelas.com.ar\/sitio\/wp-content\/uploads\/2020\/10\/VELADERO-MARIELA-03-300x225.jpg 300w, https:\/\/vocesparalelas.com.ar\/sitio\/wp-content\/uploads\/2020\/10\/VELADERO-MARIELA-03-768x576.jpg 768w\" sizes=\"auto, (max-width: 800px) 100vw, 800px\" \/><\/p>\n<p>&nbsp;<\/p>\n<figure id=\"attachment_26107\" aria-describedby=\"caption-attachment-26107\" style=\"width: 800px\" class=\"wp-caption alignnone\"><img loading=\"lazy\" decoding=\"async\" class=\"wp-image-26107 size-large\" src=\"https:\/\/vocesparalelas.com.ar\/sitio\/wp-content\/uploads\/2020\/01\/FCEFN-UNSJ-EDIFICIO-800x489.jpg\" alt=\"\" width=\"800\" height=\"489\" srcset=\"https:\/\/vocesparalelas.com.ar\/sitio\/wp-content\/uploads\/2020\/01\/FCEFN-UNSJ-EDIFICIO.jpg 800w, https:\/\/vocesparalelas.com.ar\/sitio\/wp-content\/uploads\/2020\/01\/FCEFN-UNSJ-EDIFICIO-300x183.jpg 300w, https:\/\/vocesparalelas.com.ar\/sitio\/wp-content\/uploads\/2020\/01\/FCEFN-UNSJ-EDIFICIO-768x469.jpg 768w\" sizes=\"auto, (max-width: 800px) 100vw, 800px\" \/><figcaption id=\"caption-attachment-26107\" class=\"wp-caption-text\">Facultad de Ciencias Exactas, F\u00edsicas y Naturales de la Universidad Nacional de San Juan<\/figcaption><\/figure>\n<p>&nbsp;<\/p>\n<p>&nbsp;<\/p>\n<p>&nbsp;<\/p>\n","protected":false},"excerpt":{"rendered":"<p>La Facultad de Ciencias Exactas, F\u00edsicas y Naturales \u2013 FCEFN &#8211; de la Universidad Nacional de San Juan ofrece para<\/p>\n","protected":false},"author":3,"featured_media":32019,"comment_status":"closed","ping_status":"closed","sticky":false,"template":"","format":"video","meta":{"_acf_changed":false,"_seopress_robots_primary_cat":"","_seopress_titles_title":"","_seopress_titles_desc":"","_seopress_robots_index":"","colormag_page_container_layout":"default_layout","colormag_page_sidebar_layout":"default_layout","footnotes":""},"categories":[10,7],"tags":[],"class_list":["post-32016","post","type-post","status-publish","format-video","has-post-thumbnail","hentry","category-opiniones","category-videos","post_format-post-format-video"],"acf":[],"_links":{"self":[{"href":"https:\/\/vocesparalelas.com.ar\/sitio\/wp-json\/wp\/v2\/posts\/32016","targetHints":{"allow":["GET"]}}],"collection":[{"href":"https:\/\/vocesparalelas.com.ar\/sitio\/wp-json\/wp\/v2\/posts"}],"about":[{"href":"https:\/\/vocesparalelas.com.ar\/sitio\/wp-json\/wp\/v2\/types\/post"}],"author":[{"embeddable":true,"href":"https:\/\/vocesparalelas.com.ar\/sitio\/wp-json\/wp\/v2\/users\/3"}],"replies":[{"embeddable":true,"href":"https:\/\/vocesparalelas.com.ar\/sitio\/wp-json\/wp\/v2\/comments?post=32016"}],"version-history":[{"count":1,"href":"https:\/\/vocesparalelas.com.ar\/sitio\/wp-json\/wp\/v2\/posts\/32016\/revisions"}],"predecessor-version":[{"id":32024,"href":"https:\/\/vocesparalelas.com.ar\/sitio\/wp-json\/wp\/v2\/posts\/32016\/revisions\/32024"}],"wp:featuredmedia":[{"embeddable":true,"href":"https:\/\/vocesparalelas.com.ar\/sitio\/wp-json\/wp\/v2\/media\/32019"}],"wp:attachment":[{"href":"https:\/\/vocesparalelas.com.ar\/sitio\/wp-json\/wp\/v2\/media?parent=32016"}],"wp:term":[{"taxonomy":"category","embeddable":true,"href":"https:\/\/vocesparalelas.com.ar\/sitio\/wp-json\/wp\/v2\/categories?post=32016"},{"taxonomy":"post_tag","embeddable":true,"href":"https:\/\/vocesparalelas.com.ar\/sitio\/wp-json\/wp\/v2\/tags?post=32016"}],"curies":[{"name":"wp","href":"https:\/\/api.w.org\/{rel}","templated":true}]}}