{"id":31988,"date":"2020-10-19T21:02:03","date_gmt":"2020-10-20T00:02:03","guid":{"rendered":"http:\/\/vocesparalelas.com.ar\/sitio\/?p=31988"},"modified":"2020-10-20T19:56:49","modified_gmt":"2020-10-20T22:56:49","slug":"vuelve-el-teatro-y-vos-con-presencia-don-que-don-quijote","status":"publish","type":"post","link":"https:\/\/vocesparalelas.com.ar\/sitio\/vuelve-el-teatro-y-vos-con-presencia-don-que-don-quijote\/","title":{"rendered":"Vuelve el teatro y vos con presencia \u201c\u00bfDon qu\u00e9&#8230;? Don Quijote\u201d"},"content":{"rendered":"<p>Los Viernes 23 y 30 de Octubre, a las 21:30 hs en el Espacio Teatral Tes, Juan B. Justo 335 \u2013 S \u2013 Rivadavia Vuelve el teatro y vos con presencia \u201c\u00bfDon qu\u00e9&#8230;? Don Quijote\u201d.<\/p>\n<p>Con texto y direcci\u00f3n de Mar\u00eda Victoria Barud, es una obra que propone una nueva lectura de la obra \u00abEl Ingenioso Hidalgo Don Quijote de la Mancha\u00bb de Miguel de Cervantes Saavedra, acercando el cl\u00e1sico de literatura universal de la lengua espa\u00f1ola a grandes, chicos y no tan chicos.<\/p>\n<p>Dos lectores Martina y Jos\u00e9 intentan llevar a cabo una gran representaci\u00f3n con todos sus trucos teatrales para compartir las historias, desventuras y aflicciones de Don Quijote y su escudero Sancho Panza.<\/p>\n<p>Una obra que combina lo musical con la actuaci\u00f3n, la manipulaci\u00f3n de t\u00edteres y la literatura. Apta para todo p\u00fablico, ideal para terminar la semana yendo al Teatro.<\/p>\n<p><span style=\"color: #008000;\"><strong>Ficha t\u00e9cnico art\u00edstica<\/strong><\/span><\/p>\n<ul>\n<li>Dramaturgia: Mar\u00eda Victoria Barud<\/li>\n<li><span style=\"line-height: 1.5;\">Act\u00faan: Maru Perez, Melina Ramirez, Ignacio Caro Vera<\/span><\/li>\n<li><span style=\"line-height: 1.5;\">Dise\u00f1o de t\u00edteres: Alberto Pez<\/span><\/li>\n<li><span style=\"line-height: 1.5;\">Dise\u00f1o de luces: Emiliano Voiro<\/span><\/li>\n<li><span style=\"line-height: 1.5;\">Producci\u00f3n musical: Cristian Jorquera<\/span><\/li>\n<li><span style=\"line-height: 1.5;\">Confecci\u00f3n de vestuario: Cecilia Falivene<\/span><\/li>\n<li><span style=\"line-height: 1.5;\">Realizaci\u00f3n de objetos: Jorge Moreno, Marcela Oliva, Rolando Ruiz<\/span><\/li>\n<li><span style=\"line-height: 1.5;\">Realizaci\u00f3n de t\u00edteres: Jorge Moreno, Marcela Oliva, Rolando Ruiz<\/span><\/li>\n<li><span style=\"line-height: 1.5;\">Dise\u00f1o gr\u00e1fico: Gabriel Gardiol<\/span><\/li>\n<li><span style=\"line-height: 1.5;\">Supervisi\u00f3n de vestuario: Maru Perez<\/span><\/li>\n<li><span style=\"line-height: 1.5;\">Producci\u00f3n Audiovisual: Ana Bustelo, Tatiana Orouste<\/span><\/li>\n<li><span style=\"line-height: 1.5;\">Producci\u00f3n ejecutiva: Emanuel Lopez<\/span><\/li>\n<li><span style=\"line-height: 1.5;\">Coordinaci\u00f3n De Vestuario: Maru Perez<\/span><\/li>\n<li><span style=\"line-height: 1.5;\">Coordinaci\u00f3n Musical: Ignacio Caro Vera<\/span><\/li>\n<li><span style=\"line-height: 1.5;\">Direcci\u00f3n: Maria Victoria Barud<\/span><\/li>\n<li><span style=\"line-height: 1.5;\">Duraci\u00f3n: 60 minutos<\/span><\/li>\n<li><span style=\"line-height: 1.5;\">Clasificaciones: Musical, Teatro, T\u00edteres, Adultos, Infantiles<\/span><\/li>\n<\/ul>\n<p><span style=\"color: #008000;\"><strong>Venta de entradas<\/strong><\/span><\/p>\n<p>En <a href=\"https:\/\/www.alternativateatral.com\/ficha_obra.asp?codigo_obra=73032\">https:\/\/www.alternativateatral.com\/ficha_obra.asp?codigo_obra=73032<\/a> puedes elegir la funci\u00f3n para asistir.<\/p>\n<p>Solo 40 localidades por funci\u00f3n &#8211; Protocolo Covid-19<\/p>\n<p>EL OTRO GRUPO Teatro<\/p>\n<p>E-mail:\u00a0<a href=\"elotrogrupoteatro@gmail.com\">elotrogrupoteatro@gmail.com<\/a><\/p>\n<p>Contacto: 264-5059498 &#8211; 264-5441531<\/p>\n<p>Facebook e Instagram: @elotrogrupoteatro<\/p>\n<p><img loading=\"lazy\" decoding=\"async\" class=\"alignnone wp-image-31989 size-large\" src=\"https:\/\/vocesparalelas.com.ar\/sitio\/wp-content\/uploads\/2020\/10\/DON-QU7IJOTE-645x800.jpg\" alt=\"\" width=\"645\" height=\"800\" srcset=\"https:\/\/vocesparalelas.com.ar\/sitio\/wp-content\/uploads\/2020\/10\/DON-QU7IJOTE-645x800.jpg 645w, https:\/\/vocesparalelas.com.ar\/sitio\/wp-content\/uploads\/2020\/10\/DON-QU7IJOTE-242x300.jpg 242w, https:\/\/vocesparalelas.com.ar\/sitio\/wp-content\/uploads\/2020\/10\/DON-QU7IJOTE-768x952.jpg 768w, https:\/\/vocesparalelas.com.ar\/sitio\/wp-content\/uploads\/2020\/10\/DON-QU7IJOTE.jpg 800w\" sizes=\"auto, (max-width: 645px) 100vw, 645px\" \/><\/p>\n","protected":false},"excerpt":{"rendered":"<p>Los Viernes 23 y 30 de Octubre, a las 21:30 hs en el Espacio Teatral Tes, Juan B. Justo 335<\/p>\n","protected":false},"author":3,"featured_media":31990,"comment_status":"closed","ping_status":"closed","sticky":false,"template":"","format":"standard","meta":{"_acf_changed":false,"_seopress_robots_primary_cat":"","_seopress_titles_title":"","_seopress_titles_desc":"","_seopress_robots_index":"","colormag_page_container_layout":"default_layout","colormag_page_sidebar_layout":"default_layout","footnotes":""},"categories":[20],"tags":[],"class_list":["post-31988","post","type-post","status-publish","format-standard","has-post-thumbnail","hentry","category-cartelera"],"acf":[],"_links":{"self":[{"href":"https:\/\/vocesparalelas.com.ar\/sitio\/wp-json\/wp\/v2\/posts\/31988","targetHints":{"allow":["GET"]}}],"collection":[{"href":"https:\/\/vocesparalelas.com.ar\/sitio\/wp-json\/wp\/v2\/posts"}],"about":[{"href":"https:\/\/vocesparalelas.com.ar\/sitio\/wp-json\/wp\/v2\/types\/post"}],"author":[{"embeddable":true,"href":"https:\/\/vocesparalelas.com.ar\/sitio\/wp-json\/wp\/v2\/users\/3"}],"replies":[{"embeddable":true,"href":"https:\/\/vocesparalelas.com.ar\/sitio\/wp-json\/wp\/v2\/comments?post=31988"}],"version-history":[{"count":2,"href":"https:\/\/vocesparalelas.com.ar\/sitio\/wp-json\/wp\/v2\/posts\/31988\/revisions"}],"predecessor-version":[{"id":31994,"href":"https:\/\/vocesparalelas.com.ar\/sitio\/wp-json\/wp\/v2\/posts\/31988\/revisions\/31994"}],"wp:featuredmedia":[{"embeddable":true,"href":"https:\/\/vocesparalelas.com.ar\/sitio\/wp-json\/wp\/v2\/media\/31990"}],"wp:attachment":[{"href":"https:\/\/vocesparalelas.com.ar\/sitio\/wp-json\/wp\/v2\/media?parent=31988"}],"wp:term":[{"taxonomy":"category","embeddable":true,"href":"https:\/\/vocesparalelas.com.ar\/sitio\/wp-json\/wp\/v2\/categories?post=31988"},{"taxonomy":"post_tag","embeddable":true,"href":"https:\/\/vocesparalelas.com.ar\/sitio\/wp-json\/wp\/v2\/tags?post=31988"}],"curies":[{"name":"wp","href":"https:\/\/api.w.org\/{rel}","templated":true}]}}