{"id":31981,"date":"2020-10-18T23:18:14","date_gmt":"2020-10-19T02:18:14","guid":{"rendered":"http:\/\/vocesparalelas.com.ar\/sitio\/?p=31981"},"modified":"2020-10-18T23:18:14","modified_gmt":"2020-10-19T02:18:14","slug":"se-moderniza-la-infraestructura-de-dos-escuelas-del-departamento-caucete","status":"publish","type":"post","link":"https:\/\/vocesparalelas.com.ar\/sitio\/se-moderniza-la-infraestructura-de-dos-escuelas-del-departamento-caucete\/","title":{"rendered":"Se moderniza la infraestructura de Dos Escuelas del Departamento Caucete"},"content":{"rendered":"<p>Se trata de la Escuela Arturo Berutti y la Escuela de Capacitaci\u00f3n Laboral N\u00b01 Pedro Echag\u00fce, de la Localidad de Pie de Palo, Departamento Caucete, Provincia de San Juan.<\/p>\n<p>A pesar de la no concurrencia a clases presenciales, la Direcci\u00f3n de Infraestructura Escolar &#8211; DIE -contin\u00faa trabajando en diferentes edificios escolares de la provincia.<\/p>\n<p>En este sentido, llev\u00f3 a cabo las obras de ambos edificios para el reemplazo total de la construcci\u00f3n existente por obra nueva. Las tareas tienen un avance aproximado del 90% y prometen satisfacer las necesidades planteadas por la comunidad educativa.<\/p>\n<p><strong><span style=\"color: #ffcc00;\">Escuela Arturo Berutti<\/span><\/strong><\/p>\n<p>En cuanto al sector destinado a Nivel Primario, la nueva obra consta de seis aulas, tres talleres, sala de inform\u00e1tica, sala de recursos, sector gobierno de primaria, n\u00facleo sanitario, SUM, apoyo de cocina, economato, maestranza y dep\u00f3sitos. A todo ello, se suman espacios descubiertos que dar\u00e1n lugar a un patio c\u00edvico, t\u00e9cnico y sector de huerta.<\/p>\n<p>La nueva obra del sector de Nivel Inicial cuenta con dos salas, n\u00facleos sanitarios, patio de juegos y patio c\u00edvico.<\/p>\n<p>Por su parte, el sector de Nivel Secundario se constituye con tres aulas, dos talleres con sus respectivos dep\u00f3sitos, preceptor\u00eda, sala de inform\u00e1tica, centro de recursos, sector gobierno de nivel secundario, n\u00facleo sanitario, circulaci\u00f3n, SUM con su apoyo de cocina, economato, maestranza y dep\u00f3sitos. Adem\u00e1s, cuenta con espacios al aire libre como patio c\u00edvico, play\u00f3n polideportivo, sector de huerta y patio t\u00e9cnico.<\/p>\n<p><span style=\"color: #ffcc00;\"><strong>Escuela de Capacitaci\u00f3n Laboral N\u00b01 Pedro Echag\u00fce<\/strong><\/span><\/p>\n<p>Se est\u00e1n edificando tres talleres, dep\u00f3sitos varios, \u00e1rea de gobierno y administraci\u00f3n, \u00e1rea de servicios, n\u00facleos sanitarios, circulaci\u00f3n y espacios descubiertos para huerta.<\/p>\n<p>A su vez, el proyecto cuenta con un sector destinado a la residencia para el\/la portero\/a. Esta escuela fue proyectada en un nivel, con una superficie total de 3.438,50 m<sup>2<\/sup>. A su vez, estar\u00e1 dotada de un cierre perimetral con una altura promedio de 2,40 m.<\/p>\n<p>La DIE ejecuta los trabajos por etapas y las instalaciones sanitarias, el\u00e9ctricas, gas, incendio y seguridad son ejecutadas seg\u00fan las reglamentaciones vigentes.<\/p>\n<p>&nbsp;<\/p>\n<p>&nbsp;<\/p>\n<p>&nbsp;<\/p>\n","protected":false},"excerpt":{"rendered":"<p>Se trata de la Escuela Arturo Berutti y la Escuela de Capacitaci\u00f3n Laboral N\u00b01 Pedro Echag\u00fce, de la Localidad de<\/p>\n","protected":false},"author":3,"featured_media":31982,"comment_status":"closed","ping_status":"closed","sticky":false,"template":"","format":"standard","meta":{"_acf_changed":false,"_seopress_robots_primary_cat":"","_seopress_titles_title":"","_seopress_titles_desc":"","_seopress_robots_index":"","colormag_page_container_layout":"default_layout","colormag_page_sidebar_layout":"default_layout","footnotes":""},"categories":[1],"tags":[],"class_list":["post-31981","post","type-post","status-publish","format-standard","has-post-thumbnail","hentry","category-destacadas"],"acf":[],"_links":{"self":[{"href":"https:\/\/vocesparalelas.com.ar\/sitio\/wp-json\/wp\/v2\/posts\/31981","targetHints":{"allow":["GET"]}}],"collection":[{"href":"https:\/\/vocesparalelas.com.ar\/sitio\/wp-json\/wp\/v2\/posts"}],"about":[{"href":"https:\/\/vocesparalelas.com.ar\/sitio\/wp-json\/wp\/v2\/types\/post"}],"author":[{"embeddable":true,"href":"https:\/\/vocesparalelas.com.ar\/sitio\/wp-json\/wp\/v2\/users\/3"}],"replies":[{"embeddable":true,"href":"https:\/\/vocesparalelas.com.ar\/sitio\/wp-json\/wp\/v2\/comments?post=31981"}],"version-history":[{"count":1,"href":"https:\/\/vocesparalelas.com.ar\/sitio\/wp-json\/wp\/v2\/posts\/31981\/revisions"}],"predecessor-version":[{"id":31983,"href":"https:\/\/vocesparalelas.com.ar\/sitio\/wp-json\/wp\/v2\/posts\/31981\/revisions\/31983"}],"wp:featuredmedia":[{"embeddable":true,"href":"https:\/\/vocesparalelas.com.ar\/sitio\/wp-json\/wp\/v2\/media\/31982"}],"wp:attachment":[{"href":"https:\/\/vocesparalelas.com.ar\/sitio\/wp-json\/wp\/v2\/media?parent=31981"}],"wp:term":[{"taxonomy":"category","embeddable":true,"href":"https:\/\/vocesparalelas.com.ar\/sitio\/wp-json\/wp\/v2\/categories?post=31981"},{"taxonomy":"post_tag","embeddable":true,"href":"https:\/\/vocesparalelas.com.ar\/sitio\/wp-json\/wp\/v2\/tags?post=31981"}],"curies":[{"name":"wp","href":"https:\/\/api.w.org\/{rel}","templated":true}]}}