{"id":31977,"date":"2020-10-18T21:57:30","date_gmt":"2020-10-19T00:57:30","guid":{"rendered":"http:\/\/vocesparalelas.com.ar\/sitio\/?p=31977"},"modified":"2020-10-20T00:35:09","modified_gmt":"2020-10-20T03:35:09","slug":"dialogo-virtual-con-estudiantes-universitarios-sobre-el-futuro-del-sector-minero-de-san-juan","status":"publish","type":"post","link":"https:\/\/vocesparalelas.com.ar\/sitio\/dialogo-virtual-con-estudiantes-universitarios-sobre-el-futuro-del-sector-minero-de-san-juan\/","title":{"rendered":"Dialog\u00f3 virtual con estudiantes universitarios sobre el futuro del sector minero de San Juan"},"content":{"rendered":"<p>La inclusi\u00f3n de todos los sectores de la sociedad en las diferentes actividades productivas de la provincia de San Juan, es una de las pol\u00edticas de Estado que viene promoviendo desde su primera gesti\u00f3n el gobernador Dr. Sergio U\u00f1ac.<\/p>\n<p>Ejemplo de esto son los distintos espacios de debate propuestos en el marco del Acuerdo San Juan donde los j\u00f3venes y estudiantes pudieron realizar sus propuestas para la construcci\u00f3n del futuro pospandemia.<\/p>\n<p>La miner\u00eda juga un rol importante en ese porvenir, por ello, de la importancia de conocer la visi\u00f3n de los futuros profesionales formados en nuestras instituciones acad\u00e9micas.<\/p>\n<figure id=\"attachment_31978\" aria-describedby=\"caption-attachment-31978\" style=\"width: 800px\" class=\"wp-caption alignnone\"><img loading=\"lazy\" decoding=\"async\" class=\"wp-image-31978 size-full\" src=\"https:\/\/vocesparalelas.com.ar\/sitio\/wp-content\/uploads\/2020\/10\/MINERIA-ALUMNOS-01.jpg\" alt=\"\" width=\"800\" height=\"453\" srcset=\"https:\/\/vocesparalelas.com.ar\/sitio\/wp-content\/uploads\/2020\/10\/MINERIA-ALUMNOS-01.jpg 800w, https:\/\/vocesparalelas.com.ar\/sitio\/wp-content\/uploads\/2020\/10\/MINERIA-ALUMNOS-01-300x170.jpg 300w, https:\/\/vocesparalelas.com.ar\/sitio\/wp-content\/uploads\/2020\/10\/MINERIA-ALUMNOS-01-768x435.jpg 768w\" sizes=\"auto, (max-width: 800px) 100vw, 800px\" \/><figcaption id=\"caption-attachment-31978\" class=\"wp-caption-text\">Ministro de Miner\u00eda del Gobierno de San Juan, Ing. Carlos Astudillo<\/figcaption><\/figure>\n<p>En este sentido el ministro de Miner\u00eda del Gobierno de San Juan, Ing. Carlos Astudillo, junto al asesor letrado Dr. Fernando Aciar se reunieron con estudiantes y docentes de la Facultad de Ingenier\u00eda de la Universidad Nacional de San Juan en el marco de un programa de charlas y seminarios que se ejecutaran este a\u00f1o.<\/p>\n<p>El objetivo fue dialogar y conocer la visi\u00f3n actual de quienes buscan desarrollar la actividad en un futuro. Agust\u00edn Tapia, Juan Ignacio Garc\u00eda, Nicole Grgic y Facundo Castro de la Asociaci\u00f3n de Estudiantes de Ingeniera de Minas y Metalurgia Extractiva &#8211; ADEIM -, fueron algunos de los j\u00f3venes que participaron. Mientras que la Ing. M\u00f3nica Ram\u00edrez, jefa del Departamento de Minas de la Facultad de Ingenier\u00eda de la UNSJ estuvo presente en representaci\u00f3n del sector docente.<\/p>\n<p>\u201cEste charla fue un gran espacio de aprendizaje, en el cual los alumnos no solo pudimos tener contacto con la m\u00e1xima autoridad provincial en el \u00e1rea de miner\u00eda, sino que es una ventana por la cual se nos hace parte de la actualidad de la industria a nivel provincial. La oportunidad de charlar con el ministro nos permiti\u00f3 hablar de temas que nos interesan como son los actuales y futuros proyectos en la provincia y tambi\u00e9n hacerle preguntas que ten\u00edamos sobre el actual funcionamiento de la actividad. De mi parte y en representaci\u00f3n de todos mis compa\u00f1eras y compa\u00f1eros agradecemos el espacio, la amabilidad y esperamos que esto sea el puntapi\u00e9 inicial de una mayor articulaci\u00f3n con el Gobierno de San Juan\u201d, manifest\u00f3 el estudiante Agust\u00edn Tapia.<\/p>\n<p>Por su parte el titular de la cartera minera expres\u00f3 a los presentes: \u201cEs gratificante ver tanto inter\u00e9s y pasi\u00f3n de los estudiantes por la actividad minera.Desde el Gobierno hemos dados muestras concretas que a trav\u00e9s del di\u00e1logo podemos lograr grandes objetivos. Se ha desarrollado un gran plan macro pensando en el San Juan de la pospandemia, la miner\u00eda y sobre todos las nuevas generaciones de profesionales no deben quedar fuera. Por eso espero que estos encuentros se sigan realizando con el Ministerio de Miner\u00eda en su totalidad y tambi\u00e9n empresas, para que puedan interiorizarse en toda la realidad del sector. De todos depende que San Juan tengan profesionales de la miner\u00eda de nivel mundial, no solo para el trabajo local, sino para que seamos una provincia de excelencia\u201d, afirm\u00f3 el ingeniero Astudillo.<\/p>\n","protected":false},"excerpt":{"rendered":"<p>La inclusi\u00f3n de todos los sectores de la sociedad en las diferentes actividades productivas de la provincia de San Juan,<\/p>\n","protected":false},"author":3,"featured_media":31979,"comment_status":"closed","ping_status":"closed","sticky":false,"template":"","format":"standard","meta":{"_acf_changed":false,"_seopress_robots_primary_cat":"","_seopress_titles_title":"","_seopress_titles_desc":"","_seopress_robots_index":"","colormag_page_container_layout":"default_layout","colormag_page_sidebar_layout":"default_layout","footnotes":""},"categories":[1],"tags":[],"class_list":["post-31977","post","type-post","status-publish","format-standard","has-post-thumbnail","hentry","category-destacadas"],"acf":[],"_links":{"self":[{"href":"https:\/\/vocesparalelas.com.ar\/sitio\/wp-json\/wp\/v2\/posts\/31977","targetHints":{"allow":["GET"]}}],"collection":[{"href":"https:\/\/vocesparalelas.com.ar\/sitio\/wp-json\/wp\/v2\/posts"}],"about":[{"href":"https:\/\/vocesparalelas.com.ar\/sitio\/wp-json\/wp\/v2\/types\/post"}],"author":[{"embeddable":true,"href":"https:\/\/vocesparalelas.com.ar\/sitio\/wp-json\/wp\/v2\/users\/3"}],"replies":[{"embeddable":true,"href":"https:\/\/vocesparalelas.com.ar\/sitio\/wp-json\/wp\/v2\/comments?post=31977"}],"version-history":[{"count":1,"href":"https:\/\/vocesparalelas.com.ar\/sitio\/wp-json\/wp\/v2\/posts\/31977\/revisions"}],"predecessor-version":[{"id":31980,"href":"https:\/\/vocesparalelas.com.ar\/sitio\/wp-json\/wp\/v2\/posts\/31977\/revisions\/31980"}],"wp:featuredmedia":[{"embeddable":true,"href":"https:\/\/vocesparalelas.com.ar\/sitio\/wp-json\/wp\/v2\/media\/31979"}],"wp:attachment":[{"href":"https:\/\/vocesparalelas.com.ar\/sitio\/wp-json\/wp\/v2\/media?parent=31977"}],"wp:term":[{"taxonomy":"category","embeddable":true,"href":"https:\/\/vocesparalelas.com.ar\/sitio\/wp-json\/wp\/v2\/categories?post=31977"},{"taxonomy":"post_tag","embeddable":true,"href":"https:\/\/vocesparalelas.com.ar\/sitio\/wp-json\/wp\/v2\/tags?post=31977"}],"curies":[{"name":"wp","href":"https:\/\/api.w.org\/{rel}","templated":true}]}}