{"id":31969,"date":"2020-10-18T11:42:08","date_gmt":"2020-10-18T14:42:08","guid":{"rendered":"http:\/\/vocesparalelas.com.ar\/sitio\/?p=31969"},"modified":"2020-10-20T01:15:46","modified_gmt":"2020-10-20T04:15:46","slug":"homenaje-y-reflexion-sobre-la-profundidad-del-rol-de-las-madres-en-tiempos-criticos","status":"publish","type":"post","link":"https:\/\/vocesparalelas.com.ar\/sitio\/homenaje-y-reflexion-sobre-la-profundidad-del-rol-de-las-madres-en-tiempos-criticos\/","title":{"rendered":"Homenaje y reflexi\u00f3n sobre la profundidad del rol de las madres en tiempos cr\u00edticos"},"content":{"rendered":"<p>El decano de la Facultad de Ingenier\u00eda, Dr. Ing. Tadeo Berenguer y su equipo de Decanato saludan y felicitan a todas las madres de nuestra comunidad con motivo de celebrarse ma\u00f1ana domingo, el D\u00eda de la Madre.<\/p>\n<p>Durante este a\u00f1o tan cr\u00edtico, mucho es lo que se ha escrito, investigado y hablado acerca de la sobrecarga mental, emocional y f\u00edsica que significa la femnizaci\u00f3n del trabajo dentro del hogar, sumada al teletrabajo que han asumido hombres y mujeres a lo largo y ancho del planeta. Sin embargo, es imposible soslayar lo sucedido con las mujeres, puesto que la alta tasa de feminizaci\u00f3n del sostenimiento pedag\u00f3gico de los hijos y de las labores dom\u00e9sticas, constituye un dato indiscutido en muchos pa\u00edses del mundo y por supuesto, en Argentina tambi\u00e9n.<\/p>\n<p>Por estos motivos es tan importante la concientizaci\u00f3n general y la existencia de pol\u00edticas de fondo y efectivas en la pr\u00e1ctica, como por ejemplo, el otorgamiento de licencias con goce de salario o los horarios de desconexi\u00f3n para padres que realizan teletrabajo y tienen hijos menores de seis a\u00f1os y\/o personas dependientes a cargo. La propuesta surgi\u00f3 a partir del an\u00e1lisis de situaciones que se viven en los hogares con ni\u00f1as y ni\u00f1os peque\u00f1os o personas dependientes, con exigencia de teletrabajo. Los relevamientos muestran que las tareas de cuidado y dom\u00e9sticas siguen recayendo sobre las mujeres mayoritariamente, con consecuencias sobre su salud f\u00edsica y psicol\u00f3gica, como alert\u00f3 el \u201cAn\u00e1lisis inicial de las Naciones Unidas Covid-19 en Argentina: Impacto Socioecon\u00f3mico Y Ambiental\u201d, publicado en junio del corriente a\u00f1o.<\/p>\n<p>La Facultad de Ingenier\u00eda de la Universidad Nacional de San Juan, a trav\u00e9s de m\u00faltiples iniciativas que est\u00e1n en consonancia con planes gubernamentales, l\u00edneas y programas de asociaciones como el CONFEDI y con el trabajo ininterrumpido de asociaciones y ONGs, brega diariamente para sostener y garantizar el ejercicio de una maternidad plena en madres trabajadoras. Pero en esta fecha en particular, rinde un homenaje a todas las madres de nuestra comunidad, desde el afecto m\u00e1s profundo.<\/p>\n<p><span style=\"color: #008080;\"><strong>Origen hist\u00f3rico<\/strong><\/span><\/p>\n<p>El D\u00eda de la Madre se ha instituido en nuestro pa\u00eds y en el mundo entero con el objetivo de recordar y tener en cuenta el importante rol de madre que cumplen muchas mujeres en la sociedad. Si bien en el pasado este rol se asociaba necesariamente con el g\u00e9nero femenino y en consecuencia, se determinaba que a la mujer le correspond\u00eda casi de manera natural la funci\u00f3n de madre, cuidadora, \u00abpilar del hogar\u00bb y ama de casa, en el marco de la divisi\u00f3n social del trabajo, el empuje de movimentos feministas y los cambios que han modificado a la sociedad global, hoy se ha evolucionado mucho desde aquella concepci\u00f3n. En la actualidad est\u00e1 ampliamente extendida la idea de que la maternidad es un rol que se abraza de manera consciente y se sostiene con esfuerzos compartidos. Leyes, trabajos comunitarios, amplia teor\u00eda y literatura escritas fortalecen la noci\u00f3n de que el cuidado de los hijos no corresponde a uno u otro g\u00e9nero exclusivamente y que el Estado y sus instituciones deben respaldar el rol materno y paterno con derechos y obligaciones.<\/p>\n<p>El origen de la celebraci\u00f3n del D\u00eda de la Madre se remonta a la Antigua Grecia, en donde se rend\u00eda honor a la diosa Rea, madre de Zeus, Poseid\u00f3n y Hades. Los romanos, en tanto, homenajeaban a Cibeles, diosa de la madre tierra y fertilidad. Ante la llegaba del cristianismo se honr\u00f3 a la Virgen Mar\u00eda, por eso la fecha elegida fue el 8 de diciembre, D\u00eda la Inmaculada Concepci\u00f3n. Pero fue en el siglo XIX cuando lograron establecerse por primera vez reuniones que conmemoraban a las madres y sus derechos. Esto ocurri\u00f3 despu\u00e9s de que miles de mujeres madres fueran ultrajadas durante la Guerra de Secesi\u00f3n de los Estados Unidos, entre 1861 y 1865.Los esfuerzos de distintas mujeres en los Estados Unidos, encabezados por la poetisa Julia Ward Howe y Anna Jervis, fueron los que finalmente concretaron la constituci\u00f3n del D\u00eda de la Madre.<\/p>\n<p>En la mayor\u00eda de los pa\u00edses se festeja en mayo, mientras que Argentina es uno de los pocos pa\u00edses, junto a Bielorrusia, que celebran en octubre. En nuestro pa\u00eds el origen se vincula con el calendario lit\u00fargico que la Iglesia Cat\u00f3lica utilizaba antes de la reforma del Concilio Vaticano II, que se extendi\u00f3 entre 1962 y 1965.<\/p>\n<p>El 11 de octubre se festejaba la \u00abMaternidad de la Virgen Mar\u00eda\u00bb y para homenajear a las madres se eleg\u00eda el domingo anterior o posterior con el fin de utilizar una jornada de descanso. Luego la fecha religiosa se traslad\u00f3 al primero de enero y con el paso de los a\u00f1os, su v\u00ednculo religioso le cedi\u00f3 terreno al comercial y el D\u00eda de la madre pas\u00f3 al tercer domingo de octubre.<\/p>\n<p>En s\u00edntesis, el D\u00eda de la Madre se celebraba originalmente para clamar por la paz para la familia y para las madres en general. En la actualidad, la celebraci\u00f3n se presenta como una oportunidad de compartir en familia y enaltecer una funci\u00f3n que no es solo productiva desde la perspectiva biol\u00f3gica, sino que implica una construcci\u00f3n en m\u00faltiples sentidos, que es base para la formaci\u00f3n de toda la estructura ps\u00edquica, emocional y social de las personas.<\/p>\n<p><img loading=\"lazy\" decoding=\"async\" class=\"alignnone wp-image-23028 size-large\" src=\"https:\/\/vocesparalelas.com.ar\/sitio\/wp-content\/uploads\/2019\/08\/FI-UNSJ-EDIFICIO-800x600.jpg\" alt=\"\" width=\"800\" height=\"600\" srcset=\"https:\/\/vocesparalelas.com.ar\/sitio\/wp-content\/uploads\/2019\/08\/FI-UNSJ-EDIFICIO-800x600.jpg 800w, https:\/\/vocesparalelas.com.ar\/sitio\/wp-content\/uploads\/2019\/08\/FI-UNSJ-EDIFICIO-300x225.jpg 300w, https:\/\/vocesparalelas.com.ar\/sitio\/wp-content\/uploads\/2019\/08\/FI-UNSJ-EDIFICIO-768x576.jpg 768w, https:\/\/vocesparalelas.com.ar\/sitio\/wp-content\/uploads\/2019\/08\/FI-UNSJ-EDIFICIO.jpg 888w\" sizes=\"auto, (max-width: 800px) 100vw, 800px\" \/><\/p>\n","protected":false},"excerpt":{"rendered":"<p>El decano de la Facultad de Ingenier\u00eda, Dr. Ing. Tadeo Berenguer y su equipo de Decanato saludan y felicitan a<\/p>\n","protected":false},"author":3,"featured_media":31970,"comment_status":"closed","ping_status":"closed","sticky":false,"template":"","format":"standard","meta":{"_acf_changed":false,"_seopress_robots_primary_cat":"","_seopress_titles_title":"","_seopress_titles_desc":"","_seopress_robots_index":"","colormag_page_container_layout":"default_layout","colormag_page_sidebar_layout":"default_layout","footnotes":""},"categories":[10],"tags":[],"class_list":["post-31969","post","type-post","status-publish","format-standard","has-post-thumbnail","hentry","category-opiniones"],"acf":[],"_links":{"self":[{"href":"https:\/\/vocesparalelas.com.ar\/sitio\/wp-json\/wp\/v2\/posts\/31969","targetHints":{"allow":["GET"]}}],"collection":[{"href":"https:\/\/vocesparalelas.com.ar\/sitio\/wp-json\/wp\/v2\/posts"}],"about":[{"href":"https:\/\/vocesparalelas.com.ar\/sitio\/wp-json\/wp\/v2\/types\/post"}],"author":[{"embeddable":true,"href":"https:\/\/vocesparalelas.com.ar\/sitio\/wp-json\/wp\/v2\/users\/3"}],"replies":[{"embeddable":true,"href":"https:\/\/vocesparalelas.com.ar\/sitio\/wp-json\/wp\/v2\/comments?post=31969"}],"version-history":[{"count":1,"href":"https:\/\/vocesparalelas.com.ar\/sitio\/wp-json\/wp\/v2\/posts\/31969\/revisions"}],"predecessor-version":[{"id":31971,"href":"https:\/\/vocesparalelas.com.ar\/sitio\/wp-json\/wp\/v2\/posts\/31969\/revisions\/31971"}],"wp:featuredmedia":[{"embeddable":true,"href":"https:\/\/vocesparalelas.com.ar\/sitio\/wp-json\/wp\/v2\/media\/31970"}],"wp:attachment":[{"href":"https:\/\/vocesparalelas.com.ar\/sitio\/wp-json\/wp\/v2\/media?parent=31969"}],"wp:term":[{"taxonomy":"category","embeddable":true,"href":"https:\/\/vocesparalelas.com.ar\/sitio\/wp-json\/wp\/v2\/categories?post=31969"},{"taxonomy":"post_tag","embeddable":true,"href":"https:\/\/vocesparalelas.com.ar\/sitio\/wp-json\/wp\/v2\/tags?post=31969"}],"curies":[{"name":"wp","href":"https:\/\/api.w.org\/{rel}","templated":true}]}}