{"id":31962,"date":"2020-10-16T21:33:08","date_gmt":"2020-10-17T00:33:08","guid":{"rendered":"http:\/\/vocesparalelas.com.ar\/sitio\/?p=31962"},"modified":"2020-10-20T22:54:06","modified_gmt":"2020-10-21T01:54:06","slug":"accede-a-descuentos-en-comercios-de-san-juan-a-traves-de-tu-celular","status":"publish","type":"post","link":"https:\/\/vocesparalelas.com.ar\/sitio\/accede-a-descuentos-en-comercios-de-san-juan-a-traves-de-tu-celular\/","title":{"rendered":"Acced\u00e9 a descuentos en comercios de San Juan a trav\u00e9s de tu celular"},"content":{"rendered":"<p>El Ministerio de Producci\u00f3n y Desarrollo Econ\u00f3mico del Gobierno de San Juan, a trav\u00e9s de la Secretar\u00eda de Industria, Comercio y Servicios, informa que est\u00e1 disponible la versi\u00f3n digital del programa provincial \u201cEleg\u00ed bien, compr\u00e1 mejor\u201d a trav\u00e9s de la cual, los consumidores podr\u00e1n acceder a una cuponera digital de descuentos. Esta herramienta les permitir\u00e1 a los sanjuaninos aprovechar beneficios en comercios adheridos de una forma muy sencilla y pr\u00e1ctica.<\/p>\n<p>Para acceder a este programa, que es gratuito, hay que ingresar en el sitio web de Origen San Juan, <a href=\"https:\/\/origensanjuan.com.ar\/\">https:\/\/origensanjuan.com.ar\/<\/a>e inscribirse. Pod\u00e9s descargar cupones de descuentos en tu celular y presentarlos en los locales adheridos.<\/p>\n<p>Esta nueva herramienta proporciona beneficios tambi\u00e9n para los comerciantes ya que podr\u00e1n registrar sus comercios y armar cuponeras propias para incrementar las ventas. Para eso deber\u00e1n tener en cuenta:<\/p>\n<ul>\n<li>Nombre del cup\u00f3n<\/li>\n<li>Categor\u00eda a la que pertenece el producto en promoci\u00f3n<\/li>\n<li>Tipo de beneficio (descuento, 2&#215;1, etc)<\/li>\n<li>Fecha de vigencia del cup\u00f3n<\/li>\n<\/ul>\n<p>Los comercios que ya adhirieron a esta versi\u00f3n digital ofrecen importantes descuentos y promociones por el D\u00eda del Madre, que se celebra el domingo 18 de octubre, sobre todo en rubros como vestimenta, calzado, est\u00e9ticas y peluquer\u00edas.<\/p>\n<p>\u201cEleg\u00ed bien, compr\u00e1 mejor\u201d es un programa que impulsa la competitividad del sector comercial, fomentando el consumo en comercios locales y ofreciendo mayores beneficios a los clientes.<\/p>\n<p>&nbsp;<\/p>\n<p><iframe loading=\"lazy\" title=\"Sector Agroindustrial en San Juan\" width=\"800\" height=\"450\" src=\"https:\/\/www.youtube.com\/embed\/3a1zKV4Bmog?feature=oembed\" frameborder=\"0\" allow=\"accelerometer; autoplay; clipboard-write; encrypted-media; gyroscope; picture-in-picture\" allowfullscreen><\/iframe><\/p>\n","protected":false},"excerpt":{"rendered":"<p>El Ministerio de Producci\u00f3n y Desarrollo Econ\u00f3mico del Gobierno de San Juan, a trav\u00e9s de la Secretar\u00eda de Industria, Comercio<\/p>\n","protected":false},"author":3,"featured_media":31963,"comment_status":"closed","ping_status":"closed","sticky":false,"template":"","format":"video","meta":{"_acf_changed":false,"_seopress_robots_primary_cat":"","_seopress_titles_title":"","_seopress_titles_desc":"","_seopress_robots_index":"","colormag_page_container_layout":"default_layout","colormag_page_sidebar_layout":"default_layout","footnotes":""},"categories":[6,7],"tags":[],"class_list":["post-31962","post","type-post","status-publish","format-video","has-post-thumbnail","hentry","category-eventos","category-videos","post_format-post-format-video"],"acf":[],"_links":{"self":[{"href":"https:\/\/vocesparalelas.com.ar\/sitio\/wp-json\/wp\/v2\/posts\/31962","targetHints":{"allow":["GET"]}}],"collection":[{"href":"https:\/\/vocesparalelas.com.ar\/sitio\/wp-json\/wp\/v2\/posts"}],"about":[{"href":"https:\/\/vocesparalelas.com.ar\/sitio\/wp-json\/wp\/v2\/types\/post"}],"author":[{"embeddable":true,"href":"https:\/\/vocesparalelas.com.ar\/sitio\/wp-json\/wp\/v2\/users\/3"}],"replies":[{"embeddable":true,"href":"https:\/\/vocesparalelas.com.ar\/sitio\/wp-json\/wp\/v2\/comments?post=31962"}],"version-history":[{"count":1,"href":"https:\/\/vocesparalelas.com.ar\/sitio\/wp-json\/wp\/v2\/posts\/31962\/revisions"}],"predecessor-version":[{"id":31964,"href":"https:\/\/vocesparalelas.com.ar\/sitio\/wp-json\/wp\/v2\/posts\/31962\/revisions\/31964"}],"wp:featuredmedia":[{"embeddable":true,"href":"https:\/\/vocesparalelas.com.ar\/sitio\/wp-json\/wp\/v2\/media\/31963"}],"wp:attachment":[{"href":"https:\/\/vocesparalelas.com.ar\/sitio\/wp-json\/wp\/v2\/media?parent=31962"}],"wp:term":[{"taxonomy":"category","embeddable":true,"href":"https:\/\/vocesparalelas.com.ar\/sitio\/wp-json\/wp\/v2\/categories?post=31962"},{"taxonomy":"post_tag","embeddable":true,"href":"https:\/\/vocesparalelas.com.ar\/sitio\/wp-json\/wp\/v2\/tags?post=31962"}],"curies":[{"name":"wp","href":"https:\/\/api.w.org\/{rel}","templated":true}]}}