{"id":31960,"date":"2020-10-15T21:09:16","date_gmt":"2020-10-16T00:09:16","guid":{"rendered":"http:\/\/vocesparalelas.com.ar\/sitio\/?p=31960"},"modified":"2020-10-18T11:47:09","modified_gmt":"2020-10-18T14:47:09","slug":"acreditado-el-fondo-nacional-incentivo-docente-suma-extra-covid-19","status":"publish","type":"post","link":"https:\/\/vocesparalelas.com.ar\/sitio\/acreditado-el-fondo-nacional-incentivo-docente-suma-extra-covid-19\/","title":{"rendered":"Acreditado el Fondo Nacional Incentivo Docente- Suma Extra COVID-19"},"content":{"rendered":"<p>El Ministerio de Educaci\u00f3n del Gobierno de San Juan informa que el S\u00e1bado, 17 de Octubre est\u00e1 acreditada en cajeros autom\u00e1ticos del Banco San Juan la tercera cuota extraordinaria \u201cFondo Nacional Incentivo Docente- Suma Extra COVID-19&#8243;, seg\u00fan Paritaria Nacional del 24 de julio 2020, correspondiente al mes de septiembre 2020.<\/p>\n","protected":false},"excerpt":{"rendered":"<p>El Ministerio de Educaci\u00f3n del Gobierno de San Juan informa que el S\u00e1bado, 17 de Octubre est\u00e1 acreditada en cajeros<\/p>\n","protected":false},"author":3,"featured_media":28414,"comment_status":"closed","ping_status":"closed","sticky":false,"template":"","format":"standard","meta":{"_acf_changed":false,"_seopress_robots_primary_cat":"","_seopress_titles_title":"","_seopress_titles_desc":"","_seopress_robots_index":"","colormag_page_container_layout":"default_layout","colormag_page_sidebar_layout":"default_layout","footnotes":""},"categories":[1],"tags":[],"class_list":["post-31960","post","type-post","status-publish","format-standard","has-post-thumbnail","hentry","category-destacadas"],"acf":[],"_links":{"self":[{"href":"https:\/\/vocesparalelas.com.ar\/sitio\/wp-json\/wp\/v2\/posts\/31960","targetHints":{"allow":["GET"]}}],"collection":[{"href":"https:\/\/vocesparalelas.com.ar\/sitio\/wp-json\/wp\/v2\/posts"}],"about":[{"href":"https:\/\/vocesparalelas.com.ar\/sitio\/wp-json\/wp\/v2\/types\/post"}],"author":[{"embeddable":true,"href":"https:\/\/vocesparalelas.com.ar\/sitio\/wp-json\/wp\/v2\/users\/3"}],"replies":[{"embeddable":true,"href":"https:\/\/vocesparalelas.com.ar\/sitio\/wp-json\/wp\/v2\/comments?post=31960"}],"version-history":[{"count":1,"href":"https:\/\/vocesparalelas.com.ar\/sitio\/wp-json\/wp\/v2\/posts\/31960\/revisions"}],"predecessor-version":[{"id":31961,"href":"https:\/\/vocesparalelas.com.ar\/sitio\/wp-json\/wp\/v2\/posts\/31960\/revisions\/31961"}],"wp:featuredmedia":[{"embeddable":true,"href":"https:\/\/vocesparalelas.com.ar\/sitio\/wp-json\/wp\/v2\/media\/28414"}],"wp:attachment":[{"href":"https:\/\/vocesparalelas.com.ar\/sitio\/wp-json\/wp\/v2\/media?parent=31960"}],"wp:term":[{"taxonomy":"category","embeddable":true,"href":"https:\/\/vocesparalelas.com.ar\/sitio\/wp-json\/wp\/v2\/categories?post=31960"},{"taxonomy":"post_tag","embeddable":true,"href":"https:\/\/vocesparalelas.com.ar\/sitio\/wp-json\/wp\/v2\/tags?post=31960"}],"curies":[{"name":"wp","href":"https:\/\/api.w.org\/{rel}","templated":true}]}}