{"id":31953,"date":"2020-10-16T20:13:16","date_gmt":"2020-10-16T23:13:16","guid":{"rendered":"http:\/\/vocesparalelas.com.ar\/sitio\/?p=31953"},"modified":"2020-10-16T21:06:37","modified_gmt":"2020-10-17T00:06:37","slug":"san-juan-participo-en-la-56-edicion-del-coloquio-idea","status":"publish","type":"post","link":"https:\/\/vocesparalelas.com.ar\/sitio\/san-juan-participo-en-la-56-edicion-del-coloquio-idea\/","title":{"rendered":"San Juan particip\u00f3 en la 56\u00b0 edici\u00f3n del Coloquio IDEA"},"content":{"rendered":"<p>El Viernes, el gobernador de San Juan, Dr. Sergio U\u00f1ac particip\u00f3 del 56\u00b0 Coloquio de IDEA, un espacio de reflexi\u00f3n sobre el futuro de la Argentina.<\/p>\n<p>Durante la jornada, el mandatario sanjuanino ahond\u00f3 sobre los ejes para el desarrollo socioecon\u00f3mico del pa\u00eds, el escenario internacional, la innovaci\u00f3n, la econom\u00eda, la sociedad y la cultura.<\/p>\n<p>El panel de gobernadores \u201cQu\u00e9 pa\u00eds queremos ser: la mirada federal\u201d comenz\u00f3 sobre el mediod\u00eda y dur\u00f3 unos 40 minutos. Junto a U\u00f1ac, se encontraban presentes Gustavo Valdez, gobernador de Corrientes y Omar Perotti, a cargo del Ejecutivo de Santa Fe. El panel fue moderado por el periodista Iv\u00e1n Schargrodsky.<\/p>\n<p><img loading=\"lazy\" decoding=\"async\" class=\"alignnone wp-image-31958 size-full\" src=\"https:\/\/vocesparalelas.com.ar\/sitio\/wp-content\/uploads\/2020\/10\/SAN-JUAN-IDEA.jpg\" alt=\"\" width=\"800\" height=\"449\" srcset=\"https:\/\/vocesparalelas.com.ar\/sitio\/wp-content\/uploads\/2020\/10\/SAN-JUAN-IDEA.jpg 800w, https:\/\/vocesparalelas.com.ar\/sitio\/wp-content\/uploads\/2020\/10\/SAN-JUAN-IDEA-300x168.jpg 300w, https:\/\/vocesparalelas.com.ar\/sitio\/wp-content\/uploads\/2020\/10\/SAN-JUAN-IDEA-768x431.jpg 768w\" sizes=\"auto, (max-width: 800px) 100vw, 800px\" \/><\/p>\n<p>En primera medida, U\u00f1ac destac\u00f3 la oportunidad que surge desde el interior del pa\u00eds para la construcci\u00f3n de una Argentina federal. \u00abQue sea m\u00e1s tangible para todos, que podamos revertir esta situaci\u00f3n que durante d\u00e9cadas se vivi\u00f3, en donde parec\u00eda que las oportunidades estaban en los grandes conglomerados y nos damos cuenta de que si no federalizamos y distribuimos las oportunidades generamos concentraci\u00f3n, lo que limita las oportunidades y hace crecer grandes problemas como la pobreza, la indigencia y la falta de trabajo\u00bb, dijo el gobernador.<\/p>\n<p>En ese sentido, pidi\u00f3 redefinir algunos aspectos de la pol\u00edtica exterior: \u00abHemos visto durante mucho tiempo que ha pasado por distintos ejes de desarrollo donde en la actualidad la Argentina deber\u00e1 buscar la mejor redefinici\u00f3n, que debe ser transversal al Gobierno, m\u00e1s all\u00e1 de qui\u00e9n le toque ser quien ejerza los principales ejes del desarrollo de pol\u00edtica internacional\u00bb.<\/p>\n<p><iframe loading=\"lazy\" title=\"U\u00f1ac particip\u00f3 en la 56\u00b0 edici\u00f3n del Coloquio IDEA\" width=\"800\" height=\"450\" src=\"https:\/\/www.youtube.com\/embed\/A9rinCD8psE?feature=oembed\" frameborder=\"0\" allow=\"accelerometer; autoplay; clipboard-write; encrypted-media; gyroscope; picture-in-picture\" allowfullscreen><\/iframe><\/p>\n<p>&nbsp;<\/p>\n<p>Para cerrar el primer tema relacionado a la mirada puesta en el exterior, el madantario a\u00f1adi\u00f3 que \u00abdebemos ser fuertes, generando permanentemente alianzas con el mundo que hagan foco en la permanencia, en la pluralidad y que en la definici\u00f3n pol\u00edtica que podamos alcanzar se pueda ir por canales separados en cuanto a los acuerdos comerciales\u00bb.<\/p>\n<p>\u00abDesde el aspecto puramente argentino, nacional, me parece que hay mecanismos de equilibrio en un pa\u00eds absolutamente heterog\u00e9neo; uno de estos mecanismos de equilibrio es sin dudas la coparticipaci\u00f3n, una coparticipaci\u00f3n que equilibre desequilibrios naturales en el pa\u00eds que est\u00e1n vinculados a lo geogr\u00e1fico, a lo pol\u00edtico, a lo econ\u00f3mico. Creo que la coparticipaci\u00f3n es un aspecto; el desarrollo de una matriz energ\u00e9tica que genere oportunidades hasta en el \u00faltimo rinc\u00f3n de nuestro pa\u00eds es otro de los pilares para generar un federalismo tangible para la sociedad. Y el tercer aspecto es vincular la educaci\u00f3n, y lo digo desde la tierra de Sarmiento, a la matriz productiva, econ\u00f3mica que tiene nuestro pa\u00eds. Si hay disociaci\u00f3n entre las curr\u00edculas educativas con el desarrollo econ\u00f3mico de nuestro pa\u00eds, tenemos una demanda laboral acotada, porque el desempleo en nuestro pa\u00eds es grande y hay que trabajar para hacerlo descender, pero tambi\u00e9n hay una oferta laboral acotada, que est\u00e1 de alguna manera concentrada en mucha gente que tiene pocos oficios. Deberemos poner en l\u00ednea esta situaci\u00f3n tambi\u00e9n\u00bb, agreg\u00f3 el gobernador.<\/p>\n<p>Sobre la econom\u00eda internacional pensada como forma de ingreso de d\u00f3lares, U\u00f1ac destac\u00f3 la diversificaci\u00f3n de la matriz productiva local que la provincia mostr\u00f3 en los \u00faltimos 40 a\u00f1os, desde lo agr\u00edcola, la industria, la miner\u00eda, las energ\u00edas renovables y la industria del conocimiento.<\/p>\n<p>\u00abEn este marco, la miner\u00eda ofrece nuevas y mejores oportunidades para el pa\u00eds y para la provincia de San Juan\u00bb, se\u00f1al\u00f3 y luego hizo referencia al proyecto Josemar\u00eda, con alto grado de avance: \u00abImplica una inversi\u00f3n de 3 mil millones de d\u00f3lares. En la provincia de San Juan hay reservas de minerales por una inversi\u00f3n, que generalmente es extranjera, de no menos de 30 mil millones de d\u00f3lares. Es ingreso genuino, le sirve a San Juan pero tambi\u00e9n le sirve al pa\u00eds\u00bb, analiz\u00f3.<\/p>\n<p>Tambi\u00e9n hizo foco en la salida hacia el Oc\u00e9ano Pac\u00edfico y la llegada al mercado internacional a trav\u00e9s del t\u00fanel de Agua Negra. \u00abPara eso hace falta una gran alianza de comunicaci\u00f3n, geogr\u00e1fica, territorial, entre Argentina y Chile. El t\u00fanel nos permitir\u00e1 alcanzar por un costado del mundo al Atl\u00e1ntico, y por otro costado del mundo cada vez m\u00e1s creciente, de mayor poder adquisitivo, de mayor cantidad de habitantes como es el mercado asi\u00e1tico v\u00eda Pac\u00edfico. Creo que estos son los desaf\u00edos que tenemos como pa\u00eds y en donde la provincia de San Juan tiene mucho por aportar tambi\u00e9n\u00bb, analiz\u00f3.<\/p>\n<p>En cuanto a obras de infraestructura que se puedan desarrollar en coordinaci\u00f3n entre el Gobierno nacional y provincial, U\u00f1ac mencion\u00f3 tres ejes: \u00abLa\u00a0infraestructura de comunicaci\u00f3n, tanto terrestre, a\u00e9rea o digital. Dentro de lo que habla de infraestructura vial, San Juan en convenio con el Gobierno nacional, est\u00e1 desarrollando m\u00e1s de 150 km de carretera, tanto la ruta nacional N\u00b040 como otras internas que tiene la provincia pero que son vitales para poder promocionar la inversi\u00f3n privada y quienes invierten puedan sacar sus productos y alcanzar los grandes centros de consumos o los puertos de exportaci\u00f3n\u00bb, indic\u00f3.<\/p>\n<p>En lo que hace a infraestructura a\u00e9rea, \u00abestamos remodelando el aeropuerto Domingo Faustino Sarmiento, haci\u00e9ndolo tambi\u00e9n con car\u00e1cter internacionalcomo un modo de promocionar los vuelos internos de cabotajes pero tambi\u00e9n las salidas al exterior. Mucha de la producci\u00f3n minera de la provincia utilizan aeropuertos de otras provincias y nosotros queremos que se utilice el aeropuerto de la provincia de San Juan para sacar, por ejemplo, los minerales y los materiales que la miner\u00eda como un eje importante proporciona al pa\u00eds y por supuesto a la provincia\u00bb.<\/p>\n<p>Tambi\u00e9n brind\u00f3 detalles sobre la conectividad digital, \u00abel programa \u2018San Juan Digital\u2019 implica una inversi\u00f3n de no menos de mil millones de pesos de la provincia y otra cifra casi igual desde el Gobierno nacional porque no podemos promocionar el turismo en la provincia de San Juan, en departamentos que est\u00e1n alejados, sino proponemos este tipo de conectividad\u00bb, evalu\u00f3.<\/p>\n<p>Durante su alocuci\u00f3n, el gobernador destac\u00f3 la realizaci\u00f3n del Acuerdo San Juan al se\u00f1alar que \u00abprimero convocamos al di\u00e1logo a todos los sectores. El planteo que tuvo el ASJ fue que pensamos una econom\u00eda menos contributiva hacia el Estado y m\u00e1s distributiva hacia la sociedad. Logramos consensuar 20 medidas que tuvieron el acuerdo de todos los sectores: pol\u00edtico, empresarial, gremial, deportivo y social\u00bb.<\/p>\n<p>\u00abEn la confluencia de los intereses p\u00fablicos y privados donde el Estado puede otorgar condiciones, respetar la seguridad jur\u00eddica que no es, ni m\u00e1s ni menos que,\u00a0establecer condiciones y respetarlas en el tiempo, es lo que anima al sector privado a desarrollar inversiones en la provincia de San Juan\u00bb, asegur\u00f3.<\/p>\n<p>Sobre el final, el mandatario sanjuanino entendi\u00f3 que la confianza en el pa\u00eds se puede recuperar \u00abcon el respeto a las instituciones, que debe partir desde los dirigentes pol\u00edticos, pero que obviamente hay un sentido de corresponsabilidad en toda la sociedad. Se puede recuperar tambi\u00e9n con una necesaria alianza p\u00fablico-privada. Haciendo de la seguridad jur\u00eddica un hecho transversal a los hechos y a las acciones del Estado. Se puede recuperar con el cumplimiento estricto de la palabra\u00bb.<\/p>\n<p>\u00abCreo que la confianza es el valor central que debe motivar el desarrollo de las inversiones al Estado como propulsor natural de condiciones para que el sector privado decida invertir\u00bb, asever\u00f3 U\u00f1ac.<\/p>\n<p>En la misma l\u00ednea, ejemplific\u00f3 con la sanci\u00f3n de la Ley de Coparticipaci\u00f3n Municipal, \u00abhace dos a\u00f1os nos pusimos de acuerdo, quien habla como gobernador y los intendentes. Habl\u00e1bamos de dinero, de distribuci\u00f3n de recursos. Como hubo un di\u00e1logo serio, una exposici\u00f3n de motivos y fundamentaciones, logramos cerrar, acordar y aprobar esta norma\u00bb.<\/p>\n<p>Para cerrar, U\u00f1ac cit\u00f3 al presidente del Foro Econ\u00f3mico Mundial, Klaus Schwab: \u00abHabl\u00f3 de que este tiempo que nos ha dado la pandemia es casi una pausa respecto a las relaciones econ\u00f3micas, sociales, pol\u00edticas. Debe ser un tiempo en el cual podamos resetear, volver a repensar desde lo econ\u00f3mico, social y tambi\u00e9n desde lo particular que pa\u00eds queremos y que pa\u00eds tenemos. Creo que podemos plantear un Estado menos recaudador, con mayor distribuci\u00f3n. Un Estado donde se pueda compartir con menor regulaci\u00f3n y que le pueda dar a la sociedad ese necesario sentido de corresponsabilidad. Pero este es un camino de ida y vuelta, como lo es la seguridad jur\u00eddica de ida y vuelta. Se propone, pero tambi\u00e9n se pide el respeto a la misma. Esa corresponsabilidad tiene que estar integrada, porque cada uno de manera directa o indirecta, en mayor o menor medida, tiene una peque\u00f1a responsabilidad respecto a un hecho puntual. En la construcci\u00f3n de ese hecho puntual el Estado tiene un valor central, pero debe coparticiparlo con la sociedad argentina\u00bb.<\/p>\n<h2><\/h2>\n<p>&nbsp;<\/p>\n<p>&nbsp;<\/p>\n","protected":false},"excerpt":{"rendered":"<p>El Viernes, el gobernador de San Juan, Dr. Sergio U\u00f1ac particip\u00f3 del 56\u00b0 Coloquio de IDEA, un espacio de reflexi\u00f3n<\/p>\n","protected":false},"author":3,"featured_media":31954,"comment_status":"closed","ping_status":"closed","sticky":false,"template":"","format":"video","meta":{"_acf_changed":false,"_seopress_robots_primary_cat":"","_seopress_titles_title":"","_seopress_titles_desc":"","_seopress_robots_index":"","colormag_page_container_layout":"default_layout","colormag_page_sidebar_layout":"default_layout","footnotes":""},"categories":[1,7],"tags":[],"class_list":["post-31953","post","type-post","status-publish","format-video","has-post-thumbnail","hentry","category-destacadas","category-videos","post_format-post-format-video"],"acf":[],"_links":{"self":[{"href":"https:\/\/vocesparalelas.com.ar\/sitio\/wp-json\/wp\/v2\/posts\/31953","targetHints":{"allow":["GET"]}}],"collection":[{"href":"https:\/\/vocesparalelas.com.ar\/sitio\/wp-json\/wp\/v2\/posts"}],"about":[{"href":"https:\/\/vocesparalelas.com.ar\/sitio\/wp-json\/wp\/v2\/types\/post"}],"author":[{"embeddable":true,"href":"https:\/\/vocesparalelas.com.ar\/sitio\/wp-json\/wp\/v2\/users\/3"}],"replies":[{"embeddable":true,"href":"https:\/\/vocesparalelas.com.ar\/sitio\/wp-json\/wp\/v2\/comments?post=31953"}],"version-history":[{"count":2,"href":"https:\/\/vocesparalelas.com.ar\/sitio\/wp-json\/wp\/v2\/posts\/31953\/revisions"}],"predecessor-version":[{"id":31959,"href":"https:\/\/vocesparalelas.com.ar\/sitio\/wp-json\/wp\/v2\/posts\/31953\/revisions\/31959"}],"wp:featuredmedia":[{"embeddable":true,"href":"https:\/\/vocesparalelas.com.ar\/sitio\/wp-json\/wp\/v2\/media\/31954"}],"wp:attachment":[{"href":"https:\/\/vocesparalelas.com.ar\/sitio\/wp-json\/wp\/v2\/media?parent=31953"}],"wp:term":[{"taxonomy":"category","embeddable":true,"href":"https:\/\/vocesparalelas.com.ar\/sitio\/wp-json\/wp\/v2\/categories?post=31953"},{"taxonomy":"post_tag","embeddable":true,"href":"https:\/\/vocesparalelas.com.ar\/sitio\/wp-json\/wp\/v2\/tags?post=31953"}],"curies":[{"name":"wp","href":"https:\/\/api.w.org\/{rel}","templated":true}]}}