{"id":31949,"date":"2020-10-16T18:46:49","date_gmt":"2020-10-16T21:46:49","guid":{"rendered":"http:\/\/vocesparalelas.com.ar\/sitio\/?p=31949"},"modified":"2020-10-20T20:21:00","modified_gmt":"2020-10-20T23:21:00","slug":"ciclo-tu-futuro-en-exactas","status":"publish","type":"post","link":"https:\/\/vocesparalelas.com.ar\/sitio\/ciclo-tu-futuro-en-exactas\/","title":{"rendered":"Ciclo \u201cTu Futuro en Exactas\u201d"},"content":{"rendered":"<p>El Martes, 20 de Octubre, a las 11 hs., comienza el Ciclo \u201cTu Futuro en Exactas\u201d, que es un encuentro virtual para promocionar las carreras de la Facultad de Ciencias Exactas, F\u00edsicas y Naturales \u2013 FCEFN &#8211; de la Universidad Nacional de San Juan.<\/p>\n<p>El ciclo est\u00e1 especialmente orientado a estudiantes que cursan los \u00faltimos a\u00f1os en instituciones educativas de nivel medio.<\/p>\n<p>El objetivo es ofrecer un panorama acerca del estudio de las disciplinas que se desarrollan en la FCEFN:<\/p>\n<ul>\n<li>Geolog\u00eda,<\/li>\n<li>Inform\u00e1tica,<\/li>\n<li>Geof\u00edsica,<\/li>\n<li>Astronom\u00eda y<\/li>\n<li>Biolog\u00eda<\/li>\n<\/ul>\n<p>Adem\u00e1s, te informan los docentes los beneficios a los que acceden los estudiantes ingresantes, por ejemplo becas, salud, deportes entre otros.<\/p>\n<p>Estudiantes y otros referentes cuentan a lo largo del ciclo qu\u00e9 es la Facultad de Ciencias Exactas, F\u00edsicas y Naturales \u2013 FCEFN &#8211; de la Universidad Nacional de San Juan, cu\u00e1les son sus carreras y te permiten compartir experiencias de la vida universitaria.<\/p>\n<p>Tienes la oportunidad de hacer consultas en vivo ya que el evento se transmite en directo por el canal de YouTube <a href=\"https:\/\/youtu.be\/cU4cQJ2LLCs\">https:\/\/youtu.be\/cU4cQJ2LLCs<\/a> y otras redes sociales.<\/p>\n<p>&nbsp;<\/p>\n<p><img loading=\"lazy\" decoding=\"async\" class=\"alignnone wp-image-31951 size-full\" src=\"https:\/\/vocesparalelas.com.ar\/sitio\/wp-content\/uploads\/2020\/10\/FCEFN-UNAJ-CARRERAS.jpg\" alt=\"\" width=\"800\" height=\"450\" srcset=\"https:\/\/vocesparalelas.com.ar\/sitio\/wp-content\/uploads\/2020\/10\/FCEFN-UNAJ-CARRERAS.jpg 800w, https:\/\/vocesparalelas.com.ar\/sitio\/wp-content\/uploads\/2020\/10\/FCEFN-UNAJ-CARRERAS-300x169.jpg 300w, https:\/\/vocesparalelas.com.ar\/sitio\/wp-content\/uploads\/2020\/10\/FCEFN-UNAJ-CARRERAS-768x432.jpg 768w\" sizes=\"auto, (max-width: 800px) 100vw, 800px\" \/><\/p>\n","protected":false},"excerpt":{"rendered":"<p>El Martes, 20 de Octubre, a las 11 hs., comienza el Ciclo \u201cTu Futuro en Exactas\u201d, que es un encuentro<\/p>\n","protected":false},"author":3,"featured_media":31950,"comment_status":"closed","ping_status":"closed","sticky":false,"template":"","format":"standard","meta":{"_acf_changed":false,"_seopress_robots_primary_cat":"","_seopress_titles_title":"","_seopress_titles_desc":"","_seopress_robots_index":"","colormag_page_container_layout":"default_layout","colormag_page_sidebar_layout":"default_layout","footnotes":""},"categories":[1],"tags":[],"class_list":["post-31949","post","type-post","status-publish","format-standard","has-post-thumbnail","hentry","category-destacadas"],"acf":[],"_links":{"self":[{"href":"https:\/\/vocesparalelas.com.ar\/sitio\/wp-json\/wp\/v2\/posts\/31949","targetHints":{"allow":["GET"]}}],"collection":[{"href":"https:\/\/vocesparalelas.com.ar\/sitio\/wp-json\/wp\/v2\/posts"}],"about":[{"href":"https:\/\/vocesparalelas.com.ar\/sitio\/wp-json\/wp\/v2\/types\/post"}],"author":[{"embeddable":true,"href":"https:\/\/vocesparalelas.com.ar\/sitio\/wp-json\/wp\/v2\/users\/3"}],"replies":[{"embeddable":true,"href":"https:\/\/vocesparalelas.com.ar\/sitio\/wp-json\/wp\/v2\/comments?post=31949"}],"version-history":[{"count":2,"href":"https:\/\/vocesparalelas.com.ar\/sitio\/wp-json\/wp\/v2\/posts\/31949\/revisions"}],"predecessor-version":[{"id":32015,"href":"https:\/\/vocesparalelas.com.ar\/sitio\/wp-json\/wp\/v2\/posts\/31949\/revisions\/32015"}],"wp:featuredmedia":[{"embeddable":true,"href":"https:\/\/vocesparalelas.com.ar\/sitio\/wp-json\/wp\/v2\/media\/31950"}],"wp:attachment":[{"href":"https:\/\/vocesparalelas.com.ar\/sitio\/wp-json\/wp\/v2\/media?parent=31949"}],"wp:term":[{"taxonomy":"category","embeddable":true,"href":"https:\/\/vocesparalelas.com.ar\/sitio\/wp-json\/wp\/v2\/categories?post=31949"},{"taxonomy":"post_tag","embeddable":true,"href":"https:\/\/vocesparalelas.com.ar\/sitio\/wp-json\/wp\/v2\/tags?post=31949"}],"curies":[{"name":"wp","href":"https:\/\/api.w.org\/{rel}","templated":true}]}}