{"id":31930,"date":"2020-10-16T15:12:23","date_gmt":"2020-10-16T18:12:23","guid":{"rendered":"http:\/\/vocesparalelas.com.ar\/sitio\/?p=31930"},"modified":"2020-10-16T15:12:23","modified_gmt":"2020-10-16T18:12:23","slug":"hacia-el-sueno-de-la-ampliacion-de-la-meglioli-en-el-departamento-rivadavia","status":"publish","type":"post","link":"https:\/\/vocesparalelas.com.ar\/sitio\/hacia-el-sueno-de-la-ampliacion-de-la-meglioli-en-el-departamento-rivadavia\/","title":{"rendered":"Hacia el sue\u00f1o de la ampliaci\u00f3n de la Meglioli en el Departamento Rivadavia"},"content":{"rendered":"<p>El Martes, 6 de Octubre, el intendente de la Municipalidad de Rivadavia, Dr. Fabi\u00e1n Mart\u00edn recibi\u00f3 al Rector de la Universidad Nacional de San Juan, Dr. Oscar Nasisi y el Decano de la Facultad de Arquitectura, Urbanismo y Dise\u00f1o de la UNSJ, Arq. Roberto G\u00f3mez, cuyo tema central es la ampliaci\u00f3n de la arteria Meglioli entre Ignacio de la Roza y Rep\u00fablica del L\u00edbano, Departamento Rivadavia.<\/p>\n<p>Es importante recordar que en el CUIM de la UNSJ, comprende su l\u00edmite Oeste que se inicia en la Meglioli donde se encuentra la entrada vehicular y peatonal. En la vereda de enfrente se encuentran varios barrios que permite que la cantidad de poblaci\u00f3n haya aumentado considerablemente cuyo acceso a la zona cada d\u00eda se hace m\u00e1s complicada para los que la transitan.<\/p>\n<p><img loading=\"lazy\" decoding=\"async\" class=\"alignnone wp-image-31941 size-full\" src=\"https:\/\/vocesparalelas.com.ar\/sitio\/wp-content\/uploads\/2020\/10\/FAUD-MEGLIOLI-10.jpg\" alt=\"\" width=\"800\" height=\"533\" srcset=\"https:\/\/vocesparalelas.com.ar\/sitio\/wp-content\/uploads\/2020\/10\/FAUD-MEGLIOLI-10.jpg 800w, https:\/\/vocesparalelas.com.ar\/sitio\/wp-content\/uploads\/2020\/10\/FAUD-MEGLIOLI-10-300x200.jpg 300w, https:\/\/vocesparalelas.com.ar\/sitio\/wp-content\/uploads\/2020\/10\/FAUD-MEGLIOLI-10-768x512.jpg 768w\" sizes=\"auto, (max-width: 800px) 100vw, 800px\" \/><\/p>\n<p><img loading=\"lazy\" decoding=\"async\" class=\"alignnone wp-image-31940 size-full\" src=\"https:\/\/vocesparalelas.com.ar\/sitio\/wp-content\/uploads\/2020\/10\/FAUD-MEGLIOLI-09.jpg\" alt=\"\" width=\"800\" height=\"533\" srcset=\"https:\/\/vocesparalelas.com.ar\/sitio\/wp-content\/uploads\/2020\/10\/FAUD-MEGLIOLI-09.jpg 800w, https:\/\/vocesparalelas.com.ar\/sitio\/wp-content\/uploads\/2020\/10\/FAUD-MEGLIOLI-09-300x200.jpg 300w, https:\/\/vocesparalelas.com.ar\/sitio\/wp-content\/uploads\/2020\/10\/FAUD-MEGLIOLI-09-768x512.jpg 768w\" sizes=\"auto, (max-width: 800px) 100vw, 800px\" \/><\/p>\n<p><img loading=\"lazy\" decoding=\"async\" class=\"alignnone wp-image-31942 size-full\" src=\"https:\/\/vocesparalelas.com.ar\/sitio\/wp-content\/uploads\/2020\/10\/FAUD-MEGLIOLI-11.jpg\" alt=\"\" width=\"800\" height=\"600\" srcset=\"https:\/\/vocesparalelas.com.ar\/sitio\/wp-content\/uploads\/2020\/10\/FAUD-MEGLIOLI-11.jpg 800w, https:\/\/vocesparalelas.com.ar\/sitio\/wp-content\/uploads\/2020\/10\/FAUD-MEGLIOLI-11-300x225.jpg 300w, https:\/\/vocesparalelas.com.ar\/sitio\/wp-content\/uploads\/2020\/10\/FAUD-MEGLIOLI-11-768x576.jpg 768w\" sizes=\"auto, (max-width: 800px) 100vw, 800px\" \/><\/p>\n<p>Adem\u00e1s, a lo largo de la arteria Meglioli se han construido muchos barrios y emprendimientos que hacen que la zona haya cambiado con tintes culturales provocando el aumento de poblaci\u00f3n como as\u00ed tambi\u00e9n el ingreso y egreso de veh\u00edculos de gran porte como colectivos de pasajeros de distintos departamentos para permitir que los alumnos que concurren a las distintas facultades como as\u00ed tambi\u00e9n camiones de gran porte.<\/p>\n<p>Es interesante considerar que es una arteria que une los Departamentos de Rivadavia, Rawson y Pocito donde el espacio cultural se conjuga entre lo habitacional, la agricultura, bodegas, actividades tur\u00edsticas, sociales y dem\u00e1s. Otro aspecto a considerar que se presenta un juego entre el espacio cultural y natural que embellecen a la zona.<\/p>\n<p>En otras palabras, el trabajo de ensanchar la arteria Meglioli se hace muy necesaria para beneficiar a todos los usuarios de la zona porque se ha transformado como una v\u00eda de acceso y egreso muy concurrido.<\/p>\n<figure id=\"attachment_30963\" aria-describedby=\"caption-attachment-30963\" style=\"width: 800px\" class=\"wp-caption alignnone\"><img loading=\"lazy\" decoding=\"async\" class=\"wp-image-30963 size-full\" src=\"https:\/\/vocesparalelas.com.ar\/sitio\/wp-content\/uploads\/2020\/09\/DECANO-GOMEZ.jpg\" alt=\"\" width=\"800\" height=\"533\" srcset=\"https:\/\/vocesparalelas.com.ar\/sitio\/wp-content\/uploads\/2020\/09\/DECANO-GOMEZ.jpg 800w, https:\/\/vocesparalelas.com.ar\/sitio\/wp-content\/uploads\/2020\/09\/DECANO-GOMEZ-300x200.jpg 300w, https:\/\/vocesparalelas.com.ar\/sitio\/wp-content\/uploads\/2020\/09\/DECANO-GOMEZ-768x512.jpg 768w\" sizes=\"auto, (max-width: 800px) 100vw, 800px\" \/><figcaption id=\"caption-attachment-30963\" class=\"wp-caption-text\">Candidato a Rector de la UNSJ por la lista #SomosLaUNSJ y actual Decano de la Facultad de Arquitectura, Urbanismo y Dise\u00f1o de la Universidad Nacional de San Juan, Arq. Roberto G\u00f3mez,<\/figcaption><\/figure>\n<p>Voces Paralelas entrevist\u00f3 al Decano de la Facultad de Arquitectura, Urbanismo y Dise\u00f1o de la UNSJ, Arq. Roberto G\u00f3mez, quien explic\u00f3 que \u201cla reuni\u00f3n fue muy positiva porque no s\u00f3lo beneficia al CUIM de la UNSJ, que contiene a las Facultades de Ciencias Sociales, a la de Ciencias Exactas F\u00edsicas y Naturales, a la de Arquitectura, Urbanismo y Dise\u00f1o, la Radio Universidad y otras dependencias para el ingreso y egreso de los alumnos y del personal que asiste.<\/p>\n<p>\u201cEl motivo de la reuni\u00f3n es para aunar esfuerzos para alentar o promover gestiones ante el Gobierno de San Juan para la obra de la ampliaci\u00f3n de la calle Meglioli. Es importante destacar que el Gobierno de San Juan tiene previsto ensanchar la trocha con 4 v\u00edas para lo cual necesita la donaci\u00f3n por parte del CUIM de la UNSJ unos metros hacia el interior desde donde est\u00e1 colocado el alambrado de divisi\u00f3n del predio.<\/p>\n<p>\u00abEsta obra es de vital importancia para la UNSJ, para el Departamento Rivadavia y para la Provincia\u00bb.<\/p>\n<p>\u00abEsto implica mejoras para el ingreso y egreso vehicular como para los alumnos y docentes que asisten en una arteria con mucho transito. Esta obra permite que haya un acceso debidamente marcada con un transito peatonal segura por la vereda\u00bb.<\/p>\n<p>\u00abEste avance es un sue\u00f1o que hace muchos a\u00f1os que venimos trabajando y en las distintas gestiones se fueron agilizando tr\u00e1mites, se habl\u00f3 con el secretario de Obras del Gobierno de San Juan, antiguamente con Jos\u00e9 Illanes y ahora con el Ing. Alberto Demartini\u00bb.<\/p>\n<p>\u201cEsta iniciativa ya la vamos a llevar con el Ministro de Obras y Servicios P\u00fablicas, Ing. Julio Ortiz Andino porque el proyecto est\u00e1 consensuado y evaluado. Las mensuras fueron realizadas por el personal de la Facultad de Ingenenier\u00eda, que fue una colaboraci\u00f3n hacia el trabajo que queremos hacer en el CUIM de la UNSJ\u201d.<\/p>\n<p>\u201cEn s\u00edntesis ya estamos en condiciones en el terreno que debe donar el CUIM de la UNSJ a la provincia para que se ensanche la arteria Meglioli\u201d.<\/p>\n<p>\u201cLa reuni\u00f3n con el intendente fue muy fruct\u00edfera porque esta obra no s\u00f3lo beneficia al CUIM de la UNSJ sino al departamento Rivadavia. Paso a paso se va concretando los avances\u201d \u2013 concluy\u00f3 el Decano de la FAUD de la UNSJ, Arq. Roberto G\u00f3mez<\/p>\n<p>Voces Paralelas convers\u00f3 con varios vecinos y manifestaron que esta obra de ensanche hace muchos a\u00f1os que se habla y que esperan que en la gesti\u00f3n del intendente del Dr. Fabi\u00e1n Mart\u00edn se logre ya que pasan los gobiernos y no se concreta.<\/p>\n<p>Adem\u00e1s, cada d\u00eda que pasa se pone m\u00e1s dif\u00edcil de cruzar la Meglioli por la gran cantidad de transito vehicular. Esta zona se ha ampliado tanto con barrios que la gente circula mucho. Las carreras de las facultades atraen alumnos y los docentes circulan transformando este espacio con m\u00e1s gente.<\/p>\n<p>&nbsp;<\/p>\n<p><img loading=\"lazy\" decoding=\"async\" class=\"alignnone wp-image-31934 size-full\" src=\"https:\/\/vocesparalelas.com.ar\/sitio\/wp-content\/uploads\/2020\/10\/FAUD-MEGLIOLI-03.jpg\" alt=\"\" width=\"800\" height=\"533\" srcset=\"https:\/\/vocesparalelas.com.ar\/sitio\/wp-content\/uploads\/2020\/10\/FAUD-MEGLIOLI-03.jpg 800w, https:\/\/vocesparalelas.com.ar\/sitio\/wp-content\/uploads\/2020\/10\/FAUD-MEGLIOLI-03-300x200.jpg 300w, https:\/\/vocesparalelas.com.ar\/sitio\/wp-content\/uploads\/2020\/10\/FAUD-MEGLIOLI-03-768x512.jpg 768w\" sizes=\"auto, (max-width: 800px) 100vw, 800px\" \/> \u00a0<img loading=\"lazy\" decoding=\"async\" class=\"alignnone wp-image-31938 size-full\" src=\"https:\/\/vocesparalelas.com.ar\/sitio\/wp-content\/uploads\/2020\/10\/FAUD-MEGLIOLI-07.jpg\" alt=\"\" width=\"800\" height=\"533\" srcset=\"https:\/\/vocesparalelas.com.ar\/sitio\/wp-content\/uploads\/2020\/10\/FAUD-MEGLIOLI-07.jpg 800w, https:\/\/vocesparalelas.com.ar\/sitio\/wp-content\/uploads\/2020\/10\/FAUD-MEGLIOLI-07-300x200.jpg 300w, https:\/\/vocesparalelas.com.ar\/sitio\/wp-content\/uploads\/2020\/10\/FAUD-MEGLIOLI-07-768x512.jpg 768w\" sizes=\"auto, (max-width: 800px) 100vw, 800px\" \/><\/p>\n<p>&nbsp;<\/p>\n","protected":false},"excerpt":{"rendered":"<p>El Martes, 6 de Octubre, el intendente de la Municipalidad de Rivadavia, Dr. Fabi\u00e1n Mart\u00edn recibi\u00f3 al Rector de la<\/p>\n","protected":false},"author":3,"featured_media":31943,"comment_status":"closed","ping_status":"closed","sticky":false,"template":"","format":"standard","meta":{"_acf_changed":false,"_seopress_robots_primary_cat":"","_seopress_titles_title":"","_seopress_titles_desc":"","_seopress_robots_index":"","colormag_page_container_layout":"default_layout","colormag_page_sidebar_layout":"default_layout","footnotes":""},"categories":[1],"tags":[],"class_list":["post-31930","post","type-post","status-publish","format-standard","has-post-thumbnail","hentry","category-destacadas"],"acf":[],"_links":{"self":[{"href":"https:\/\/vocesparalelas.com.ar\/sitio\/wp-json\/wp\/v2\/posts\/31930","targetHints":{"allow":["GET"]}}],"collection":[{"href":"https:\/\/vocesparalelas.com.ar\/sitio\/wp-json\/wp\/v2\/posts"}],"about":[{"href":"https:\/\/vocesparalelas.com.ar\/sitio\/wp-json\/wp\/v2\/types\/post"}],"author":[{"embeddable":true,"href":"https:\/\/vocesparalelas.com.ar\/sitio\/wp-json\/wp\/v2\/users\/3"}],"replies":[{"embeddable":true,"href":"https:\/\/vocesparalelas.com.ar\/sitio\/wp-json\/wp\/v2\/comments?post=31930"}],"version-history":[{"count":1,"href":"https:\/\/vocesparalelas.com.ar\/sitio\/wp-json\/wp\/v2\/posts\/31930\/revisions"}],"predecessor-version":[{"id":31944,"href":"https:\/\/vocesparalelas.com.ar\/sitio\/wp-json\/wp\/v2\/posts\/31930\/revisions\/31944"}],"wp:featuredmedia":[{"embeddable":true,"href":"https:\/\/vocesparalelas.com.ar\/sitio\/wp-json\/wp\/v2\/media\/31943"}],"wp:attachment":[{"href":"https:\/\/vocesparalelas.com.ar\/sitio\/wp-json\/wp\/v2\/media?parent=31930"}],"wp:term":[{"taxonomy":"category","embeddable":true,"href":"https:\/\/vocesparalelas.com.ar\/sitio\/wp-json\/wp\/v2\/categories?post=31930"},{"taxonomy":"post_tag","embeddable":true,"href":"https:\/\/vocesparalelas.com.ar\/sitio\/wp-json\/wp\/v2\/tags?post=31930"}],"curies":[{"name":"wp","href":"https:\/\/api.w.org\/{rel}","templated":true}]}}