{"id":31923,"date":"2020-10-15T23:51:03","date_gmt":"2020-10-16T02:51:03","guid":{"rendered":"http:\/\/vocesparalelas.com.ar\/sitio\/?p=31923"},"modified":"2020-10-15T23:51:03","modified_gmt":"2020-10-16T02:51:03","slug":"seminario-web-reflexiones-en-primera-persona","status":"publish","type":"post","link":"https:\/\/vocesparalelas.com.ar\/sitio\/seminario-web-reflexiones-en-primera-persona\/","title":{"rendered":"Seminario web \u201cReflexiones en primera persona\u201d"},"content":{"rendered":"<div class=\"itemFullText jbintrotext\">\n<p>El\u00a0 vicegobernador y presidente nato de la C\u00e1mara de Diputados de San Juan, CPN Roberto Gattoni particip\u00f3 este jueves a trav\u00e9s de la plataforma virtual, del seminario web \u201cReflexiones en primera persona\u201d, desarrollado en el marco del tercer Webinar de Argentina Impacta, del que participaron importantes disertantes con el cierre del reconocido neur\u00f3logo Facundo Manes.<\/p>\n<\/div>\n<div class=\"itemFullText\">\n<p>Este ciclo de tres webinars para debatir sobre Triple Impacto y nuevos modelos de negocios, fue organizado por el Gobierno de San Juan, a trav\u00e9s de la Agencia de Inversiones San Juan del Ministerio de Producci\u00f3n y Desarrollo Econ\u00f3mico junto al Programa de Naciones Unidas para el Desarrollo &#8211; PNUD &#8211; en Argentina.<\/p>\n<p>El vicegobernador Gattoni formul\u00f3 una rese\u00f1a de la actualidad econ\u00f3mica de San Juan, como tambi\u00e9n dispens\u00f3 la ausencia del gobernador Dr. Sergio U\u00f1ac, quien no pudo tomar parte del encuentro porque particip\u00f3 de una visita a la mina Veladero.<\/p>\n<p>Asimismo, el titular del Poder Legislativo, ofreci\u00f3 un panorama acerca de las leyes introducidas a trav\u00e9s del Acuerdo San Juan como la de Paridad de G\u00e9nero, Compre San Juan, entre otras, como tambi\u00e9n aquellas que forman parte de las pol\u00edticas de Estado de la provincia como el Programa 1000 D\u00edas.<\/p>\n<p>Previamente, fue exhibido un video y a continuaci\u00f3n hizo uso de la palabra el titular de la Agencia San Juan de Desarrollo de Inversiones,Fabi\u00e1n Ejarque, quien destac\u00f3 el trabajo que viene realiz\u00e1ndose desde la Agencia junto al PNUD para la puesta en marcha de estas webinars de las que participaron referentes de las finanzas sostenibles, expertos en medici\u00f3n de impacto, empresarios, funcionarios p\u00fablicos y l\u00edderes de opini\u00f3n para compartir experiencias, visiones y reflexiones sobre el desarrollo sostenible.<\/p>\n<p>Tambi\u00e9n particip\u00f3 el representante residente adjunto del PNUD en la oficina de la Rep\u00fablica Argentina, Valent\u00edn Gonz\u00e1lez, de nacionalidad cubana, m\u00e1ster en Ciencias de la Computaci\u00f3n de la Universidad T\u00e9cnica Electr\u00f3nica de San Petersburgo (Rusia), quien destac\u00f3 el trabajo realizado y la colaboraci\u00f3n entre las \u00e1reas.<\/p>\n<p><img loading=\"lazy\" decoding=\"async\" class=\"alignnone wp-image-31927 size-full\" src=\"https:\/\/vocesparalelas.com.ar\/sitio\/wp-content\/uploads\/2020\/10\/CAMARA-ONLINE-02.jpg\" alt=\"\" width=\"800\" height=\"602\" srcset=\"https:\/\/vocesparalelas.com.ar\/sitio\/wp-content\/uploads\/2020\/10\/CAMARA-ONLINE-02.jpg 800w, https:\/\/vocesparalelas.com.ar\/sitio\/wp-content\/uploads\/2020\/10\/CAMARA-ONLINE-02-300x226.jpg 300w, https:\/\/vocesparalelas.com.ar\/sitio\/wp-content\/uploads\/2020\/10\/CAMARA-ONLINE-02-768x578.jpg 768w\" sizes=\"auto, (max-width: 800px) 100vw, 800px\" \/><\/p>\n<p>Por otra parte, lo hizo adem\u00e1s Mar\u00eda Laura Tinelli, directora de Acrux Partners, Magister en Estudios del Desarrollo, de la Universidad de Londres SOAS y especializada en Finanzas para Profesionales en Sustentabilidad, en la Universidad de San Andr\u00e9s, Escocia e Inversiones en Capital Privado, Sa\u00efd Business School, Universidad de Oxford, Inglaterra, quien desde Inglaterra brind\u00f3 su visi\u00f3n sobre la realidad Latinoamericana, de Argentina y de manera particular las posibilidades de inversiones en San Juan y los mecanismos que deben realizar los gobiernos para atraerlas.<\/p>\n<p><img loading=\"lazy\" decoding=\"async\" class=\"alignnone wp-image-31926 size-full\" src=\"https:\/\/vocesparalelas.com.ar\/sitio\/wp-content\/uploads\/2020\/10\/CAMARA-ONLINE-03.jpg\" alt=\"\" width=\"800\" height=\"608\" srcset=\"https:\/\/vocesparalelas.com.ar\/sitio\/wp-content\/uploads\/2020\/10\/CAMARA-ONLINE-03.jpg 800w, https:\/\/vocesparalelas.com.ar\/sitio\/wp-content\/uploads\/2020\/10\/CAMARA-ONLINE-03-300x228.jpg 300w, https:\/\/vocesparalelas.com.ar\/sitio\/wp-content\/uploads\/2020\/10\/CAMARA-ONLINE-03-768x584.jpg 768w\" sizes=\"auto, (max-width: 800px) 100vw, 800px\" \/><\/p>\n<p>Cerr\u00f3 la lista de oradores el prestigioso neur\u00f3logo, el Dr. Facundo Manes, fundador de la Fundaci\u00f3n INECO y del Instituto de Neurociencias de la Fundaci\u00f3n Favaloro, PhD en Ciencias de la Universidad de Cambridge en Inglaterra, quien con su particular impronta abord\u00f3 la tem\u00e1tica \u201cLos desaf\u00edos del d\u00eda despu\u00e9s\u201d en la que consider\u00f3 en la necesidad de pensar el futuro, desarrollar un futuro colectivo y que la salud humana est\u00e1 vinculada a la salud del planeta.<\/p>\n<p><img loading=\"lazy\" decoding=\"async\" class=\"alignnone wp-image-31925 size-full\" src=\"https:\/\/vocesparalelas.com.ar\/sitio\/wp-content\/uploads\/2020\/10\/CAMARA-ONLINE-05.jpg\" alt=\"\" width=\"800\" height=\"676\" srcset=\"https:\/\/vocesparalelas.com.ar\/sitio\/wp-content\/uploads\/2020\/10\/CAMARA-ONLINE-05.jpg 800w, https:\/\/vocesparalelas.com.ar\/sitio\/wp-content\/uploads\/2020\/10\/CAMARA-ONLINE-05-300x254.jpg 300w, https:\/\/vocesparalelas.com.ar\/sitio\/wp-content\/uploads\/2020\/10\/CAMARA-ONLINE-05-768x649.jpg 768w\" sizes=\"auto, (max-width: 800px) 100vw, 800px\" \/><\/p>\n<\/div>\n","protected":false},"excerpt":{"rendered":"<p>El\u00a0 vicegobernador y presidente nato de la C\u00e1mara de Diputados de San Juan, CPN Roberto Gattoni particip\u00f3 este jueves a<\/p>\n","protected":false},"author":3,"featured_media":31924,"comment_status":"closed","ping_status":"closed","sticky":false,"template":"","format":"standard","meta":{"_acf_changed":false,"_seopress_robots_primary_cat":"","_seopress_titles_title":"","_seopress_titles_desc":"","_seopress_robots_index":"","colormag_page_container_layout":"default_layout","colormag_page_sidebar_layout":"default_layout","footnotes":""},"categories":[1],"tags":[],"class_list":["post-31923","post","type-post","status-publish","format-standard","has-post-thumbnail","hentry","category-destacadas"],"acf":[],"_links":{"self":[{"href":"https:\/\/vocesparalelas.com.ar\/sitio\/wp-json\/wp\/v2\/posts\/31923","targetHints":{"allow":["GET"]}}],"collection":[{"href":"https:\/\/vocesparalelas.com.ar\/sitio\/wp-json\/wp\/v2\/posts"}],"about":[{"href":"https:\/\/vocesparalelas.com.ar\/sitio\/wp-json\/wp\/v2\/types\/post"}],"author":[{"embeddable":true,"href":"https:\/\/vocesparalelas.com.ar\/sitio\/wp-json\/wp\/v2\/users\/3"}],"replies":[{"embeddable":true,"href":"https:\/\/vocesparalelas.com.ar\/sitio\/wp-json\/wp\/v2\/comments?post=31923"}],"version-history":[{"count":1,"href":"https:\/\/vocesparalelas.com.ar\/sitio\/wp-json\/wp\/v2\/posts\/31923\/revisions"}],"predecessor-version":[{"id":31929,"href":"https:\/\/vocesparalelas.com.ar\/sitio\/wp-json\/wp\/v2\/posts\/31923\/revisions\/31929"}],"wp:featuredmedia":[{"embeddable":true,"href":"https:\/\/vocesparalelas.com.ar\/sitio\/wp-json\/wp\/v2\/media\/31924"}],"wp:attachment":[{"href":"https:\/\/vocesparalelas.com.ar\/sitio\/wp-json\/wp\/v2\/media?parent=31923"}],"wp:term":[{"taxonomy":"category","embeddable":true,"href":"https:\/\/vocesparalelas.com.ar\/sitio\/wp-json\/wp\/v2\/categories?post=31923"},{"taxonomy":"post_tag","embeddable":true,"href":"https:\/\/vocesparalelas.com.ar\/sitio\/wp-json\/wp\/v2\/tags?post=31923"}],"curies":[{"name":"wp","href":"https:\/\/api.w.org\/{rel}","templated":true}]}}