{"id":31920,"date":"2020-10-15T23:12:13","date_gmt":"2020-10-16T02:12:13","guid":{"rendered":"http:\/\/vocesparalelas.com.ar\/sitio\/?p=31920"},"modified":"2020-10-15T23:12:13","modified_gmt":"2020-10-16T02:12:13","slug":"consolidan-el-sistema-de-gestion-integral-de-residuos-solidos-urbanos","status":"publish","type":"post","link":"https:\/\/vocesparalelas.com.ar\/sitio\/consolidan-el-sistema-de-gestion-integral-de-residuos-solidos-urbanos\/","title":{"rendered":"Consolidan el Sistema de Gesti\u00f3n Integral de Residuos S\u00f3lidos Urbanos"},"content":{"rendered":"<div class=\"itemFullText jbintrotext\">\n<p>En el desarrollo de la decimoprimera sesi\u00f3n del per\u00edodo ordinario, celebrada el Jueves, 15 de Octubre, la C\u00e1mara de Diputados aprob\u00f3, entre otros asuntos, un proyecto de ley remitido por el Poder Ejecutivo que complementa la Ley N\u00ba 1114 referida\u00a0 al Sistema de Gesti\u00f3n Integral de Residuos S\u00f3lidos Urbanos.<\/p>\n<p>Adem\u00e1s, en la ocasi\u00f3n, tomaron estado parlamentario diversos proyectos de Ley que conforman la Agenda Legislativa Provincial que surgi\u00f3 a partir de una construcci\u00f3n colectiva llevada a cabo en el Acuerdo San Juan, una iniciativa de di\u00e1logo y consenso, que convoc\u00f3 a m\u00e1s de setenta sectores de la sociedad con el objetivo de retomar el crecimiento y el desarrollo econ\u00f3mico y social de la provincia, en el escenario actual de la pandemia y postpandemia.<\/p>\n<\/div>\n<div class=\"itemFullText\">\n<p>La sesi\u00f3n estuvo conducida por el vicepresidente primero del Poder Legislativo, diputado Eduardo Cabello, quien estuvo acompa\u00f1ado por los secretarios Legislativo, Dr. Nicol\u00e1s Alvo y Administrativo, Dr. Roberto Iglesias.<\/p>\n<p>Adem\u00e1s, los legisladores aprobaron un proyecto de Ley de autor\u00eda de la diputada Marcela Monti, vinculado a la modificaci\u00f3n de la Ley N\u00ba 1508-P; y otro de autor\u00eda de los legisladores Juan Carlos Gioja, Leonardo Gioja y la legisladora Graciela Seva, el cual impone el nombre a una escuela de Rawson.<\/p>\n<p>Tambi\u00e9n, dieron acuerdo a la prolongaci\u00f3n del Distanciamiento Social hasta las veinticuatro horas del d\u00eda 25 de octubre de 2020.<\/p>\n<p><span style=\"color: #dd1ceb;\"><strong>Complemento del Sistema de Gesti\u00f3n Integral de RSU<\/strong><\/span><\/p>\n<p>Tras la presentaci\u00f3n del proyecto por parte del diputado Alfredo Ortiz, como miembro informante, los legisladores convirtieron en Ley el mensaje N\u00ba 94 remitido por el Poder Ejecutivo mediante el cual propone complementar la Ley provincial N\u00ba 1114-L con el objeto de:<\/p>\n<ul>\n<li>Consolidar progresiva y solidariamente las distintas etapas previstas en el Programa Estrat\u00e9gico de Gesti\u00f3n Integral de Residuos S\u00f3lidos Urbanos (PEGIRSU) y propiciar los principios de la econom\u00eda sustentable y nuevo ciclo de vida para los materiales presentes en los residuos.<\/li>\n<li>Contribuir, mediante la adecuada separaci\u00f3n de los residuos en origen, a la ecoeficiencia de los Centros de Tratamiento y Disposici\u00f3n Final de Residuos S\u00f3lidos Urbanos (RSU) Regionales y a la minimizaci\u00f3n del enterramiento en los rellenos sanitarios.<\/li>\n<li>Asegurar el funcionamiento y accesibilidad del sistema de recolecci\u00f3n diferenciada de los residuos reciclables, de gesti\u00f3n privada y\/o p\u00fablica, mediante la instalaci\u00f3n de contenedores y log\u00edstica de transporte conveniente en los diecinueve departamentos de la Provincia.<\/li>\n<li>Proveer de materias primas recuperadas de los residuos para manufacturaci\u00f3n de productos y subproductos con agregado de valor que brinden empleo local y regional, a las industrias a instalarse en el Parque Industrial Tecnol\u00f3gico Ambiental Regional (PITAR), del Complejo Ambiental San Juan (CASJ) creado por Ley 1451-L bajo principios de ecoeficiencia, sinergias y sustentabilidad.<\/li>\n<li>Fortalecer los instrumentos y acciones de fiscalizaci\u00f3n a fin de erradicar basurales emergentes en lotes bald\u00edos y sitios cr\u00f3nicos de arrojo de residuos.<\/li>\n<li>Establecer un r\u00e9gimen de sanciones para los casos de incumplimientos a la normativa vigente.<\/li>\n<\/ul>\n<p>Adem\u00e1s, este proyecto busca establecer metas m\u00ednimas, de cumplimiento obligatorio en toda la Provincia, para las etapas de Separaci\u00f3n en Origen de los Residuos S\u00f3lidos Urbanos y la Recolecci\u00f3n Diferenciada, sea de gesti\u00f3n p\u00fablica o privada, con el objetivo de su recuperaci\u00f3n como materias primas para reciclado y transformaci\u00f3n industrial, atendiendo los siguientes plazos: 15% al 31 de diciembre de 2020; 40% al 31 de diciembre de 2022; 60% al 31 de diciembre de 2026 y 90% al 31 de diciembre de 2030.<\/p>\n<p>Durante su exposici\u00f3n, el diputado Ortiz sostuvo que \u201cesta Ley que ha enviado el Ejecutivo implementa una nueva etapa que responde a un reclamo social que es la clasificaci\u00f3n y la recolecci\u00f3n diferenciada\u201d. Seguidamente explic\u00f3 que esta normativa consta de ocho art\u00edculos en los cuales se puede apreciar aspectos que no contemplaba la Ley N\u00ba 1114 y detall\u00f3 la progresividad de metas m\u00ednimas que tiene previsto el art\u00edculo n\u00ba 2 para la separaci\u00f3n en origen de RSU y la Recolecci\u00f3n Diferenciada, sea de gesti\u00f3n p\u00fablica o privada, y son las siguientes:<\/p>\n<p>\u201c1) 15% o m\u00e1s, al 31 de diciembre de 2020.<\/p>\n<p>2) 40% o m\u00e1s, al 31 de diciembre de 2022.<\/p>\n<p>3) 60% o m\u00e1s, al 31 de diciembre de 2026.<\/p>\n<p>4) 90% o m\u00e1s, al 31 de diciembre de 2030.\u201d<\/p>\n<p>Cabe se\u00f1alar que en su art\u00edculo tercero establece que los Municipios presentar\u00e1n, para su aprobaci\u00f3n a la Autoridad de Aplicaci\u00f3n, el Programa Estrat\u00e9gico de Gesti\u00f3n Integral de RSU departamental, que deber\u00e1 contener: las pautas para alcanzar el paulatino incremento de recuperaci\u00f3n de los materiales presentes en los residuos tales como pl\u00e1sticos, papeles, cartones, textiles, tetra brik, vidrios, metales ferrosos y no ferrosos, pilas, bater\u00edas de celulares, celulares y todos aquellos que sean aprovechables para su industrializaci\u00f3n, implementaci\u00f3n de campa\u00f1as de sensibilizaci\u00f3n para la separaci\u00f3n en origen, organizaci\u00f3n de la recolecci\u00f3n diferenciada, canon para los grandes generadores, y todas las acciones que posibiliten la ecoeficiencia en las plantas de clasificaci\u00f3n; asimismo, la prohibici\u00f3n de arrojo de residuos en lugares clandestinos o en la v\u00eda p\u00fablica, y en general toda medida tendiente a mejorar las condiciones de vida y salud de la poblaci\u00f3n.<\/p>\n<p>Tambi\u00e9n, este proyecto declara de inter\u00e9s provincial el Programa Misi\u00f3n Buen Ambiente que ejecuta la Secretar\u00eda de Estado de Ambiente y Desarrollo Sustentable, con el fin de preservar la biodiversidad y construir una cultura sustentable que otorgue un objetivo de valor a los recursos naturales presentes en los residuos.<\/p>\n<p>Por otro lado instituye que los materiales recuperados en los Centros de Tratamiento y Disposici\u00f3n Final de RSU, Regionales, deber\u00e1n ser trasladados a la Regi\u00f3n 1, Parque de Tecnolog\u00edas Ambientales, a fin de que se acopie y posteriormente se tramite su venta o traslado al Parque Industrial Tecnol\u00f3gico Ambiental Regional (PITAR), asegurando, la mejor alternativa econ\u00f3mica para la Regi\u00f3n correspondiente. Todos los materiales que provengan de otras jurisdicciones, deber\u00e1n ser acopiadas en la Regi\u00f3n 1, hasta tanto la autoridad de aplicaci\u00f3n, establezca otro sitio por v\u00eda reglamentaria.<\/p>\n<p>Asimismo,\u00a0 el proyecto impone\u00a0 Sanciones para aquella persona o instituci\u00f3n\u00a0 que incurriere en alguna violaci\u00f3n o incumplimiento de lo prescripto por la presente Ley, por la Ley Provincial N\u00b0 1114-L, Ley Provincial N\u00b0 1434-L y Ley Provincial N\u00b0 1171-L.\u00a0 En este sentido establece que:<\/p>\n<ul>\n<li>ser\u00e1 sancionado, conjunta o alternativamente con: Multa entre 10.000 UT y 500.000 UT, y\/o clausura del establecimiento y\/o decomiso de unidades de transporte y\/o materiales transportados.<\/li>\n<li>Arresto seg\u00fan lo dispuesto y aplicable en forma supletoria por el C\u00f3digo de Faltas de la Provincia de San Juan Ley N\u00b0 941-R, Capitulo I, Art\u00edculos 167, 169 y 169 Bis. Multa entre 10.000 UT y 50.000 UT, y\/o arresto de 5 a 10 d\u00edas, el que realizare hechos de vandalismo, rotura o destrucci\u00f3n de embalajes de presentaci\u00f3n de residuos.<\/li>\n<li>Agravante: Cuando quien incurriere en la violaci\u00f3n o incumplimiento fuere responsable de organismos p\u00fablicos, se le aplicar\u00e1 una multa entre 30.000 UT y 800.000 UT .<\/li>\n<\/ul>\n<p>\u201cCreo que es importante comprender la trascendencia que har\u00e1 este manejo de los Residuos S\u00f3lidos Urbanos porque la autoridad de aplicaci\u00f3n, el gobierno de la provincia, va establecer todas y cada una de las campa\u00f1as en coordinaci\u00f3n con todos los municipios de la provincia. A ra\u00edz de esto prev\u00e9 la normativa que cada Municipio tiene que elaborar un plan de manejo y gesti\u00f3n de los RSU y la clasificaci\u00f3n en origen y la recolecci\u00f3n diferenciada. La visi\u00f3n de esta gesti\u00f3n ambiental est\u00e1 en esta econom\u00eda sustentable, en esta econom\u00eda circular, que modifica la actual econom\u00eda lineal, es decir, es pasar de la idea de producir, usar y\u00a0 desechar por la idea de Reducir, Reciclar y Reutilizar. De esta manera vamos a poder entre todos aportar para disminuir la contaminaci\u00f3n y cuidar el ambiente\u201d, concluy\u00f3 su fundamentaci\u00f3n el diputado Ortiz.<\/p>\n<p><span style=\"color: #dd1ceb;\"><strong>Modificaci\u00f3n de la Ley N\u00ba 1508-P<\/strong><\/span><\/p>\n<p>Luego, los legisladores aprobaron el proyecto de Ley presentado y fundamentado durante la sesi\u00f3n por la diputada Marcela Monti, el cual propone modificar los art\u00edculos 1\u00ba y 2\u00ba de la ley N\u00ba 1508-P que instituye el \u201cD\u00eda de los talleres comunitarios\u201d, los cuales quedar\u00e1n redactados de la siguiente forma:<\/p>\n<p>\u201cART\u00cdCULO 1\u00ba- Se instituye en la provincia de San Juan el d\u00eda 14 de octubre como \u201cD\u00eda provincial de los Emprendedores Sociales\u201d<\/p>\n<p>\u201cART\u00cdCULO 2\u00ba- Encomi\u00e9ndese al Ministerio de Desarrollo Humano y Promoci\u00f3n Social, a trav\u00e9s de la Direcci\u00f3n de Emprendedores Sociales a la que en futuro lo reemplace, a realizar actividades que promocionen su actividad\u201d.<\/p>\n<p>Durante la exposici\u00f3n, la diputada Monti explic\u00f3 el origen de la celebraci\u00f3n del \u201cD\u00eda de los Talleres Comunitarios\u201d y sostuvo que \u201cen la actualidad hay alrededor de mil emprendimientos productivos y la idea de modificaci\u00f3n de esta ley de celebrar el 14 de octubre el D\u00eda de los Talleres Comunitario, es ahora denominarlos Emprendimientos Sociales, de hecho la Direcci\u00f3n que est\u00e1 dentro del Ministerio de Desarrollo Humano ha cambiado su nombre, ya no es m\u00e1s Direcci\u00f3n de Talleres Comunitarios sino Direcci\u00f3n de Emprendimiento Social. Si nosotros buscamos el significado de la palabra emprendedor y leemos que son aquellas personas que buscan una soluci\u00f3n innovadora para problemas cotidianos de la sociedad, que son visionarios, que tienen ideas creativas y que pueden concretarse de forma sencilla\u201d.<\/p>\n<p>Seguidamente, agreg\u00f3 que \u201cel emprendimiento social es colectivo, es una producci\u00f3n de bienes y servicios para la comunidad y tiene un gran impacto social. Su visi\u00f3n est\u00e1 orientada a rescatar a todas aquellas personas que de alguna u otra manera est\u00e1n en riesgo y esto les permite aparte de tener un ingreso econ\u00f3mico, elevar su autoestima y sentirse \u00fatiles en la sociedad en la cual est\u00e1n insertos. Esta modificaci\u00f3n es un pedido de\u00a0 la Direcci\u00f3n de Emprendedores Sociales del Ministerio de Desarrollo Humano, a trav\u00e9s de su ministro Fabi\u00e1n Aballay y la directora, Ver\u00f3nica D\u00edaz\u201d.<\/p>\n<p><span style=\"color: #dd1ceb;\">\u00a0<strong>Imponen nombre \u201cRuth Harf\u201d a escuela de Rawson<\/strong><\/span><\/p>\n<p>Despu\u00e9s, el cuerpo legislativo aprob\u00f3 el proyecto de Ley, de autor\u00eda de los diputados Juan Carlos Gioja, Graciela Seva y Leonardo Gioja, que impone el nombre de \u201cRuth Harf\u201d a la Escuela de Nivel Inicial E.N.I. N\u00b0 52, ubicada en calle Yapey\u00fa s\/N\u00b0, B\u00b0 Salvador Mar\u00eda del Carril, departamento Rawson.<\/p>\n<p>En la ocasi\u00f3n, el diputado Juan Carlos Gioja, en su car\u00e1cter de miembro informante, brind\u00f3 detalles de la vida de Ruth Harf, quien fue una destacada maestra y profesora normal nacional de jard\u00edn de infantes, licenciada en Ciencias de la Educaci\u00f3n, en Psicolog\u00eda y especialista en Teor\u00eda y T\u00e9cnicas Psicopedag\u00f3gicas.<\/p>\n<p>\u201cSu formaci\u00f3n y su pr\u00e1ctica ha permanecido siempre al servicio de la educaci\u00f3n p\u00fablica. En su trayectoria, destacamos su experiencia como profesora en la Universidad de Buenos Aires y otras universidades. Directora del Centro de Formaci\u00f3n Constructivista y coordinadora de Equipos de Capacitaci\u00f3n de Servicios para directivos para nivel inicial; asesora de distintos ministros de educaci\u00f3n y ha escrito numerosos libros\u201d, se\u00f1al\u00f3 el diputado Juan Carlos Gioja.<\/p>\n<p><span style=\"color: #dd1ceb;\"><strong>Extensi\u00f3n del Distanciamiento Social<\/strong><\/span><\/p>\n<p>Sobre tablas, los diputados aprobaron la comunicaci\u00f3n oficial remitida por el Poder Ejecutivo por la que da noticia de la sanci\u00f3n de la Ley de Necesidad y Urgencia N\u00ba 2128-P, por la que adhiere al DECNU Nacional N\u00ba 792-2020 que establece la vigencia del Distanciamiento Social hasta las veinticuatro horas del d\u00eda 25 de octubre de 2020.<\/p>\n<p>En la oportunidad, el diputado Gustavo Rodr\u00edguez fue el encargado de fundamentar este asunto y durante su alocuci\u00f3n hizo referencia al decreto presidencial que solicita el aislamiento preventivo y social para los departamentos Rawson y Capital. En este sentido, explic\u00f3 que la Naci\u00f3n tom\u00f3 esta decisi\u00f3n debido al incremento de casos positivos de COVID y luego, se\u00f1al\u00f3 que \u201cdeja a la provincia la libertad de acci\u00f3n, a trav\u00e9s del art\u00edculo 14 de esta ley nacional, de seguir realizando en ambos departamentos las distintas actividades econ\u00f3micas, industriales, de servicios, comerciales, sociales e incluso algunas recreativas donde no haya un n\u00famero importante de gente para poder cumplir con el distanciamiento\u201d.<\/p>\n<p>\u201cPedimos la responsabilidad social de cada uno de los sanjuaninos para que podamos salir airoso de esta pandemia. Si cada uno de nosotros cumplimos las medidas de distanciamiento, que es el \u00fanico tratamiento efectivo que tenemos hasta el momento vamos a poder mitigar los efectos de esta pandemia\u201d concluy\u00f3 el diputado Gustavo Rodr\u00edguez.<\/p>\n<p><span style=\"color: #dd1ceb;\"><strong>Proyecto de Resoluci\u00f3n<\/strong><\/span><\/p>\n<p>M\u00e1s tarde, los legisladores aprobaron los siguientes proyectos de resoluci\u00f3n que proponen declarar de inter\u00e9s:<\/p>\n<ul>\n<li>\u201cSocial y cultural\u201d,\u00a0 la participaci\u00f3n de j\u00f3venes sanjuaninos en el Programa Nacional de Voluntariado Scout desarrollado en el contexto de la emergencia sanitaria COVID 19, a trav\u00e9s de la Asociaci\u00f3n Civil Scout Argentina, Zona 35 San Juan, durante el a\u00f1o 2020. (autor\u00eda diputado Gast\u00f3n Berenguer)<\/li>\n<li>\u201cSocial, educativo y cultural\u201d la celebraci\u00f3n del 32\u00ba aniversario de la fundaci\u00f3n de la Uni\u00f3n Vecinal Barrio Aramburu ubicada en el Barrio Aramburu, departamento Rivadavia, de la provincia de San Juan. (autor\u00eda diputado Sergio Miodowsky)<\/li>\n<li>\u201cArt\u00edstico, Cultural, y Social\u201d la muestra de artes pl\u00e1sticas \u201cHumanidad Vital\u201d de autor\u00eda de la licenciada en Artes Visuales, Anal\u00eda Russo, a realizarse el d\u00eda 16 de octubre del corriente a\u00f1o, en la Galer\u00eda de Arte Artify. ( autor\u00eda diputado Juan Carlos Abarca).<\/li>\n<\/ul>\n<p><span style=\"color: #dd1ceb;\"><strong>Proyecto de Declaraci\u00f3n<\/strong><\/span><\/p>\n<p>A continuaci\u00f3n, los legisladores aprobaron sobre tablas un proyecto de declaraci\u00f3n de autor\u00eda del diputado Juan Carlos Abarca mediante el cual expresa su benepl\u00e1cito al proyecto de Ley presentado ante la C\u00e1mara de Diputados de la Naci\u00f3n, que tiene por objeto modificar la Ley Nacional 25.565, a efectos de incorporar a San Juan entre las provincias beneficiadas con el financiamiento de las compensaciones tarifarias y as\u00ed obtener una tarifa justa, equitativa y razonable de gas en la provincia de San Juan.<\/p>\n<p><strong><span style=\"color: #dd1ceb;\">Proyecto de Comunicaci\u00f3n derivado nuevamente al tratamiento en comisiones<\/span><\/strong><\/p>\n<p>Por \u00faltimo, el cuerpo parlamentario decidi\u00f3, a propuesta del diputado Edgardo Sancassani, enviar el asunto quinto del orden del d\u00eda a su estudio en las comisiones. \u00a0Este proyecto de Comunicaci\u00f3n es de autor\u00eda del diputado Edgardo Sancassani y solicita a los legisladores nacionales representantes de la provincia de San Juan en el Congreso de la Naci\u00f3n Argentina, que realicen las gestiones necesarias y conducentes a fin de que la Comisi\u00f3n Bicameral Permanente valide el DECNU-2020-690-APN-PTE, que tiene por objeto declarar a los Servicios de las Tecnolog\u00edas de la Informaci\u00f3n y las Comunicaciones (TIC) y el acceso a las redes de telecomunicaciones como servicios p\u00fablicos esenciales.<\/p>\n<p><span style=\"color: #dd1ceb;\"><strong>Proyectos que ser\u00e1n girados a las Comisiones<\/strong><\/span><\/p>\n<p>En el marco del<strong>\u00a0Acuerdo San Juan,<\/strong> tomaron estado parlamentario los siguientes proyectos de ley que proponen:<\/p>\n<ul>\n<li>Establecer paridad de g\u00e9neros, participaci\u00f3n equitativa, para todos los cargos electivos legislativos en orden provincial y municipal, modificando el art\u00edculo 134 de la Ley N\u00ba 1268- N.<\/li>\n<li>Modificar la Ley N\u00ba 151-I, C\u00f3digo Tributario de la provincia de San Juan y la Ley N\u00ba 2026- I Impositiva a\u00f1o fiscal 2020. (rebajas a los impuestos en la constituci\u00f3n de sociedades)<\/li>\n<li>Establecer en la provincia de San Juan un R\u00e9gimen de Compre Sanjuanino.<\/li>\n<li>Modificaci\u00f3n a la Ley de Regal\u00edas Mineras.<\/li>\n<li>Crear R\u00e9gimen de Promoci\u00f3n Cultural (Mecenazgo Cultural).<\/li>\n<li>Modificar parcialmente la Ley N\u00ba 863-A, disponiendo la reducci\u00f3n parcial y progresiva de los montos a incluir en la facturaci\u00f3n de los usuarios del servicio p\u00fablico de distribuci\u00f3n de energ\u00eda el\u00e9ctrica.<\/li>\n<li>Modificar parcialmente la Ley N\u00ba 789-A, referida al Fondo Especial para l\u00ednea de Interconexi\u00f3n en 500 KV entre Mendoza y San Juan.<\/li>\n<\/ul>\n<p>Adem\u00e1s, los legisladores enviaron a estudio y an\u00e1lisis de las respectivas comisiones los siguientes proyectos de Ley que proponen:<\/p>\n<ul>\n<li>Aprobar en todas sus partes el convenio espec\u00edfico de colaboraci\u00f3n entre el gobierno de la provincia de San Juan \u2013 Argentina- y la Uni\u00f3n Iberoamericana de Municipalistas UIM. (Poder Ejecutivo)<\/li>\n<li>Aprobar el convenio espec\u00edfico de asistencia y cooperaci\u00f3n suscripto entre el Gobierno de la provincia de San Juan y la Facultad de Ciencias Qu\u00edmicas y Tecnol\u00f3gicas de la Universidad Cat\u00f3lica de Cuyo. (Poder Ejecutivo)<\/li>\n<li>Crear el R\u00e9gimen de pilas y bater\u00edas fuera de uso. (Poder Ejecutivo)<\/li>\n<li>Modificar la Ley\u00a0 Tributaria Anual N\u00ba 2026-I. (Poder Ejecutivo)<\/li>\n<li>Ratificar en todas sus partes el convenio de ejecuci\u00f3n Plan Nacional Argentina contra el Hambre Plan Nacional de Seguridad Alimentaria, celebrado entre la Secretar\u00eda de Inclusi\u00f3n Social del Ministerio de Desarrollo Humano y Promoci\u00f3n Social de la provincia de San Juan. (Poder Ejecutivo)<\/li>\n<li>Aprobar el convenio\u00a0 marco suscripto entre la Secretar\u00eda de Gobierno de Salud de la Naci\u00f3n y el Ministerio de Salud P\u00fablica de la provincia de San Juan, por el que se implementa el Plan Nacional Alimentaci\u00f3n Saludable en la Infancia y Adolescencia para la prevenci\u00f3n del sobrepeso y obesidad en ni\u00f1os, ni\u00f1as y adolescentes (PLAN ASI). (Poder Ejecutivo)<\/li>\n<li>Aprobar convenio de \u201cAutorizaci\u00f3n para la Ejecuci\u00f3n de Tendido El\u00e9ctrico A\u00e9reo- Suspensi\u00f3n de Desalojo por Tiempo Determinado\u201d. (Poder Ejecutivo)<\/li>\n<li>Autorizar la utilizaci\u00f3n del producto en investigaci\u00f3n Luarprofeno\/Ibuprofeno S\u00f3dico Hipert\u00f3nico Nebulizable como tratamiento de emergencia sanitaria para la recuperaci\u00f3n de pacientes diagnosticados con COVID-19 positivo. (bloque PRO Juntos por el Cambio)<\/li>\n<li>Incorporar un R\u00e9gimen de Capacitaci\u00f3n Obligatoria en T\u00e9cnicas de Reanimaci\u00f3n Cardiopulmonar (RCP) a alumnos de escuelas secundarias. (bloque PRO Juntos por el Cambio)<\/li>\n<li>Regular la tenencia de perros potencialmente peligrosos para garantizar la seguridad e integridad de las personas (bloque Justicialista)<\/li>\n<li>Regular la tenencia, control, registro y protecci\u00f3n de canes de raza potencialmente peligrosas.\u00a0 (Interbloque: Producci\u00f3n y Trabajo; PRO-Juntos por el Cambio; Actuar)<\/li>\n<li>Modificar la Ley N\u00ba 1268-N de Modernizaci\u00f3n y Ordenamiento Administrativo del proceso de formaci\u00f3n de la voluntad pol\u00edtica en materia de representaci\u00f3n popular.<\/li>\n<li>Reconocer los deportes electr\u00f3nicos como categor\u00eda deportiva. (bloque Actuar)<\/li>\n<li>Crear el R\u00e9gimen para la Promoci\u00f3n y el Desarrollo de la Agricultura Urbana y Periurbana en la provincia de San Juan. (bloque Justicialistas)<\/li>\n<li>Adherir a la Ley Nacional N\u00ba 27.306, sobre abordaje integral e interdisciplinario de sujetos con dificultades espec\u00edficas del aprendizaje. (bloque PRO-Juntos por el Cambio)<\/li>\n<li>Crear un R\u00e9gimen excepcional y temporario de regularizaci\u00f3n y escrituraci\u00f3n de viviendas sociales. (bloque Justicialista)<\/li>\n<li>Adherir a la Ley Nacional N\u00ba 27.552 de fibrosis qu\u00edstica de p\u00e1ncreas o mucoviscidosis. (Interbloque: \u00a0Pro- Juntos por el Cambio, Producci\u00f3n y Trabajo y Actuar)<\/li>\n<\/ul>\n<p>Por otro lado, ser\u00e1 enviado a sus respectivas comisiones dos proyectos de Resoluci\u00f3n, uno que propone declarar de inter\u00e9s \u201cSocial, cultural y educativo\u201d, la participaci\u00f3n de los j\u00f3venes sanjuaninos en proyectos educativos- Modelos desarrollados por OAJNU San Juan (bloque Justicialista).\u00a0 Y otro, que propone designar vocal\u00eda no permanente del Tribunal de Cuentas para la intervenci\u00f3n en la Cuenta General del ejercicio 2020.<\/p>\n<p>Asimismo, derivaron a las comisiones, los siguientes proyectos de Comunicaci\u00f3n que solicitan al Poder Ejecutivo que:<\/p>\n<ul>\n<li>Tomar las medidas necesarias para la fumigaci\u00f3n del departamento Iglesia. (bloque Bloquista)<\/li>\n<li>Implementar refuerzos en el servicio de traslado de pasajeros que brinda la empresa Albard\u00f3n 18 A y l\u00ednea 19 del Triunfo, al departamento San Mart\u00edn. (bloque Del Este)<\/li>\n<li>Coordinar con los municipios la organizaci\u00f3n de una campa\u00f1a de fumigaci\u00f3n y concientizaci\u00f3n sobre el Dengue. (bloque Del Este)<\/li>\n<\/ul>\n<p>Por \u00faltimo, giraron a las comisiones dos proyectos de Declaraci\u00f3n\u00a0 que expresan:<\/p>\n<ul>\n<li>Repudio a la forma de detenci\u00f3n de cuatro menores de edad, por los agentes de la Polic\u00eda de San Juan, Comisar\u00eda 27 del Barrio Aramburu. (bloque Producci\u00f3n y Trabajo)<\/li>\n<li>Benepl\u00e1cito a Luis Alexander Garay por desempe\u00f1arse honor\u00edficamente en el cursado de sus estudios de la carrera militar. (bloque CONFE Somos San Juan)<\/li>\n<\/ul>\n<p>&nbsp;<\/p>\n<\/div>\n","protected":false},"excerpt":{"rendered":"<p>En el desarrollo de la decimoprimera sesi\u00f3n del per\u00edodo ordinario, celebrada el Jueves, 15 de Octubre, la C\u00e1mara de Diputados<\/p>\n","protected":false},"author":3,"featured_media":31921,"comment_status":"closed","ping_status":"closed","sticky":false,"template":"","format":"standard","meta":{"_acf_changed":false,"_seopress_robots_primary_cat":"","_seopress_titles_title":"","_seopress_titles_desc":"","_seopress_robots_index":"","colormag_page_container_layout":"default_layout","colormag_page_sidebar_layout":"default_layout","footnotes":""},"categories":[1],"tags":[],"class_list":["post-31920","post","type-post","status-publish","format-standard","has-post-thumbnail","hentry","category-destacadas"],"acf":[],"_links":{"self":[{"href":"https:\/\/vocesparalelas.com.ar\/sitio\/wp-json\/wp\/v2\/posts\/31920","targetHints":{"allow":["GET"]}}],"collection":[{"href":"https:\/\/vocesparalelas.com.ar\/sitio\/wp-json\/wp\/v2\/posts"}],"about":[{"href":"https:\/\/vocesparalelas.com.ar\/sitio\/wp-json\/wp\/v2\/types\/post"}],"author":[{"embeddable":true,"href":"https:\/\/vocesparalelas.com.ar\/sitio\/wp-json\/wp\/v2\/users\/3"}],"replies":[{"embeddable":true,"href":"https:\/\/vocesparalelas.com.ar\/sitio\/wp-json\/wp\/v2\/comments?post=31920"}],"version-history":[{"count":1,"href":"https:\/\/vocesparalelas.com.ar\/sitio\/wp-json\/wp\/v2\/posts\/31920\/revisions"}],"predecessor-version":[{"id":31922,"href":"https:\/\/vocesparalelas.com.ar\/sitio\/wp-json\/wp\/v2\/posts\/31920\/revisions\/31922"}],"wp:featuredmedia":[{"embeddable":true,"href":"https:\/\/vocesparalelas.com.ar\/sitio\/wp-json\/wp\/v2\/media\/31921"}],"wp:attachment":[{"href":"https:\/\/vocesparalelas.com.ar\/sitio\/wp-json\/wp\/v2\/media?parent=31920"}],"wp:term":[{"taxonomy":"category","embeddable":true,"href":"https:\/\/vocesparalelas.com.ar\/sitio\/wp-json\/wp\/v2\/categories?post=31920"},{"taxonomy":"post_tag","embeddable":true,"href":"https:\/\/vocesparalelas.com.ar\/sitio\/wp-json\/wp\/v2\/tags?post=31920"}],"curies":[{"name":"wp","href":"https:\/\/api.w.org\/{rel}","templated":true}]}}