{"id":31918,"date":"2020-10-15T23:03:00","date_gmt":"2020-10-16T02:03:00","guid":{"rendered":"http:\/\/vocesparalelas.com.ar\/sitio\/?p=31918"},"modified":"2020-10-16T21:34:42","modified_gmt":"2020-10-17T00:34:42","slug":"protocolo-en-caso-de-presentar-sintomas-compatibles-de-covid-19","status":"publish","type":"post","link":"https:\/\/vocesparalelas.com.ar\/sitio\/protocolo-en-caso-de-presentar-sintomas-compatibles-de-covid-19\/","title":{"rendered":"Protocolo en caso de presentar s\u00edntomas compatibles de COVID-19"},"content":{"rendered":"<p>El Ministerio de Salud P\u00fablica del Gobierno de San Juan establece las siguientes recomendaciones para personas que tengan s\u00edntomas, cualquiera de ellos, sea o no contacto estrecho, debe consultar en su centro de salud, o registrarse en algunos de los medios destinados para ser derivado al centro de hisopados o centro de salud que corresponda, y continuar su seguimiento.<\/p>\n<p><span style=\"color: #ff0000;\"><strong>Para registrarse pueden hacerlo ingresando a<\/strong><\/span><\/p>\n<ul>\n<li><span style=\"color: #ff0000;\"><strong>Entrevista Salud:<\/strong><\/span>\u00a0<a href=\"https:\/\/entrevistasalud.sanjuan.gob.ar\/\">https:\/\/entrevistasalud.sanjuan.gob.ar\/<\/a><\/li>\n<li><strong style=\"line-height: 1.5;\"><span style=\"color: #ff0000;\">Escribiendo un mensaje de WhatsApp:\u00a0<\/span><\/strong>0264-6601111<\/li>\n<li><span style=\"line-height: 1.5;\"><strong><span style=\"color: #ff0000;\">Llamando al 107,<\/span><\/strong> o a los otros servicios de emergencias m\u00e9dicas en caso de tener s\u00edntomas moderados a graves<\/span><\/li>\n<\/ul>\n<p><span style=\"color: #ff0000;\"><strong>Paso a paso<\/strong><\/span><\/p>\n<p>Cuando una persona se registra en algunas de las opciones antes mencionada, es contactada dentro de las siguientes 24 horas, por una Mesa Operativa, para informarle a qu\u00e9 centro de salud debe dirigirse, ya sea para la realizaci\u00f3n de un hisopado o para una evaluaci\u00f3n, eso depender\u00e1 de la severidad de los s\u00edntomas que presente:<\/p>\n<ul>\n<li><span style=\"color: #ff0000;\"><strong>Paciente con s\u00edntomas leves: <\/strong><\/span>sin otras enfermedades ser\u00e1 derivado a cualquiera de los centros de hisopado. Se le practicar\u00e1 el hisopado y luego deber\u00e1 realizar en su casa el aislamiento para esperar los resultados, que podr\u00e1n ser obtenidos a trav\u00e9s de la p\u00e1gina: <a href=\"http:\/\/www.resultados.sanjuan.gob.ar\/\">www.resultados.sanjuan.gob.ar<\/a>, y adem\u00e1s ser\u00e1 contactado telef\u00f3nicamente cada 48 hs para seguimiento de sus s\u00edntomas.<\/li>\n<li><span style=\"color: #ff0000;\"><strong>Paciente con s\u00edntoma moderado<\/strong>:<\/span> si la persona ha sido clasificada como moderada por tener otras enfermedades o por presentar m\u00e1s de tres s\u00edntomas, el sistema lo derivar\u00e1 a un centro de salud u hospital departamental para que sea evaluado por el equipo de salud.<\/li>\n<\/ul>\n<p>Seg\u00fan la indicaci\u00f3n del m\u00e9dico la persona deber\u00e1 esperar en su casa de manera aislada el resultado o ser\u00e1 derivada a un hospital de mayor complejidad.<\/p>\n<ul>\n<li><strong><span style=\"color: #ff0000;\">Paciente con s\u00edntomas moderados a graves:<\/span> <\/strong>comunicarse con el 107 o a otros servicios de emergencias m\u00e9dicas<\/li>\n<\/ul>\n<p><span style=\"color: #ff0000;\"><strong>Centros de salud donde ser\u00e1n derivados seg\u00fan la clasificaci\u00f3n del estado de salud<\/strong><\/span><\/p>\n<p><span style=\"color: #ff0000;\"><strong>Capital<\/strong><\/span><\/p>\n<ul>\n<li>Centro de Salud Alfonso Barassi, ubicado en Mat\u00edas Zavalla 1079 norte, en Capital.<\/li>\n<li>Estadio Aldo Cantoni. San Luis Oeste 1300<\/li>\n<li>Centro Integrador Comunitario CIC Barrio Manantiales. Calle Agust\u00edn G\u00f3mez <strong>y Av. Alem<\/strong><\/li>\n<\/ul>\n<p><span style=\"color: #ff0000;\"><strong>Chimbas<\/strong><\/span><\/p>\n<p>Centro de Salud B\u00e1ez Laspiur, en calle Pel\u00e1ez e\/c Sarmiento y calle Chubut 5413 este, en Chimbas.<\/p>\n<p><span style=\"color: #ff0000;\"><strong>Rawson<\/strong><\/span><\/p>\n<p>Centro de Adiestramiento Ren\u00e9 Favaloro (conocido como La Rotonda), en calle Tierra del Fuego Este s\/n, en Rawson.<\/p>\n<p><span style=\"color: #ff0000;\"><strong>Rivadavia<\/strong><\/span><\/p>\n<p>Instituci\u00f3n de Salud P\u00fablica, ubicado en Libertador y Santo Domingo, dos cuadras antes de llegar al Hospital Dr. Marcial Quiroga.<\/p>\n<p><span style=\"color: #ff0000;\"><strong>Pocito<\/strong><\/span><\/p>\n<p>Hospital Dr. Federico Cantoni. Direcci\u00f3n Av. Intendente Joaqu\u00edn U\u00f1ac entre calles 10 y 11, Villa Aberastain, Pocito<\/p>\n<p><span style=\"color: #ff0000;\"><strong>Albard\u00f3n<\/strong><\/span><\/p>\n<p>Hospital Dr. Jos\u00e9 Giordano. Direcci\u00f3n Domingo F. Sarmiento s\/n Albard\u00f3n<\/p>\n<p><span style=\"color: #ff0000;\"><strong>Caucete<\/strong><\/span><\/p>\n<p>Hospital Dr. C\u00e9sar Aguilar. Direcci\u00f3n Juan B Justo 1550 Caucete.<\/p>\n","protected":false},"excerpt":{"rendered":"<p>El Ministerio de Salud P\u00fablica del Gobierno de San Juan establece las siguientes recomendaciones para personas que tengan s\u00edntomas, cualquiera<\/p>\n","protected":false},"author":3,"featured_media":1245,"comment_status":"closed","ping_status":"closed","sticky":false,"template":"","format":"standard","meta":{"_acf_changed":false,"_seopress_robots_primary_cat":"","_seopress_titles_title":"","_seopress_titles_desc":"","_seopress_robots_index":"","colormag_page_container_layout":"default_layout","colormag_page_sidebar_layout":"default_layout","footnotes":""},"categories":[6],"tags":[],"class_list":["post-31918","post","type-post","status-publish","format-standard","has-post-thumbnail","hentry","category-eventos"],"acf":[],"_links":{"self":[{"href":"https:\/\/vocesparalelas.com.ar\/sitio\/wp-json\/wp\/v2\/posts\/31918","targetHints":{"allow":["GET"]}}],"collection":[{"href":"https:\/\/vocesparalelas.com.ar\/sitio\/wp-json\/wp\/v2\/posts"}],"about":[{"href":"https:\/\/vocesparalelas.com.ar\/sitio\/wp-json\/wp\/v2\/types\/post"}],"author":[{"embeddable":true,"href":"https:\/\/vocesparalelas.com.ar\/sitio\/wp-json\/wp\/v2\/users\/3"}],"replies":[{"embeddable":true,"href":"https:\/\/vocesparalelas.com.ar\/sitio\/wp-json\/wp\/v2\/comments?post=31918"}],"version-history":[{"count":1,"href":"https:\/\/vocesparalelas.com.ar\/sitio\/wp-json\/wp\/v2\/posts\/31918\/revisions"}],"predecessor-version":[{"id":31919,"href":"https:\/\/vocesparalelas.com.ar\/sitio\/wp-json\/wp\/v2\/posts\/31918\/revisions\/31919"}],"wp:featuredmedia":[{"embeddable":true,"href":"https:\/\/vocesparalelas.com.ar\/sitio\/wp-json\/wp\/v2\/media\/1245"}],"wp:attachment":[{"href":"https:\/\/vocesparalelas.com.ar\/sitio\/wp-json\/wp\/v2\/media?parent=31918"}],"wp:term":[{"taxonomy":"category","embeddable":true,"href":"https:\/\/vocesparalelas.com.ar\/sitio\/wp-json\/wp\/v2\/categories?post=31918"},{"taxonomy":"post_tag","embeddable":true,"href":"https:\/\/vocesparalelas.com.ar\/sitio\/wp-json\/wp\/v2\/tags?post=31918"}],"curies":[{"name":"wp","href":"https:\/\/api.w.org\/{rel}","templated":true}]}}