{"id":31912,"date":"2020-10-15T21:58:01","date_gmt":"2020-10-16T00:58:01","guid":{"rendered":"http:\/\/vocesparalelas.com.ar\/sitio\/?p=31912"},"modified":"2020-11-13T22:15:37","modified_gmt":"2020-11-14T01:15:37","slug":"1-convocatoria-del-premio-franklin-rawson-a-las-artes-visuales","status":"publish","type":"post","link":"https:\/\/vocesparalelas.com.ar\/sitio\/1-convocatoria-del-premio-franklin-rawson-a-las-artes-visuales\/","title":{"rendered":"1\u00b0 convocatoria del \u201cPremio Franklin Rawson a las Artes Visuales\u201d"},"content":{"rendered":"<p>El Museo Provincial de Bellas Artes Franklin Rawson y la Fundaci\u00f3n Banco San Juan lanzaron la primera convocatoria del \u201cPremio Franklin Rawson a las Artes Visuales\u201d, con el fin de promover y difundir la producci\u00f3n art\u00edstica de San Juan. El anuncio se realiz\u00f3 en el marco de los 200 a\u00f1os del nacimiento del pintor Benjam\u00edn Franklin Rawson y de los aniversarios de apertura del nuevo edificio y fundaci\u00f3n del museo.<\/p>\n<p>Por ello, Voces Paralelas entrevist\u00f3 al Director del MPBAFR, Lic. Emanuel D\u00edaz Ruiz, quien expres\u00f3 la invitaci\u00f3n a los artistas de San Juan a sumarse a la convocatoria del \u201cPremio Franklin Rawson a las Artes Visuales\u201d.<\/p>\n<p><iframe loading=\"lazy\" title=\"MPBAFR EMMANUEL RUIZ\" width=\"800\" height=\"450\" src=\"https:\/\/www.youtube.com\/embed\/MwS0oiGs2mM?feature=oembed\" frameborder=\"0\" allow=\"accelerometer; autoplay; clipboard-write; encrypted-media; gyroscope; picture-in-picture\" allowfullscreen><\/iframe><\/p>\n<p>Luego, entrevist\u00f3 a la Secretaria de Cultura del Ministerio de Turismo y Cultura del Gobierno de San Juan, Prof. Virginia Agote, quien destac\u00f3 la importancia de la convocatoria que por primera vez se desarrolla para incentivar el trabajo que de los artistas que apuestan a San Juan.<\/p>\n<p><iframe loading=\"lazy\" title=\"MPBAFR VIRGINIA AGOTE\" width=\"800\" height=\"450\" src=\"https:\/\/www.youtube.com\/embed\/qsC42wLiaDo?feature=oembed\" frameborder=\"0\" allow=\"accelerometer; autoplay; clipboard-write; encrypted-media; gyroscope; picture-in-picture\" allowfullscreen><\/iframe><\/p>\n<p>El objetivo de la iniciativa es premiar dos obras para la adquisici\u00f3n que formar\u00e1n parte de la colecci\u00f3n permanente del Museo Franklin Rawson. Tambi\u00e9n se seleccionar\u00e1n cuatro menciones especiales -sin adquisici\u00f3n- como premio est\u00edmulo a las artes visuales de la provincia de San Juan. De esta manera, se pretende reconocer, fomentar y difundir la producci\u00f3n de arte sanjuanino, como as\u00ed tambi\u00e9n estimular la puesta en valor y sustentaci\u00f3n del trabajo de artistas de la provincia.<\/p>\n<p>Finalmente, a la Secretaria Ejecutiva de la FBSJ, Prof. Laura Ad\u00e1moli, quien resalt\u00f3 el Rol de la instituci\u00f3n de apostar por la cultura art\u00edstica de San Juan.<\/p>\n<p><iframe loading=\"lazy\" title=\"MPBAFR LAURA ADAMOLI\" width=\"800\" height=\"450\" src=\"https:\/\/www.youtube.com\/embed\/VgUUU4RpXmo?feature=oembed\" frameborder=\"0\" allow=\"accelerometer; autoplay; clipboard-write; encrypted-media; gyroscope; picture-in-picture\" allowfullscreen><\/iframe><\/p>\n<p><strong><span style=\"color: #339966;\">Los premios consisten en<\/span><\/strong><\/p>\n<p><span style=\"color: #339966;\"><strong>Premios adquisici\u00f3n:<\/strong><\/span><\/p>\n<ul>\n<li>Primer premio $ 80.000<\/li>\n<li>Segundo premio $ 60.000<\/li>\n<\/ul>\n<p><strong><span style=\"color: #339966;\">Cuatro menciones especiales sin adquisici\u00f3n, de $10.000 cada una.<\/span><\/strong><\/p>\n<p>La convocatoria est\u00e1 dirigida a artistas mayores de 18 a\u00f1os, nativos de San Juan (residiendo en la provincia o fuera de ella), o extranjeros en la provincia con una antig\u00fcedad mayor o igual a 4 (cuatro) a\u00f1os, que se encuentren en condiciones de participar con una obra in\u00e9dita \u2013o fecha pr\u00f3xima de ejecuci\u00f3n-, enmarcada en teor\u00edas contempor\u00e1neas del arte y la experiencia est\u00e9tica actual. Son v\u00e1lidas todas las expresiones de las artes visuales, cualquiera sea su t\u00e9cnica, procedimiento y tem\u00e1tica.<\/p>\n<p>La participaci\u00f3n es de car\u00e1cter individual, pudiendo postular 1 (una) obra por persona.<\/p>\n<p><strong><span style=\"color: #339966;\">El jurado a cargo de la selecci\u00f3n estar\u00e1 conformado por:<\/span><\/strong><\/p>\n<ul>\n<li>Un jurado designado por el Museo de Bellas Artes Franklin Rawson: Emanuel D\u00edaz Ruiz.<\/li>\n<li>Un jurado designado por Fundaci\u00f3n Banco San Juan: Laura Adamoli.<\/li>\n<li>Un jurado designado por el Ministerio de Turismo y Cultura o Agencia San Juan del Bicentenario: Virginia Agote.<\/li>\n<li>Dos jurados externos a las instituciones que convocan al certamen, y conocedores de la escena art\u00edstica local: Eduardo Pe\u00f1afort y Alberto S\u00e1nchez Maratta.<\/li>\n<\/ul>\n<p><iframe loading=\"lazy\" title=\"MPBAFR PREMIO FRANKLIN RAWSON\" width=\"800\" height=\"600\" src=\"https:\/\/www.youtube.com\/embed\/7uYg4GYNviE?feature=oembed\" frameborder=\"0\" allow=\"accelerometer; autoplay; clipboard-write; encrypted-media; gyroscope; picture-in-picture\" allowfullscreen><\/iframe><\/p>\n<p>&nbsp;<\/p>\n","protected":false},"excerpt":{"rendered":"<p>El Museo Provincial de Bellas Artes Franklin Rawson y la Fundaci\u00f3n Banco San Juan lanzaron la primera convocatoria del \u201cPremio<\/p>\n","protected":false},"author":3,"featured_media":31913,"comment_status":"closed","ping_status":"closed","sticky":false,"template":"","format":"video","meta":{"_acf_changed":false,"_seopress_robots_primary_cat":"","_seopress_titles_title":"","_seopress_titles_desc":"","_seopress_robots_index":"","colormag_page_container_layout":"default_layout","colormag_page_sidebar_layout":"default_layout","footnotes":""},"categories":[8,7],"tags":[],"class_list":["post-31912","post","type-post","status-publish","format-video","has-post-thumbnail","hentry","category-concursos","category-videos","post_format-post-format-video"],"acf":[],"_links":{"self":[{"href":"https:\/\/vocesparalelas.com.ar\/sitio\/wp-json\/wp\/v2\/posts\/31912","targetHints":{"allow":["GET"]}}],"collection":[{"href":"https:\/\/vocesparalelas.com.ar\/sitio\/wp-json\/wp\/v2\/posts"}],"about":[{"href":"https:\/\/vocesparalelas.com.ar\/sitio\/wp-json\/wp\/v2\/types\/post"}],"author":[{"embeddable":true,"href":"https:\/\/vocesparalelas.com.ar\/sitio\/wp-json\/wp\/v2\/users\/3"}],"replies":[{"embeddable":true,"href":"https:\/\/vocesparalelas.com.ar\/sitio\/wp-json\/wp\/v2\/comments?post=31912"}],"version-history":[{"count":2,"href":"https:\/\/vocesparalelas.com.ar\/sitio\/wp-json\/wp\/v2\/posts\/31912\/revisions"}],"predecessor-version":[{"id":32778,"href":"https:\/\/vocesparalelas.com.ar\/sitio\/wp-json\/wp\/v2\/posts\/31912\/revisions\/32778"}],"wp:featuredmedia":[{"embeddable":true,"href":"https:\/\/vocesparalelas.com.ar\/sitio\/wp-json\/wp\/v2\/media\/31913"}],"wp:attachment":[{"href":"https:\/\/vocesparalelas.com.ar\/sitio\/wp-json\/wp\/v2\/media?parent=31912"}],"wp:term":[{"taxonomy":"category","embeddable":true,"href":"https:\/\/vocesparalelas.com.ar\/sitio\/wp-json\/wp\/v2\/categories?post=31912"},{"taxonomy":"post_tag","embeddable":true,"href":"https:\/\/vocesparalelas.com.ar\/sitio\/wp-json\/wp\/v2\/tags?post=31912"}],"curies":[{"name":"wp","href":"https:\/\/api.w.org\/{rel}","templated":true}]}}