{"id":31891,"date":"2020-10-15T00:04:57","date_gmt":"2020-10-15T03:04:57","guid":{"rendered":"http:\/\/vocesparalelas.com.ar\/sitio\/?p=31891"},"modified":"2020-10-16T15:13:41","modified_gmt":"2020-10-16T18:13:41","slug":"examenes-finales-virtuales-para-los-alumnos-universitarios-regulares-de-la-fi-de-la-unsj","status":"publish","type":"post","link":"https:\/\/vocesparalelas.com.ar\/sitio\/examenes-finales-virtuales-para-los-alumnos-universitarios-regulares-de-la-fi-de-la-unsj\/","title":{"rendered":"Ex\u00e1menes Finales virtuales para los alumnos universitarios regulares de la FI de la UNSJ"},"content":{"rendered":"<p>Frente a la pandemia COVID &#8211; 19, la Facultad de Ingenier\u00eda de la Universidad Nacional de San Juan, brinda la posibilidad a los alumnos a rendir online sus ex\u00e1menes finales, ya que la posibilidad que sea presencial no es permitida por el momento.<\/p>\n<p>Por ello, el Decano de la Unidad Acad\u00e9mica, Dr. Ing. Tadeo Berenguer explic\u00f3 la propuesta frente a la situaci\u00f3n sanitaria de San Juan, Argentina y \u00a0el Mundo donde se da la prioridad de cuidarse y cuidar al otro.<\/p>\n<p>&nbsp;<\/p>\n<p><iframe loading=\"lazy\" title=\"FI DECANO ING TADEO BERENGUER\" width=\"800\" height=\"450\" src=\"https:\/\/www.youtube.com\/embed\/1gz_wK4LJzY?feature=oembed\" frameborder=\"0\" allow=\"accelerometer; autoplay; clipboard-write; encrypted-media; gyroscope; picture-in-picture\" allowfullscreen><\/iframe><\/p>\n<p>&nbsp;<\/p>\n<p><img loading=\"lazy\" decoding=\"async\" class=\"alignnone wp-image-23028 size-large\" src=\"https:\/\/vocesparalelas.com.ar\/sitio\/wp-content\/uploads\/2019\/08\/FI-UNSJ-EDIFICIO-800x600.jpg\" alt=\"\" width=\"800\" height=\"600\" srcset=\"https:\/\/vocesparalelas.com.ar\/sitio\/wp-content\/uploads\/2019\/08\/FI-UNSJ-EDIFICIO-800x600.jpg 800w, https:\/\/vocesparalelas.com.ar\/sitio\/wp-content\/uploads\/2019\/08\/FI-UNSJ-EDIFICIO-300x225.jpg 300w, https:\/\/vocesparalelas.com.ar\/sitio\/wp-content\/uploads\/2019\/08\/FI-UNSJ-EDIFICIO-768x576.jpg 768w, https:\/\/vocesparalelas.com.ar\/sitio\/wp-content\/uploads\/2019\/08\/FI-UNSJ-EDIFICIO.jpg 888w\" sizes=\"auto, (max-width: 800px) 100vw, 800px\" \/><\/p>\n","protected":false},"excerpt":{"rendered":"<p>Frente a la pandemia COVID &#8211; 19, la Facultad de Ingenier\u00eda de la Universidad Nacional de San Juan, brinda la<\/p>\n","protected":false},"author":3,"featured_media":31892,"comment_status":"closed","ping_status":"closed","sticky":false,"template":"","format":"video","meta":{"_acf_changed":false,"_seopress_robots_primary_cat":"","_seopress_titles_title":"","_seopress_titles_desc":"","_seopress_robots_index":"","colormag_page_container_layout":"default_layout","colormag_page_sidebar_layout":"default_layout","footnotes":""},"categories":[2,7],"tags":[],"class_list":["post-31891","post","type-post","status-publish","format-video","has-post-thumbnail","hentry","category-convocatorias","category-videos","post_format-post-format-video"],"acf":[],"_links":{"self":[{"href":"https:\/\/vocesparalelas.com.ar\/sitio\/wp-json\/wp\/v2\/posts\/31891","targetHints":{"allow":["GET"]}}],"collection":[{"href":"https:\/\/vocesparalelas.com.ar\/sitio\/wp-json\/wp\/v2\/posts"}],"about":[{"href":"https:\/\/vocesparalelas.com.ar\/sitio\/wp-json\/wp\/v2\/types\/post"}],"author":[{"embeddable":true,"href":"https:\/\/vocesparalelas.com.ar\/sitio\/wp-json\/wp\/v2\/users\/3"}],"replies":[{"embeddable":true,"href":"https:\/\/vocesparalelas.com.ar\/sitio\/wp-json\/wp\/v2\/comments?post=31891"}],"version-history":[{"count":1,"href":"https:\/\/vocesparalelas.com.ar\/sitio\/wp-json\/wp\/v2\/posts\/31891\/revisions"}],"predecessor-version":[{"id":31893,"href":"https:\/\/vocesparalelas.com.ar\/sitio\/wp-json\/wp\/v2\/posts\/31891\/revisions\/31893"}],"wp:featuredmedia":[{"embeddable":true,"href":"https:\/\/vocesparalelas.com.ar\/sitio\/wp-json\/wp\/v2\/media\/31892"}],"wp:attachment":[{"href":"https:\/\/vocesparalelas.com.ar\/sitio\/wp-json\/wp\/v2\/media?parent=31891"}],"wp:term":[{"taxonomy":"category","embeddable":true,"href":"https:\/\/vocesparalelas.com.ar\/sitio\/wp-json\/wp\/v2\/categories?post=31891"},{"taxonomy":"post_tag","embeddable":true,"href":"https:\/\/vocesparalelas.com.ar\/sitio\/wp-json\/wp\/v2\/tags?post=31891"}],"curies":[{"name":"wp","href":"https:\/\/api.w.org\/{rel}","templated":true}]}}