{"id":31887,"date":"2020-10-14T22:31:45","date_gmt":"2020-10-15T01:31:45","guid":{"rendered":"http:\/\/vocesparalelas.com.ar\/sitio\/?p=31887"},"modified":"2020-10-15T23:04:11","modified_gmt":"2020-10-16T02:04:11","slug":"la-junta-de-clasificacion-primaria-reprogramo-turnos","status":"publish","type":"post","link":"https:\/\/vocesparalelas.com.ar\/sitio\/la-junta-de-clasificacion-primaria-reprogramo-turnos\/","title":{"rendered":"La Junta de Clasificaci\u00f3n Primaria reprogram\u00f3 turnos"},"content":{"rendered":"<p>La modificaci\u00f3n corresponde a los turnos del Martes, 13 de Octubre, la que se program\u00f3 para el 25 de Noviembre.<\/p>\n<p>Ante las numerosas consultas de docentes, la Junta de Clasificaci\u00f3n de Docente Rama Primaria informa que la atenci\u00f3n presencial en la sede de la entidad ubicada en calle Tucum\u00e1n 75 &#8211; N &#8211; Capital, se realiza de acuerdo a la modalidad de la Fase 3, con turnos previos y bajo estricto cumplimiento de los protocolos sanitarios.<\/p>\n<p>A las personas que no pudieron acudir y que ten\u00edan turno el Martes, 13 de Octubre, para inscripci\u00f3n -valoraci\u00f3n y notificaci\u00f3n, la fecha se reprogram\u00f3 para el 25 de Noviembre, en el mismo horario en el que les fue concedido el turno.<\/p>\n<p>Ante consultas comunicarse de 8 a 12 horas al 4302206.<\/p>\n","protected":false},"excerpt":{"rendered":"<p>La modificaci\u00f3n corresponde a los turnos del Martes, 13 de Octubre, la que se program\u00f3 para el 25 de Noviembre.<\/p>\n","protected":false},"author":3,"featured_media":5000,"comment_status":"closed","ping_status":"closed","sticky":false,"template":"","format":"standard","meta":{"_acf_changed":false,"_seopress_robots_primary_cat":"","_seopress_titles_title":"","_seopress_titles_desc":"","_seopress_robots_index":"","colormag_page_container_layout":"default_layout","colormag_page_sidebar_layout":"default_layout","footnotes":""},"categories":[5],"tags":[],"class_list":["post-31887","post","type-post","status-publish","format-standard","has-post-thumbnail","hentry","category-ofrecimientos"],"acf":[],"_links":{"self":[{"href":"https:\/\/vocesparalelas.com.ar\/sitio\/wp-json\/wp\/v2\/posts\/31887","targetHints":{"allow":["GET"]}}],"collection":[{"href":"https:\/\/vocesparalelas.com.ar\/sitio\/wp-json\/wp\/v2\/posts"}],"about":[{"href":"https:\/\/vocesparalelas.com.ar\/sitio\/wp-json\/wp\/v2\/types\/post"}],"author":[{"embeddable":true,"href":"https:\/\/vocesparalelas.com.ar\/sitio\/wp-json\/wp\/v2\/users\/3"}],"replies":[{"embeddable":true,"href":"https:\/\/vocesparalelas.com.ar\/sitio\/wp-json\/wp\/v2\/comments?post=31887"}],"version-history":[{"count":1,"href":"https:\/\/vocesparalelas.com.ar\/sitio\/wp-json\/wp\/v2\/posts\/31887\/revisions"}],"predecessor-version":[{"id":31888,"href":"https:\/\/vocesparalelas.com.ar\/sitio\/wp-json\/wp\/v2\/posts\/31887\/revisions\/31888"}],"wp:featuredmedia":[{"embeddable":true,"href":"https:\/\/vocesparalelas.com.ar\/sitio\/wp-json\/wp\/v2\/media\/5000"}],"wp:attachment":[{"href":"https:\/\/vocesparalelas.com.ar\/sitio\/wp-json\/wp\/v2\/media?parent=31887"}],"wp:term":[{"taxonomy":"category","embeddable":true,"href":"https:\/\/vocesparalelas.com.ar\/sitio\/wp-json\/wp\/v2\/categories?post=31887"},{"taxonomy":"post_tag","embeddable":true,"href":"https:\/\/vocesparalelas.com.ar\/sitio\/wp-json\/wp\/v2\/tags?post=31887"}],"curies":[{"name":"wp","href":"https:\/\/api.w.org\/{rel}","templated":true}]}}