{"id":31796,"date":"2020-10-11T21:03:04","date_gmt":"2020-10-12T00:03:04","guid":{"rendered":"http:\/\/vocesparalelas.com.ar\/sitio\/?p=31796"},"modified":"2020-10-13T22:17:33","modified_gmt":"2020-10-14T01:17:33","slug":"proyecto-de-viviendas-adicus-2","status":"publish","type":"post","link":"https:\/\/vocesparalelas.com.ar\/sitio\/proyecto-de-viviendas-adicus-2\/","title":{"rendered":"Proyecto de viviendas \u201cADICUS 2\u201d"},"content":{"rendered":"<p>El Gremio ADICUS informa que se puso en marcha el proyecto \u201cADICUS 2\u201d, mediante la operatoria de vivienda entre Gremios y el I.P.V.<\/p>\n<p>Para concretar el prop\u00f3sito, ADICUS ha adquirido un terreno en una excelente zona del Departamento de Rivadavia.<\/p>\n<p>El mismo est\u00e1 destinado a los afiliados y que posee planes de financiaci\u00f3n que consiste en la entrega de un monto inicial y cuotas.<\/p>\n<p><strong><span style=\"color: #993300;\">Informaci\u00f3n<\/span><\/strong><\/p>\n<p>El interesado puede contactarse con el gremio por cualquiera de sus v\u00edas de comunicaci\u00f3n o acercarte por la Sede Gremial, Av. Espa\u00f1a 510 &#8211; Sur Capital.<\/p>\n<p style=\"text-align: center;\">#ADICUS #ElGremioUniversitario #ADICUS2<\/p>\n<p>&nbsp;<\/p>\n<p><img loading=\"lazy\" decoding=\"async\" class=\"alignnone wp-image-31797 size-large\" src=\"https:\/\/vocesparalelas.com.ar\/sitio\/wp-content\/uploads\/2020\/10\/ADICUS-CASA-640x800.jpg\" alt=\"\" width=\"640\" height=\"800\" srcset=\"https:\/\/vocesparalelas.com.ar\/sitio\/wp-content\/uploads\/2020\/10\/ADICUS-CASA-640x800.jpg 640w, https:\/\/vocesparalelas.com.ar\/sitio\/wp-content\/uploads\/2020\/10\/ADICUS-CASA-240x300.jpg 240w, https:\/\/vocesparalelas.com.ar\/sitio\/wp-content\/uploads\/2020\/10\/ADICUS-CASA-768x960.jpg 768w, https:\/\/vocesparalelas.com.ar\/sitio\/wp-content\/uploads\/2020\/10\/ADICUS-CASA.jpg 800w\" sizes=\"auto, (max-width: 640px) 100vw, 640px\" \/><\/p>\n<p>&nbsp;<\/p>\n<p>&nbsp;<\/p>\n<p>&nbsp;<\/p>\n","protected":false},"excerpt":{"rendered":"<p>El Gremio ADICUS informa que se puso en marcha el proyecto \u201cADICUS 2\u201d, mediante la operatoria de vivienda entre Gremios<\/p>\n","protected":false},"author":3,"featured_media":15835,"comment_status":"closed","ping_status":"closed","sticky":false,"template":"","format":"standard","meta":{"_acf_changed":false,"_seopress_robots_primary_cat":"","_seopress_titles_title":"","_seopress_titles_desc":"","_seopress_robots_index":"","colormag_page_container_layout":"default_layout","colormag_page_sidebar_layout":"default_layout","footnotes":""},"categories":[2],"tags":[],"class_list":["post-31796","post","type-post","status-publish","format-standard","has-post-thumbnail","hentry","category-convocatorias"],"acf":[],"_links":{"self":[{"href":"https:\/\/vocesparalelas.com.ar\/sitio\/wp-json\/wp\/v2\/posts\/31796","targetHints":{"allow":["GET"]}}],"collection":[{"href":"https:\/\/vocesparalelas.com.ar\/sitio\/wp-json\/wp\/v2\/posts"}],"about":[{"href":"https:\/\/vocesparalelas.com.ar\/sitio\/wp-json\/wp\/v2\/types\/post"}],"author":[{"embeddable":true,"href":"https:\/\/vocesparalelas.com.ar\/sitio\/wp-json\/wp\/v2\/users\/3"}],"replies":[{"embeddable":true,"href":"https:\/\/vocesparalelas.com.ar\/sitio\/wp-json\/wp\/v2\/comments?post=31796"}],"version-history":[{"count":1,"href":"https:\/\/vocesparalelas.com.ar\/sitio\/wp-json\/wp\/v2\/posts\/31796\/revisions"}],"predecessor-version":[{"id":31798,"href":"https:\/\/vocesparalelas.com.ar\/sitio\/wp-json\/wp\/v2\/posts\/31796\/revisions\/31798"}],"wp:featuredmedia":[{"embeddable":true,"href":"https:\/\/vocesparalelas.com.ar\/sitio\/wp-json\/wp\/v2\/media\/15835"}],"wp:attachment":[{"href":"https:\/\/vocesparalelas.com.ar\/sitio\/wp-json\/wp\/v2\/media?parent=31796"}],"wp:term":[{"taxonomy":"category","embeddable":true,"href":"https:\/\/vocesparalelas.com.ar\/sitio\/wp-json\/wp\/v2\/categories?post=31796"},{"taxonomy":"post_tag","embeddable":true,"href":"https:\/\/vocesparalelas.com.ar\/sitio\/wp-json\/wp\/v2\/tags?post=31796"}],"curies":[{"name":"wp","href":"https:\/\/api.w.org\/{rel}","templated":true}]}}