{"id":31777,"date":"2020-10-10T23:14:18","date_gmt":"2020-10-11T02:14:18","guid":{"rendered":"http:\/\/vocesparalelas.com.ar\/sitio\/?p=31777"},"modified":"2020-10-10T23:14:18","modified_gmt":"2020-10-11T02:14:18","slug":"en-el-dia-del-patrimonio-cultural-la-escuela-normal-superior-sarmiento-permanece-iluminada","status":"publish","type":"post","link":"https:\/\/vocesparalelas.com.ar\/sitio\/en-el-dia-del-patrimonio-cultural-la-escuela-normal-superior-sarmiento-permanece-iluminada\/","title":{"rendered":"En el D\u00eda del Patrimonio Cultural la Escuela Normal Superior Sarmiento permanece iluminada"},"content":{"rendered":"<p>La Escuela Normal Superior Sarmiento, se localiza, a seis cuadras al Noroeste de la Plaza 25 de Mayo en las inmediaciones de la Plaza Laprida. Ocupa el total de una cuadra, estando rodeada por las avenidas Libertador General San Mart\u00edn al Norte y Alem al Este, mientras que las calles Laprida, al Sur y Santiago del Estero al Oeste.<\/p>\n<p><strong><span style=\"color: #008000;\">Historia<\/span><\/strong><\/p>\n<p>La Escuela Normal Superior Sarmiento se cre\u00f3 por un decreto del Poder Ejecutivo Nacional con fecha 27 de Mayo de 1879. El primer ciclo lectivo comenz\u00f3 efectivamente el 19 de Octubre de 1879, fecha que cada a\u00f1o esta instituci\u00f3n celebra como su aniversario.<\/p>\n<p>El 25 de Mayo de 1884, en el Teatro Vasconcellos y con la presencia del gobernador, doctor Carlos Doncel, trece maestras recibieron sus t\u00edtulos. Eran las primeras egresadas y hab\u00edan cursado un a\u00f1o preparatorio y tres de formaci\u00f3n normal. El acto cont\u00f3 con un invitado especial: el propio Domingo Faustino Sarmiento.<\/p>\n<p>Por ley del 10 de Agosto de 1887 el gobierno de la provincia de San Juan cedi\u00f3 a la Naci\u00f3n un terreno situado en las inmediaciones de Avenida Alem, frente a Plaza Laprida en la Ciudad de San Juan. En 1910, comenz\u00f3 la edificaci\u00f3n de un edificio antis\u00edsmico que hab\u00eda sido proyectado por el ingeniero Domingo Selva. En 1913 la escuela ya funcionaba en este nuevo edificio.<\/p>\n<p><strong><span style=\"color: #008000;\">Edificio<\/span><\/strong><\/p>\n<p>El edificio de la Escuela Normal fue el primero antis\u00edsmico que se haya construido en la ciudad de San Juan y el \u00fanico que queda de la \u00e9poca del centenario.<\/p>\n<p>Posee un gran portal de ingreso que domina el conjunto que originalmente constaba de una planta rectangular y dos patios paralelos, rodeados por las galer\u00edas de acceso a las aulas.<\/p>\n<p>En el centro, el sal\u00f3n de actos ha sido siempre el coraz\u00f3n de las actividades escolares. Las caracter\u00edsticas infraestructurales permitieron que sobreviviera al terremoto de 1944 y que all\u00ed funcionara, durante un tiempo despu\u00e9s del sismo, la Gobernaci\u00f3n de la provincia de San Juan y otras dependencias.<\/p>\n<p>En 1947, se expropiaron los terrenos privados ubicados sobre calle Laprida que limitaban la escuela y as\u00ed, la escuela, pudo ocupar toda la manzana.<\/p>\n<p>El terremoto de 1977 confirm\u00f3 la resistencia del edificio. Fueron pocos los d\u00edas sin clases y muy leves las grietas que aparecieron. Especialistas internacionales confirmaron que la construcci\u00f3n no hab\u00eda colapsado.<\/p>\n<p>En Junio de 1988, el por entonces intendente de la Ciudad de San Juan Guillermo Barrena Guzm\u00e1n declar\u00f3 al edificio Patrimonio Hist\u00f3rico Arquitect\u00f3nico de Inter\u00e9s Municipal.<\/p>\n<p>En 1999, por Ley 25.186, el edificio fue declarado Monumento Hist\u00f3rico Nacional. Entre los fundamentos de esta declaraci\u00f3n se encuentra su car\u00e1cter de testimonio de la arquitectura escolar de principios de siglo.<\/p>\n<p><iframe loading=\"lazy\" title=\"ENSS PATRIMONIO HISTORICO NACIONAL\" width=\"800\" height=\"450\" src=\"https:\/\/www.youtube.com\/embed\/Lx4gkMM88cA?feature=oembed\" frameborder=\"0\" allow=\"accelerometer; autoplay; clipboard-write; encrypted-media; gyroscope; picture-in-picture\" allowfullscreen><\/iframe><\/p>\n<p><img loading=\"lazy\" decoding=\"async\" class=\"alignnone wp-image-23978 size-full\" src=\"https:\/\/vocesparalelas.com.ar\/sitio\/wp-content\/uploads\/2019\/10\/ENSS-16.jpg\" alt=\"\" width=\"800\" height=\"533\" srcset=\"https:\/\/vocesparalelas.com.ar\/sitio\/wp-content\/uploads\/2019\/10\/ENSS-16.jpg 800w, https:\/\/vocesparalelas.com.ar\/sitio\/wp-content\/uploads\/2019\/10\/ENSS-16-300x200.jpg 300w, https:\/\/vocesparalelas.com.ar\/sitio\/wp-content\/uploads\/2019\/10\/ENSS-16-768x512.jpg 768w\" sizes=\"auto, (max-width: 800px) 100vw, 800px\" \/><\/p>\n<p><img loading=\"lazy\" decoding=\"async\" class=\"alignnone wp-image-23976 size-large\" src=\"https:\/\/vocesparalelas.com.ar\/sitio\/wp-content\/uploads\/2019\/10\/ENSS-14-800x533.jpg\" alt=\"\" width=\"800\" height=\"533\" srcset=\"https:\/\/vocesparalelas.com.ar\/sitio\/wp-content\/uploads\/2019\/10\/ENSS-14.jpg 800w, https:\/\/vocesparalelas.com.ar\/sitio\/wp-content\/uploads\/2019\/10\/ENSS-14-300x200.jpg 300w, https:\/\/vocesparalelas.com.ar\/sitio\/wp-content\/uploads\/2019\/10\/ENSS-14-768x512.jpg 768w\" sizes=\"auto, (max-width: 800px) 100vw, 800px\" \/> <img loading=\"lazy\" decoding=\"async\" class=\"alignnone wp-image-23975 size-large\" src=\"https:\/\/vocesparalelas.com.ar\/sitio\/wp-content\/uploads\/2019\/10\/ENSS-12-800x533.jpg\" alt=\"\" width=\"800\" height=\"533\" srcset=\"https:\/\/vocesparalelas.com.ar\/sitio\/wp-content\/uploads\/2019\/10\/ENSS-12.jpg 800w, https:\/\/vocesparalelas.com.ar\/sitio\/wp-content\/uploads\/2019\/10\/ENSS-12-300x200.jpg 300w, https:\/\/vocesparalelas.com.ar\/sitio\/wp-content\/uploads\/2019\/10\/ENSS-12-768x512.jpg 768w\" sizes=\"auto, (max-width: 800px) 100vw, 800px\" \/><\/p>\n<p><img loading=\"lazy\" decoding=\"async\" class=\"alignnone wp-image-23974 size-full\" src=\"https:\/\/vocesparalelas.com.ar\/sitio\/wp-content\/uploads\/2019\/10\/ENSS-11.jpg\" alt=\"\" width=\"800\" height=\"533\" srcset=\"https:\/\/vocesparalelas.com.ar\/sitio\/wp-content\/uploads\/2019\/10\/ENSS-11.jpg 800w, https:\/\/vocesparalelas.com.ar\/sitio\/wp-content\/uploads\/2019\/10\/ENSS-11-300x200.jpg 300w, https:\/\/vocesparalelas.com.ar\/sitio\/wp-content\/uploads\/2019\/10\/ENSS-11-768x512.jpg 768w\" sizes=\"auto, (max-width: 800px) 100vw, 800px\" \/><\/p>\n<p><img loading=\"lazy\" decoding=\"async\" class=\"alignnone wp-image-23977 size-full\" src=\"https:\/\/vocesparalelas.com.ar\/sitio\/wp-content\/uploads\/2019\/10\/ENSS-15.jpg\" alt=\"\" width=\"800\" height=\"533\" srcset=\"https:\/\/vocesparalelas.com.ar\/sitio\/wp-content\/uploads\/2019\/10\/ENSS-15.jpg 800w, https:\/\/vocesparalelas.com.ar\/sitio\/wp-content\/uploads\/2019\/10\/ENSS-15-300x200.jpg 300w, https:\/\/vocesparalelas.com.ar\/sitio\/wp-content\/uploads\/2019\/10\/ENSS-15-768x512.jpg 768w\" sizes=\"auto, (max-width: 800px) 100vw, 800px\" \/><\/p>\n<p>&nbsp;<\/p>\n","protected":false},"excerpt":{"rendered":"<p>La Escuela Normal Superior Sarmiento, se localiza, a seis cuadras al Noroeste de la Plaza 25 de Mayo en las<\/p>\n","protected":false},"author":3,"featured_media":31778,"comment_status":"closed","ping_status":"closed","sticky":false,"template":"","format":"video","meta":{"_acf_changed":false,"_seopress_robots_primary_cat":"","_seopress_titles_title":"","_seopress_titles_desc":"","_seopress_robots_index":"","colormag_page_container_layout":"default_layout","colormag_page_sidebar_layout":"default_layout","footnotes":""},"categories":[1,7],"tags":[],"class_list":["post-31777","post","type-post","status-publish","format-video","has-post-thumbnail","hentry","category-destacadas","category-videos","post_format-post-format-video"],"acf":[],"_links":{"self":[{"href":"https:\/\/vocesparalelas.com.ar\/sitio\/wp-json\/wp\/v2\/posts\/31777","targetHints":{"allow":["GET"]}}],"collection":[{"href":"https:\/\/vocesparalelas.com.ar\/sitio\/wp-json\/wp\/v2\/posts"}],"about":[{"href":"https:\/\/vocesparalelas.com.ar\/sitio\/wp-json\/wp\/v2\/types\/post"}],"author":[{"embeddable":true,"href":"https:\/\/vocesparalelas.com.ar\/sitio\/wp-json\/wp\/v2\/users\/3"}],"replies":[{"embeddable":true,"href":"https:\/\/vocesparalelas.com.ar\/sitio\/wp-json\/wp\/v2\/comments?post=31777"}],"version-history":[{"count":1,"href":"https:\/\/vocesparalelas.com.ar\/sitio\/wp-json\/wp\/v2\/posts\/31777\/revisions"}],"predecessor-version":[{"id":31780,"href":"https:\/\/vocesparalelas.com.ar\/sitio\/wp-json\/wp\/v2\/posts\/31777\/revisions\/31780"}],"wp:featuredmedia":[{"embeddable":true,"href":"https:\/\/vocesparalelas.com.ar\/sitio\/wp-json\/wp\/v2\/media\/31778"}],"wp:attachment":[{"href":"https:\/\/vocesparalelas.com.ar\/sitio\/wp-json\/wp\/v2\/media?parent=31777"}],"wp:term":[{"taxonomy":"category","embeddable":true,"href":"https:\/\/vocesparalelas.com.ar\/sitio\/wp-json\/wp\/v2\/categories?post=31777"},{"taxonomy":"post_tag","embeddable":true,"href":"https:\/\/vocesparalelas.com.ar\/sitio\/wp-json\/wp\/v2\/tags?post=31777"}],"curies":[{"name":"wp","href":"https:\/\/api.w.org\/{rel}","templated":true}]}}