{"id":31773,"date":"2020-10-10T22:52:28","date_gmt":"2020-10-11T01:52:28","guid":{"rendered":"http:\/\/vocesparalelas.com.ar\/sitio\/?p=31773"},"modified":"2020-10-10T22:52:28","modified_gmt":"2020-10-11T01:52:28","slug":"se-aclaro-el-porcentaje-de-camas-disponibles-en-san-juan-con-nacion","status":"publish","type":"post","link":"https:\/\/vocesparalelas.com.ar\/sitio\/se-aclaro-el-porcentaje-de-camas-disponibles-en-san-juan-con-nacion\/","title":{"rendered":"Se aclar\u00f3 el porcentaje de camas disponibles en San Juan con Naci\u00f3n"},"content":{"rendered":"<p>La ministro de Salud P\u00fablica del Gobierno de San Juan, Dra. Alejandra Venerando mantuvo una reuni\u00f3n v\u00eda zoom con la Subsecretar\u00eda de Calidad, Regulaci\u00f3n y Fiscalizaci\u00f3n de la Naci\u00f3n, Dra. Judit D\u00edaz Baz\u00e1n y con la Directora Nacional de Epidemiolog\u00eda e Informaci\u00f3n Estrat\u00e9gica de la Naci\u00f3n, Dra. Anal\u00eda Rearte.<\/p>\n<p>El encuentro virtual tuvo como eje las \u00faltimas disposiciones del Ministerio de Salud P\u00fablica de la Naci\u00f3n y la diferencia en el porcentaje de ocupaci\u00f3n de camas que dio a conocer el Gobierno Nacional.<\/p>\n<p>Por ello, la ministro de Salud P\u00fablica del Gobierno de San Juan, Dra. Alejandra Venerando explic\u00f3 que \u201cse aclar\u00f3 el tema de la diferencia en el porcentaje de la cantidad de camas disponibles en la provincia. Ellos no ten\u00edan la discriminaci\u00f3n de camas por \u00e1rea cr\u00edtica de COVID-19 y \u00e1rea moderada, con las que tambi\u00e9n cuenta San Juan\u201d.<\/p>\n<p>\u201cHemos acordado con Naci\u00f3n continuar extremando las medidas de protecci\u00f3n para disminuir la cantidad de casos. San Juan No vuelve a fase 1, se trata de un proceso preventivo, en el que debe involucrarse toda la sociedad&#8217;.<\/p>\n<p>\u201cReiter\u00f3 la necesidad de continuar con los cuidados y resguardos necesarios, con un constante monitoreo de la evoluci\u00f3n epidemiol\u00f3gica para garantizar un control efectivo de la situaci\u00f3n como hasta el momento se viene haciendo\u201d \u2013 concluy\u00f3 la funcionaria.<\/p>\n<p>Los porcentajes de ocupaci\u00f3n de camas al 9 de Octubre en San Juan, en \u00e1rea p\u00fablica, son los siguientes:<\/p>\n<ul>\n<li>\u00c1rea cr\u00edtica: 38%<\/li>\n<li>\u00c1rea moderadas 47%<\/li>\n<\/ul>\n<p>Las autoridades provinciales reciben la pr\u00f3xima semana a funcionarios de Salud de la Naci\u00f3n.<\/p>\n<p>En la reuni\u00f3n, que se llev\u00f3 a cabo en el mediod\u00eda del S\u00e1bado, 10 de Octubre, participaron tambi\u00e9n la secretaria de Planificaci\u00f3n del Ministerio de Salud P\u00fablica, Dra. Alina Almaz\u00e1n; el subsecretario de Medicina Preventiva, Dra. Mat\u00edas Espejo y la jefa de Epidemiolog\u00eda, Dra. M\u00f3nica Jofr\u00e9.<\/p>\n<p><img loading=\"lazy\" decoding=\"async\" class=\"alignnone wp-image-31775 size-full\" src=\"https:\/\/vocesparalelas.com.ar\/sitio\/wp-content\/uploads\/2020\/10\/SALUD-VIA-02.jpg\" alt=\"\" width=\"800\" height=\"449\" srcset=\"https:\/\/vocesparalelas.com.ar\/sitio\/wp-content\/uploads\/2020\/10\/SALUD-VIA-02.jpg 800w, https:\/\/vocesparalelas.com.ar\/sitio\/wp-content\/uploads\/2020\/10\/SALUD-VIA-02-300x168.jpg 300w, https:\/\/vocesparalelas.com.ar\/sitio\/wp-content\/uploads\/2020\/10\/SALUD-VIA-02-768x431.jpg 768w\" sizes=\"auto, (max-width: 800px) 100vw, 800px\" \/><\/p>\n","protected":false},"excerpt":{"rendered":"<p>La ministro de Salud P\u00fablica del Gobierno de San Juan, Dra. Alejandra Venerando mantuvo una reuni\u00f3n v\u00eda zoom con la<\/p>\n","protected":false},"author":3,"featured_media":31774,"comment_status":"closed","ping_status":"closed","sticky":false,"template":"","format":"standard","meta":{"_acf_changed":false,"_seopress_robots_primary_cat":"","_seopress_titles_title":"","_seopress_titles_desc":"","_seopress_robots_index":"","colormag_page_container_layout":"default_layout","colormag_page_sidebar_layout":"default_layout","footnotes":""},"categories":[1],"tags":[],"class_list":["post-31773","post","type-post","status-publish","format-standard","has-post-thumbnail","hentry","category-destacadas"],"acf":[],"_links":{"self":[{"href":"https:\/\/vocesparalelas.com.ar\/sitio\/wp-json\/wp\/v2\/posts\/31773","targetHints":{"allow":["GET"]}}],"collection":[{"href":"https:\/\/vocesparalelas.com.ar\/sitio\/wp-json\/wp\/v2\/posts"}],"about":[{"href":"https:\/\/vocesparalelas.com.ar\/sitio\/wp-json\/wp\/v2\/types\/post"}],"author":[{"embeddable":true,"href":"https:\/\/vocesparalelas.com.ar\/sitio\/wp-json\/wp\/v2\/users\/3"}],"replies":[{"embeddable":true,"href":"https:\/\/vocesparalelas.com.ar\/sitio\/wp-json\/wp\/v2\/comments?post=31773"}],"version-history":[{"count":1,"href":"https:\/\/vocesparalelas.com.ar\/sitio\/wp-json\/wp\/v2\/posts\/31773\/revisions"}],"predecessor-version":[{"id":31776,"href":"https:\/\/vocesparalelas.com.ar\/sitio\/wp-json\/wp\/v2\/posts\/31773\/revisions\/31776"}],"wp:featuredmedia":[{"embeddable":true,"href":"https:\/\/vocesparalelas.com.ar\/sitio\/wp-json\/wp\/v2\/media\/31774"}],"wp:attachment":[{"href":"https:\/\/vocesparalelas.com.ar\/sitio\/wp-json\/wp\/v2\/media?parent=31773"}],"wp:term":[{"taxonomy":"category","embeddable":true,"href":"https:\/\/vocesparalelas.com.ar\/sitio\/wp-json\/wp\/v2\/categories?post=31773"},{"taxonomy":"post_tag","embeddable":true,"href":"https:\/\/vocesparalelas.com.ar\/sitio\/wp-json\/wp\/v2\/tags?post=31773"}],"curies":[{"name":"wp","href":"https:\/\/api.w.org\/{rel}","templated":true}]}}